{"id":12116,"date":"2018-03-13T21:53:21","date_gmt":"2018-03-14T00:53:21","guid":{"rendered":"http:\/\/laurbedigital.com.ar\/noticias\/?p=12116"},"modified":"2018-03-13T21:53:21","modified_gmt":"2018-03-14T00:53:21","slug":"cottolengo-don-orione-invita-momento-oracion-la-cuaresma","status":"publish","type":"post","link":"https:\/\/laurbedigital.com.ar\/noticias\/2018\/03\/13\/cottolengo-don-orione-invita-momento-oracion-la-cuaresma\/","title":{"rendered":"Cottolengo Don Orione invita a su momento de oraci\u00f3n en la cuaresma"},"content":{"rendered":"<p><span style=\"font-weight: 400;\">El lugar conocido por su trabajo solidario y devoto invit\u00f3, como todos los a\u00f1os a compartir las pascuas, como espacio de oraci\u00f3n y de reconciliaci\u00f3n con la religi\u00f3n y la f\u00e9. <\/span><\/p>\n<p><span style=\"font-weight: 400;\">\u201cComo FAMILIA ORIONITA, te esperamos este 15 de Marzo en el Santuario del Cottolengo, para vivir un momento de Oraci\u00f3n y reconciliaci\u00f3n en este tiempo de Cuaresma, con la intenci\u00f3n de \u00ab&#8230;.volver al Se\u00f1or con todo el Coraz\u00f3n y con toda la Vida\u00bb, destacan desde el Cottolengo parafraseando al Papa Francisco. \u00a0<\/span><\/p>\n<p><span style=\"font-weight: 400;\">El espacio tendr\u00e1 lugar por la ma\u00f1ana de 10.00 a 11.00 y por la tarde 17.00 a 18.00, coordinado por el Equipo de Pastoral.<\/span><\/p>\n","protected":false},"excerpt":{"rendered":"<p>El lugar conocido por su trabajo solidario y devoto invit\u00f3, como todos los a\u00f1os a compartir las pascuas, como espacio<\/p>\n","protected":false},"author":1,"featured_media":12117,"comment_status":"closed","ping_status":"closed","sticky":false,"template":"","format":"standard","meta":{"kia_subtitle":"","footnotes":"","jetpack_publicize_message":"","jetpack_publicize_feature_enabled":true,"jetpack_social_post_already_shared":true,"jetpack_social_options":{"image_generator_settings":{"template":"highway","default_image_id":0,"font":"","enabled":false},"version":2}},"categories":[2,45],"tags":[101],"class_list":["post-12116","post","type-post","status-publish","format-standard","has-post-thumbnail","hentry","category-alte-brown","category-claypole","tag-claypole"],"jetpack_publicize_connections":[],"jetpack_featured_media_url":"https:\/\/laurbedigital.com.ar\/noticias\/wp-content\/uploads\/2018\/03\/20180313-00brown2.jpg","_links":{"self":[{"href":"https:\/\/laurbedigital.com.ar\/noticias\/wp-json\/wp\/v2\/posts\/12116","targetHints":{"allow":["GET"]}}],"collection":[{"href":"https:\/\/laurbedigital.com.ar\/noticias\/wp-json\/wp\/v2\/posts"}],"about":[{"href":"https:\/\/laurbedigital.com.ar\/noticias\/wp-json\/wp\/v2\/types\/post"}],"author":[{"embeddable":true,"href":"https:\/\/laurbedigital.com.ar\/noticias\/wp-json\/wp\/v2\/users\/1"}],"replies":[{"embeddable":true,"href":"https:\/\/laurbedigital.com.ar\/noticias\/wp-json\/wp\/v2\/comments?post=12116"}],"version-history":[{"count":1,"href":"https:\/\/laurbedigital.com.ar\/noticias\/wp-json\/wp\/v2\/posts\/12116\/revisions"}],"predecessor-version":[{"id":12118,"href":"https:\/\/laurbedigital.com.ar\/noticias\/wp-json\/wp\/v2\/posts\/12116\/revisions\/12118"}],"wp:featuredmedia":[{"embeddable":true,"href":"https:\/\/laurbedigital.com.ar\/noticias\/wp-json\/wp\/v2\/media\/12117"}],"wp:attachment":[{"href":"https:\/\/laurbedigital.com.ar\/noticias\/wp-json\/wp\/v2\/media?parent=12116"}],"wp:term":[{"taxonomy":"category","embeddable":true,"href":"https:\/\/laurbedigital.com.ar\/noticias\/wp-json\/wp\/v2\/categories?post=12116"},{"taxonomy":"post_tag","embeddable":true,"href":"https:\/\/laurbedigital.com.ar\/noticias\/wp-json\/wp\/v2\/tags?post=12116"}],"curies":[{"name":"wp","href":"https:\/\/api.w.org\/{rel}","templated":true}]}}