{"id":121157,"date":"2025-11-02T03:20:59","date_gmt":"2025-11-02T06:20:59","guid":{"rendered":"https:\/\/laurbedigital.com.ar\/noticias\/?p=121157"},"modified":"2025-11-02T03:20:59","modified_gmt":"2025-11-02T06:20:59","slug":"dia-mundial-del-ballet","status":"publish","type":"post","link":"https:\/\/laurbedigital.com.ar\/noticias\/2025\/11\/02\/dia-mundial-del-ballet\/","title":{"rendered":"D\u00eda Mundial del Ballet: celebraci\u00f3n de un arte milenario que sigue evolucionando"},"content":{"rendered":"<p>Cada 2 de noviembre, el mundo celebra el D\u00eda Mundial del Ballet, una jornada especial dedicada a homenajear una de las formas de expresi\u00f3n art\u00edstica m\u00e1s refinadas y antiguas de la humanidad. Desde sus or\u00edgenes en las cortes europeas del Renacimiento hasta su expansi\u00f3n global, el ballet ha sido y sigue siendo un s\u00edmbolo de disciplina, belleza y dedicaci\u00f3n. En esta fecha, escuelas, compa\u00f1\u00edas y bailarines de todo el mundo se unen para promover y preservar la danza cl\u00e1sica, recordando su relevancia cultural e impacto social.<\/p>\n<h4><strong>Un origen noble y un legado global<\/strong><\/h4>\n<p>El ballet surgi\u00f3 en Italia y Francia durante el siglo XV, como una actividad aristocr\u00e1tica en las cortes. Con el paso del tiempo, este arte se profesionaliz\u00f3 y expandi\u00f3, siendo acogido en los teatros y desarrollado por core\u00f3grafos y bailarines dedicados a perfeccionar su t\u00e9cnica y est\u00e9tica. En el siglo XIX, el ballet rom\u00e1ntico elev\u00f3 esta disciplina a su m\u00e1xima expresi\u00f3n, ganando popularidad en Rusia, pa\u00eds que consolid\u00f3 el ballet cl\u00e1sico en obras ic\u00f3nicas como <em>El lago de los cisnes<\/em> y <em>La bella durmiente<\/em>, creadas por Piotr Ilich Chaikovski y coreografiadas por Marius Petipa.<\/p>\n<p>Hoy en d\u00eda, el ballet ha evolucionado, integrando nuevas t\u00e9cnicas y estilos que se adaptan a los tiempos modernos sin perder su esencia. Las principales compa\u00f1\u00edas del mundo, desde el Ballet Bolsh\u00f3i en Rusia hasta el New York City Ballet en Estados Unidos, trabajan para conservar la tradici\u00f3n del ballet, al tiempo que exploran nuevos horizontes con coreograf\u00edas contempor\u00e1neas que abordan temas actuales y rompen con las estructuras cl\u00e1sicas.<\/p>\n<h4><strong>El ballet en la cultura popular y su influencia en la sociedad<\/strong><\/h4>\n<p>A lo largo de los a\u00f1os, el ballet ha logrado influir en la cultura popular, siendo representado en el cine, la literatura y la moda. Pel\u00edculas como <em>El cisne negro<\/em> y <em>Billy Elliot<\/em> han llevado este arte a una audiencia masiva, mostrando el rigor y sacrificio que implica, pero tambi\u00e9n la pasi\u00f3n y entrega de quienes lo practican. Adem\u00e1s, la creciente popularidad del ballet entre los j\u00f3venes ha impulsado un mayor inter\u00e9s por este arte, promoviendo valores como la disciplina, la constancia y el respeto al cuerpo.<\/p>\n<p>M\u00e1s all\u00e1 del escenario, el ballet tiene un impacto en el bienestar personal y la salud f\u00edsica. En muchos pa\u00edses, se han desarrollado programas educativos y sociales que integran el ballet como una herramienta de inclusi\u00f3n y desarrollo personal, ofreciendo oportunidades a ni\u00f1os y j\u00f3venes de bajos recursos. Esta danza cl\u00e1sica se convierte, as\u00ed, en un veh\u00edculo de transformaci\u00f3n social.<\/p>\n<h4><strong>Un arte que desaf\u00eda los l\u00edmites del tiempo<\/strong><\/h4>\n<p>El D\u00eda Mundial del Ballet no solo honra a los grandes bailarines y core\u00f3grafos, sino tambi\u00e9n a todos aquellos que hacen posible que este arte siga vivo: instructores, estudiantes, m\u00fasicos y, por supuesto, el p\u00fablico que llena las salas de teatro en cada funci\u00f3n. A pesar de los cambios de \u00e9poca y de las nuevas tendencias, el ballet sigue cautivando y emocionando, porque su esencia es universal y atemporal.<\/p>\n<p>Este 2 de noviembre, la celebraci\u00f3n invita a recordar y respetar la historia del ballet, pero tambi\u00e9n a mirar hacia el futuro, apoyando las nuevas generaciones de bailarines que contin\u00faan escribiendo esta historia. Un arte que perdura en el tiempo y sigue siendo tan relevante como hace siglos.<\/p>\n","protected":false},"excerpt":{"rendered":"<p>Cada 2 de noviembre, el mundo celebra el D\u00eda Mundial del Ballet, una jornada especial dedicada a homenajear una de<\/p>\n","protected":false},"author":1,"featured_media":110272,"comment_status":"closed","ping_status":"closed","sticky":false,"template":"","format":"standard","meta":{"kia_subtitle":"Un tributo a la danza cl\u00e1sica en su m\u00e1xima expresi\u00f3n y su impacto en la cultura y la sociedad.","footnotes":"","jetpack_publicize_message":"","jetpack_publicize_feature_enabled":true,"jetpack_social_post_already_shared":true,"jetpack_social_options":{"image_generator_settings":{"template":"highway","default_image_id":0,"font":"","enabled":false},"version":2}},"categories":[5,2594],"tags":[],"class_list":["post-121157","post","type-post","status-publish","format-standard","has-post-thumbnail","hentry","category-cultura","category-efemerides"],"jetpack_publicize_connections":[],"jetpack_featured_media_url":"https:\/\/laurbedigital.com.ar\/noticias\/wp-content\/uploads\/2024\/11\/20241102-Ballet.jpg","_links":{"self":[{"href":"https:\/\/laurbedigital.com.ar\/noticias\/wp-json\/wp\/v2\/posts\/121157","targetHints":{"allow":["GET"]}}],"collection":[{"href":"https:\/\/laurbedigital.com.ar\/noticias\/wp-json\/wp\/v2\/posts"}],"about":[{"href":"https:\/\/laurbedigital.com.ar\/noticias\/wp-json\/wp\/v2\/types\/post"}],"author":[{"embeddable":true,"href":"https:\/\/laurbedigital.com.ar\/noticias\/wp-json\/wp\/v2\/users\/1"}],"replies":[{"embeddable":true,"href":"https:\/\/laurbedigital.com.ar\/noticias\/wp-json\/wp\/v2\/comments?post=121157"}],"version-history":[{"count":2,"href":"https:\/\/laurbedigital.com.ar\/noticias\/wp-json\/wp\/v2\/posts\/121157\/revisions"}],"predecessor-version":[{"id":121159,"href":"https:\/\/laurbedigital.com.ar\/noticias\/wp-json\/wp\/v2\/posts\/121157\/revisions\/121159"}],"wp:featuredmedia":[{"embeddable":true,"href":"https:\/\/laurbedigital.com.ar\/noticias\/wp-json\/wp\/v2\/media\/110272"}],"wp:attachment":[{"href":"https:\/\/laurbedigital.com.ar\/noticias\/wp-json\/wp\/v2\/media?parent=121157"}],"wp:term":[{"taxonomy":"category","embeddable":true,"href":"https:\/\/laurbedigital.com.ar\/noticias\/wp-json\/wp\/v2\/categories?post=121157"},{"taxonomy":"post_tag","embeddable":true,"href":"https:\/\/laurbedigital.com.ar\/noticias\/wp-json\/wp\/v2\/tags?post=121157"}],"curies":[{"name":"wp","href":"https:\/\/api.w.org\/{rel}","templated":true}]}}