{"id":121147,"date":"2025-11-01T13:27:46","date_gmt":"2025-11-01T16:27:46","guid":{"rendered":"https:\/\/laurbedigital.com.ar\/noticias\/?p=121147"},"modified":"2025-11-01T13:27:46","modified_gmt":"2025-11-01T16:27:46","slug":"realizaran-una-jornada-de-concientizacion-sobre-el-cancer-de-mama-en-alte-brown","status":"publish","type":"post","link":"https:\/\/laurbedigital.com.ar\/noticias\/2025\/11\/01\/realizaran-una-jornada-de-concientizacion-sobre-el-cancer-de-mama-en-alte-brown\/","title":{"rendered":"Realizar\u00e1n una jornada de concientizaci\u00f3n sobre el c\u00e1ncer de mama en Alte brown"},"content":{"rendered":"<div dir=\"ltr\">La actividad comenzar\u00e1 a las 9:30 horas en el espacio ubicado en Erezcano N\u00b0 1830, justo en el l\u00edmite entre Burzaco, Rafel Calzada y Adrogu\u00e9.<\/div>\n<p>Durante la jornada, profesionales de la salud ofrecer\u00e1n charlas informativas sobre prevenci\u00f3n, detecci\u00f3n temprana y tratamiento del c\u00e1ncer de mama. Adem\u00e1s, las vecinas podr\u00e1n realizar consultas m\u00e9dicas, participar de talleres, clases de yoga y disfrutar de caminatas por los senderos del parque.<\/p>\n<h5><strong><em>\u00abInvitamos a nuestras vecinas a sumarse a esta actividad libre y gratuita, pensada para concientizar sobre la importancia de la prevenci\u00f3n del c\u00e1ncer de mama y fortalecer el acompa\u00f1amiento de quienes atraviesan esta enfermedad\u00bb, destac\u00f3 el intendente Mariano Cascallares.<\/em><\/strong><\/h5>\n<p>En la Argentina, el c\u00e1ncer de mama es el tipo de tumor m\u00e1s frecuente entre las mujeres. Afecta principalmente a mayores de 50 a\u00f1os y a quienes tienen antecedentes familiares. Con esta actividad, nuestro Municipio promueve la detecci\u00f3n temprana y el acompa\u00f1amiento integral, reafirmando su compromiso con la salud p\u00fablica y el bienestar de la comunidad.<\/p>\n<p>Esta iniciativa cuenta con la colaboraci\u00f3n de la secretar\u00eda de Salud del Municipio, el Ministerio de Salud de la Provincia de Buenos Aires y los hospitales Lucio Mel\u00e9ndez y Arturo O\u00f1ativia.<\/p>\n","protected":false},"excerpt":{"rendered":"<p>La actividad comenzar\u00e1 a las 9:30 horas en el espacio ubicado en Erezcano N\u00b0 1830, justo en el l\u00edmite entre<\/p>\n","protected":false},"author":1,"featured_media":121148,"comment_status":"closed","ping_status":"closed","sticky":false,"template":"","format":"standard","meta":{"kia_subtitle":"El Municipio de Almirante Brown inform\u00f3 que llevar\u00e1 adelante una jornada de prevenci\u00f3n y concientizaci\u00f3n sobre el c\u00e1ncer de mama, que se realizar\u00e1 este s\u00e1bado 1\u00b0 de noviembre en el Parque Saludable Dr. Ram\u00f3n Carillo.","footnotes":"","jetpack_publicize_message":"","jetpack_publicize_feature_enabled":true,"jetpack_social_post_already_shared":true,"jetpack_social_options":{"image_generator_settings":{"template":"highway","default_image_id":0,"font":"","enabled":false},"version":2}},"categories":[2,33,43],"tags":[],"class_list":["post-121147","post","type-post","status-publish","format-standard","has-post-thumbnail","hentry","category-alte-brown","category-alte-brown-alte-brown","category-burzaco"],"jetpack_publicize_connections":[],"jetpack_featured_media_url":"https:\/\/laurbedigital.com.ar\/noticias\/wp-content\/uploads\/2025\/11\/20251101-Bron-jornada-cancer-de-mama.jpg","_links":{"self":[{"href":"https:\/\/laurbedigital.com.ar\/noticias\/wp-json\/wp\/v2\/posts\/121147","targetHints":{"allow":["GET"]}}],"collection":[{"href":"https:\/\/laurbedigital.com.ar\/noticias\/wp-json\/wp\/v2\/posts"}],"about":[{"href":"https:\/\/laurbedigital.com.ar\/noticias\/wp-json\/wp\/v2\/types\/post"}],"author":[{"embeddable":true,"href":"https:\/\/laurbedigital.com.ar\/noticias\/wp-json\/wp\/v2\/users\/1"}],"replies":[{"embeddable":true,"href":"https:\/\/laurbedigital.com.ar\/noticias\/wp-json\/wp\/v2\/comments?post=121147"}],"version-history":[{"count":1,"href":"https:\/\/laurbedigital.com.ar\/noticias\/wp-json\/wp\/v2\/posts\/121147\/revisions"}],"predecessor-version":[{"id":121149,"href":"https:\/\/laurbedigital.com.ar\/noticias\/wp-json\/wp\/v2\/posts\/121147\/revisions\/121149"}],"wp:featuredmedia":[{"embeddable":true,"href":"https:\/\/laurbedigital.com.ar\/noticias\/wp-json\/wp\/v2\/media\/121148"}],"wp:attachment":[{"href":"https:\/\/laurbedigital.com.ar\/noticias\/wp-json\/wp\/v2\/media?parent=121147"}],"wp:term":[{"taxonomy":"category","embeddable":true,"href":"https:\/\/laurbedigital.com.ar\/noticias\/wp-json\/wp\/v2\/categories?post=121147"},{"taxonomy":"post_tag","embeddable":true,"href":"https:\/\/laurbedigital.com.ar\/noticias\/wp-json\/wp\/v2\/tags?post=121147"}],"curies":[{"name":"wp","href":"https:\/\/api.w.org\/{rel}","templated":true}]}}