{"id":121141,"date":"2025-11-01T03:29:25","date_gmt":"2025-11-01T06:29:25","guid":{"rendered":"https:\/\/laurbedigital.com.ar\/noticias\/?p=121141"},"modified":"2025-11-01T03:29:25","modified_gmt":"2025-11-01T06:29:25","slug":"impuesto-a-combustibles-nuevo-cronograma-de-subas-impactara-en-el-precio-de-las-naftas","status":"publish","type":"post","link":"https:\/\/laurbedigital.com.ar\/noticias\/2025\/11\/01\/impuesto-a-combustibles-nuevo-cronograma-de-subas-impactara-en-el-precio-de-las-naftas\/","title":{"rendered":"Impuesto a combustibles: nuevo cronograma de subas impactar\u00e1 en el precio de las naftas"},"content":{"rendered":"<p>El Poder Ejecutivo nacional, a trav\u00e9s del <b>Decreto 782\/2025<\/b> publicado en el Bolet\u00edn Oficial, dispuso un nuevo cronograma de actualizaci\u00f3n para los impuestos a los combustibles l\u00edquidos (ICL) y al di\u00f3xido de carbono (IDC), difiriendo una parte de los incrementos que deb\u00edan regir desde el 1 de noviembre de 2025, lo cual impactar\u00e1 inmediatamente en el costo que pagan los consumidores en los surtidores por las <b>naftas<\/b> y el gasoil. La decisi\u00f3n busca un equilibrio entre el sendero fiscal y el est\u00edmulo econ\u00f3mico, modificando la normativa previa y escalonando la aplicaci\u00f3n de los ajustes por inflaci\u00f3n en dos tramos a lo largo de noviembre y diciembre.<\/p>\n<h4>El nuevo esquema de actualizaci\u00f3n de impuestos a los combustibles<\/h4>\n<p>El Gobierno de <b>Javier Milei<\/b> decidi\u00f3 aplicar un ajuste parcial a los montos de los Impuestos Internos sobre los combustibles, manteniendo la base de c\u00e1lculo en la variaci\u00f3n del <b>\u00cdndice de Precios al Consumidor (IPC)<\/b> que mide el INDEC, tal como lo establece la Ley 23.966. Sin embargo, el Decreto 782\/2025 modific\u00f3 el cronograma fijado anteriormente por el Decreto 617\/2025, buscando suavizar el impacto en los precios y, consecuentemente, en la actividad econ\u00f3mica.<\/p>\n<p>La norma oficializada lleva la firma del presidente Milei, el jefe de Gabinete, <b>Guillermo Francos<\/b>, y el ministro de Econom\u00eda, <b>Luis Caputo<\/b>, y argumenta que la medida se toma para \u00abcontinuar estimulando el crecimiento de la econom\u00eda a trav\u00e9s de un sendero fiscal sostenible\u00bb. En la pr\u00e1ctica, esto significa que el ajuste por la inflaci\u00f3n acumulada se aplicar\u00e1 de forma escalonada en lugar de una sola vez.<\/p>\n<h4>La mec\u00e1nica del ajuste escalonado<\/h4>\n<p>La nueva disposici\u00f3n establece que los aumentos pendientes de aplicaci\u00f3n se aplicar\u00e1n en dos fases diferenciadas que tendr\u00e1n lugar antes de fin de a\u00f1o.<\/p>\n<h5>Primera etapa: Subas en noviembre<\/h5>\n<p>La primera etapa de la actualizaci\u00f3n comenz\u00f3 a regir desde el <b>1 al 30 de noviembre de 2025<\/b>. Esta fase implica subas espec\u00edficas en los componentes impositivos, que las empresas petroleras trasladan al precio final de sus productos.<\/p>\n<ul>\n<li><b>Naftas (sin plomo, con m\u00e1s de 92 RON y virgen):<\/b>\n<ul>\n<li>El Impuesto a los Combustibles L\u00edquidos (ICL) se incrementa en <b>$15,557<\/b> por unidad de medida.<\/li>\n<li>El Impuesto al Di\u00f3xido de Carbono (IDC) sube en <b>$0,953<\/b> por unidad de medida.<\/li>\n<\/ul>\n<\/li>\n<li><b>Gasoil y di\u00e9sel oil:<\/b>\n<ul>\n<li>El ICL aumenta en <b>$12,639<\/b> por unidad de medida.<\/li>\n<li>Se aplica un monto diferencial de <b>$6,844<\/b> para las zonas geogr\u00e1ficas incluidas en el beneficio patag\u00f3nico.<\/li>\n<li>El IDC se incrementa en <b>$1,441<\/b> por unidad de medida.<\/li>\n<\/ul>\n<\/li>\n<\/ul>\n<p>Estos valores representan la porci\u00f3n del ajuste por la variaci\u00f3n del IPC que se aplica en esta primera instancia.<\/p>\n<h5>Segunda etapa: El ajuste final en diciembre<\/h5>\n<p>La normativa indica que la parte restante de los incrementos diferidos se aplicar\u00e1 a partir del <b>1 de diciembre de 2025<\/b>. Este segundo tramo completar\u00e1 la totalidad de la actualizaci\u00f3n correspondiente al per\u00edodo de inflaci\u00f3n que se estaba regularizando, impactando nuevamente en los precios de venta al p\u00fablico en el \u00faltimo mes del a\u00f1o. La Ley 23.966 prev\u00e9 que la Agencia de Recaudaci\u00f3n y Control Aduanero (ARCA) ser\u00e1 la entidad responsable de calcular y publicar los montos fijos actualizados cada trimestre (enero, abril, julio y octubre de cada a\u00f1o).<\/p>\n<h4>Impacto en el consumidor y la econom\u00eda<\/h4>\n<p>La actualizaci\u00f3n del <b>impuesto a los combustibles<\/b> es uno de los factores que, sumado al tipo de cambio y al precio internacional del barril de petr\u00f3leo, influye directamente en el precio final de las <b>naftas<\/b> y el gasoil en el surtidor. Para el consumidor, la aplicaci\u00f3n del decreto se traduce en un incremento inminente en el costo de llenar el tanque.<\/p>\n<p>La decisi\u00f3n de aplicar el incremento de forma escalonada es un intento de mitigar el shock inflacionario que podr\u00eda generar una suba completa de una sola vez, buscando contener el impacto en la cadena de costos de la econom\u00eda. El combustible es un insumo esencial para el transporte de mercader\u00edas, por lo que su precio tiene una incidencia directa en la estructura de costos de pr\u00e1cticamente todos los bienes y servicios.<\/p>\n<p>El objetivo de un \u00absendero fiscal sostenible\u00bb apunta a la necesidad del Gobierno de recomponer la recaudaci\u00f3n a trav\u00e9s de estos impuestos, que hab\u00edan sido congelados o diferidos en el pasado, contribuyendo a la meta de equilibrio fiscal.<\/p>\n","protected":false},"excerpt":{"rendered":"<p>El Poder Ejecutivo nacional, a trav\u00e9s del Decreto 782\/2025 publicado en el Bolet\u00edn Oficial, dispuso un nuevo cronograma de actualizaci\u00f3n<\/p>\n","protected":false},"author":1,"featured_media":121124,"comment_status":"closed","ping_status":"closed","sticky":false,"template":"","format":"standard","meta":{"kia_subtitle":"El gobierno modific\u00f3 por decreto el esquema de aumentos al impuesto a los combustibles, que se ajustar\u00e1 por inflaci\u00f3n en dos etapas. La medida, que rige desde noviembre, tendr\u00e1 efecto directo en el precio final de las naftas y el gasoil.","footnotes":"","jetpack_publicize_message":"","jetpack_publicize_feature_enabled":true,"jetpack_social_post_already_shared":true,"jetpack_social_options":{"image_generator_settings":{"template":"highway","default_image_id":0,"font":"","enabled":false},"version":2}},"categories":[3,41],"tags":[],"class_list":["post-121141","post","type-post","status-publish","format-standard","has-post-thumbnail","hentry","category-actualidad","category-nacionales"],"jetpack_publicize_connections":[],"jetpack_featured_media_url":"https:\/\/laurbedigital.com.ar\/noticias\/wp-content\/uploads\/2025\/11\/20251101-Estacion-de-servicio-combustible-nafta.jpg","_links":{"self":[{"href":"https:\/\/laurbedigital.com.ar\/noticias\/wp-json\/wp\/v2\/posts\/121141","targetHints":{"allow":["GET"]}}],"collection":[{"href":"https:\/\/laurbedigital.com.ar\/noticias\/wp-json\/wp\/v2\/posts"}],"about":[{"href":"https:\/\/laurbedigital.com.ar\/noticias\/wp-json\/wp\/v2\/types\/post"}],"author":[{"embeddable":true,"href":"https:\/\/laurbedigital.com.ar\/noticias\/wp-json\/wp\/v2\/users\/1"}],"replies":[{"embeddable":true,"href":"https:\/\/laurbedigital.com.ar\/noticias\/wp-json\/wp\/v2\/comments?post=121141"}],"version-history":[{"count":1,"href":"https:\/\/laurbedigital.com.ar\/noticias\/wp-json\/wp\/v2\/posts\/121141\/revisions"}],"predecessor-version":[{"id":121142,"href":"https:\/\/laurbedigital.com.ar\/noticias\/wp-json\/wp\/v2\/posts\/121141\/revisions\/121142"}],"wp:featuredmedia":[{"embeddable":true,"href":"https:\/\/laurbedigital.com.ar\/noticias\/wp-json\/wp\/v2\/media\/121124"}],"wp:attachment":[{"href":"https:\/\/laurbedigital.com.ar\/noticias\/wp-json\/wp\/v2\/media?parent=121141"}],"wp:term":[{"taxonomy":"category","embeddable":true,"href":"https:\/\/laurbedigital.com.ar\/noticias\/wp-json\/wp\/v2\/categories?post=121141"},{"taxonomy":"post_tag","embeddable":true,"href":"https:\/\/laurbedigital.com.ar\/noticias\/wp-json\/wp\/v2\/tags?post=121141"}],"curies":[{"name":"wp","href":"https:\/\/api.w.org\/{rel}","templated":true}]}}