{"id":121139,"date":"2025-11-01T03:26:47","date_gmt":"2025-11-01T06:26:47","guid":{"rendered":"https:\/\/laurbedigital.com.ar\/noticias\/?p=121139"},"modified":"2025-11-01T03:26:47","modified_gmt":"2025-11-01T06:26:47","slug":"suba-de-tarifas-gas-y-luz-se-incrementan-un-38-promedio-desde-noviembre","status":"publish","type":"post","link":"https:\/\/laurbedigital.com.ar\/noticias\/2025\/11\/01\/suba-de-tarifas-gas-y-luz-se-incrementan-un-38-promedio-desde-noviembre\/","title":{"rendered":"Suba de tarifas: gas y luz se incrementan un 3,8% promedio desde noviembre"},"content":{"rendered":"<p>Las facturas de <b>gas y luz<\/b> reflejar\u00e1n un nuevo ajuste a partir de noviembre de 2025, luego de que el Ente Nacional Regulador del Gas (<b>Enargas<\/b>) publicara las resoluciones que oficializan una suba promedio del <b>3,8%<\/b> en las tarifas residenciales a nivel nacional. La medida, que forma parte de la <b>revisi\u00f3n tarifaria quinquenal<\/b>, busca mantener el \u00absendero de actualizaci\u00f3n de los precios y tarifas del sector energ\u00e9tico\u00bb, seg\u00fan se indic\u00f3 en el Bolet\u00edn Oficial, y ser\u00e1 seguida por un incremento comparable en el servicio de energ\u00eda el\u00e9ctrica.<\/p>\n<h4>La actualizaci\u00f3n de las tarifas de gas natural<\/h4>\n<p>El incremento en el servicio de <b>gas natural<\/b> residencial se formaliz\u00f3 mediante la publicaci\u00f3n de <b>20 resoluciones<\/b> del Enargas, una para cada empresa prestataria del servicio de transporte y distribuci\u00f3n. Esta decisi\u00f3n se enmarca en la reanudaci\u00f3n de las <b>Revisiones Tarifarias Quinquenales (RTQ)<\/b>, un mecanismo previsto legalmente que busca establecer un sendero de precios que garantice la sostenibilidad del sistema y compromisos de inversi\u00f3n por parte de las empresas.<\/p>\n<h4>Marco legal y justificaci\u00f3n del aumento<\/h4>\n<p>El <b>ministro de Econom\u00eda<\/b> ha ratificado la necesidad de fijar las tarifas conforme a los resultados de las RTQ llevadas adelante por el Enargas, luego de un per\u00edodo de <b>emergencia energ\u00e9tica<\/b> que hab\u00eda suspendido o demorado estas actualizaciones.<\/p>\n<blockquote><p>\u00abResulta razonable y prudente continuar para el mes de noviembre de 2025 con el sendero de actualizaci\u00f3n de los precios y tarifas del sector energ\u00e9tico,\u00bb se justifica en una de las resoluciones oficiales, se\u00f1alando la intenci\u00f3n del Gobierno de <b>Javier Milei<\/b> de avanzar hacia la normalizaci\u00f3n del sector.<\/p><\/blockquote>\n<p>La implementaci\u00f3n de este <b>plan quinquenal<\/b> no solo implica el ajuste peri\u00f3dico de las tarifas, sino que tambi\u00e9n exige a las empresas concesionarias un <b>compromiso de inversi\u00f3n<\/b> en infraestructura, lo cual es fundamental para mejorar la calidad y la seguridad del suministro a largo plazo.<\/p>\n<h4>El impacto inmediato en los usuarios<\/h4>\n<p>Aunque el incremento promedio es del <b>3,8%<\/b>, el porcentaje de la suba puede variar ligeramente seg\u00fan la distribuidora y la categor\u00eda de consumo del usuario. No obstante, la Secretar\u00eda de Energ\u00eda ha confirmado que estos nuevos cuadros tarifarios ser\u00e1n aplicados a las facturas que los usuarios reciban durante el mes de <b>noviembre de 2025<\/b>.<\/p>\n<h4>Pr\u00f3ximos pasos en la electricidad<\/h4>\n<p>De manera similar a lo ocurrido con el gas, fuentes oficiales han adelantado que el sector de la <b>energ\u00eda el\u00e9ctrica<\/b> tambi\u00e9n experimentar\u00e1 un ajuste. Se prev\u00e9 que los nuevos cuadros tarifarios para la luz sean publicados a principios de semana, con <b>incrementos promedio similares<\/b> al 3,8% aplicado al gas.<\/p>\n<p>En la <b>Ciudad de Buenos Aires<\/b>, por ejemplo, se ha anticipado que las facturas residenciales de electricidad podr\u00edan reflejar una suba espec\u00edfica del <b>1,6%<\/b>.<\/p>\n<p>Estas adecuaciones forman parte de la pol\u00edtica de \u00abnormalizaci\u00f3n del mercado el\u00e9ctrico mayorista\u00bb, la cual est\u00e1 alineada con los objetivos de la <b>Ley Bases<\/b> y los principios de competencia establecidos en la Ley 24.065. El prop\u00f3sito es avanzar hacia la correcci\u00f3n de los precios relativos, eliminando progresivamente los subsidios que distorsionaban el valor real de la energ\u00eda.<\/p>\n<h4>Contexto macroecon\u00f3mico: el reacomodamiento de precios<\/h4>\n<p>La suba en las tarifas de <b>gas y luz<\/b> se inscribe en un contexto de fuerte reacomodamiento de precios relativos que ha caracterizado al inicio de la gesti\u00f3n de Milei. El Gobierno est\u00e1 impulsando la reducci\u00f3n de los subsidios a la energ\u00eda con el fin de alcanzar el equilibrio fiscal.<\/p>\n<p>Un estudio del <b>Instituto Argentino de An\u00e1lisis Fiscal (IARAF)<\/b> pone de manifiesto esta din\u00e1mica al comparar la evoluci\u00f3n de diferentes rubros de la canasta. Tomando como base noviembre de 2023, el informe revela que:<\/p>\n<ul>\n<li>El rubro <b>vivienda, agua, electricidad y combustibles<\/b> ha sido uno de los que m\u00e1s creci\u00f3, con un incremento del <b>53,2%<\/b>.<\/li>\n<li>Otros rubros, como el de ropa y calzado, han experimentado un comportamiento contractivo o m\u00e1s rezagado.<\/li>\n<\/ul>\n<p>Este desfasaje muestra c\u00f3mo el Gobierno est\u00e1 concentrando sus esfuerzos en la correcci\u00f3n de los precios energ\u00e9ticos, un factor clave en la inflaci\u00f3n general, a pesar de que la tasa de inflaci\u00f3n general muestre algunas se\u00f1ales de desaceleraci\u00f3n. La continuidad de estos ajustes tarifarios es un indicativo de que el proceso de sinceramiento de los precios de la energ\u00eda sigue en curso.<\/p>\n","protected":false},"excerpt":{"rendered":"<p>Las facturas de gas y luz reflejar\u00e1n un nuevo ajuste a partir de noviembre de 2025, luego de que el<\/p>\n","protected":false},"author":1,"featured_media":104176,"comment_status":"closed","ping_status":"closed","sticky":false,"template":"","format":"standard","meta":{"kia_subtitle":"El Enargas formaliz\u00f3 un aumento promedio del 3,8% en las tarifas de gas natural residencial a nivel nacional, y se espera un incremento similar para la electricidad esta semana, como parte de la revisi\u00f3n quinquenal tarifaria.","footnotes":"","jetpack_publicize_message":"","jetpack_publicize_feature_enabled":true,"jetpack_social_post_already_shared":true,"jetpack_social_options":{"image_generator_settings":{"template":"highway","default_image_id":0,"font":"","enabled":false},"version":2}},"categories":[3,41],"tags":[],"class_list":["post-121139","post","type-post","status-publish","format-standard","has-post-thumbnail","hentry","category-actualidad","category-nacionales"],"jetpack_publicize_connections":[],"jetpack_featured_media_url":"https:\/\/laurbedigital.com.ar\/noticias\/wp-content\/uploads\/2024\/04\/20240419-Tarifas.jpg","_links":{"self":[{"href":"https:\/\/laurbedigital.com.ar\/noticias\/wp-json\/wp\/v2\/posts\/121139","targetHints":{"allow":["GET"]}}],"collection":[{"href":"https:\/\/laurbedigital.com.ar\/noticias\/wp-json\/wp\/v2\/posts"}],"about":[{"href":"https:\/\/laurbedigital.com.ar\/noticias\/wp-json\/wp\/v2\/types\/post"}],"author":[{"embeddable":true,"href":"https:\/\/laurbedigital.com.ar\/noticias\/wp-json\/wp\/v2\/users\/1"}],"replies":[{"embeddable":true,"href":"https:\/\/laurbedigital.com.ar\/noticias\/wp-json\/wp\/v2\/comments?post=121139"}],"version-history":[{"count":1,"href":"https:\/\/laurbedigital.com.ar\/noticias\/wp-json\/wp\/v2\/posts\/121139\/revisions"}],"predecessor-version":[{"id":121140,"href":"https:\/\/laurbedigital.com.ar\/noticias\/wp-json\/wp\/v2\/posts\/121139\/revisions\/121140"}],"wp:featuredmedia":[{"embeddable":true,"href":"https:\/\/laurbedigital.com.ar\/noticias\/wp-json\/wp\/v2\/media\/104176"}],"wp:attachment":[{"href":"https:\/\/laurbedigital.com.ar\/noticias\/wp-json\/wp\/v2\/media?parent=121139"}],"wp:term":[{"taxonomy":"category","embeddable":true,"href":"https:\/\/laurbedigital.com.ar\/noticias\/wp-json\/wp\/v2\/categories?post=121139"},{"taxonomy":"post_tag","embeddable":true,"href":"https:\/\/laurbedigital.com.ar\/noticias\/wp-json\/wp\/v2\/tags?post=121139"}],"curies":[{"name":"wp","href":"https:\/\/api.w.org\/{rel}","templated":true}]}}