{"id":121094,"date":"2025-10-31T02:57:02","date_gmt":"2025-10-31T05:57:02","guid":{"rendered":"https:\/\/laurbedigital.com.ar\/noticias\/?p=121094"},"modified":"2025-10-31T02:57:02","modified_gmt":"2025-10-31T05:57:02","slug":"la-provincia-incorpora-un-total-de-2-010-profesionales-sanitarios","status":"publish","type":"post","link":"https:\/\/laurbedigital.com.ar\/noticias\/2025\/10\/31\/la-provincia-incorpora-un-total-de-2-010-profesionales-sanitarios\/","title":{"rendered":"La Provincia incorpora un total de 2.010 profesionales sanitarios"},"content":{"rendered":"<p>Finaliz\u00f3 ayer la readjudicaci\u00f3n de cargos 2025 y el n\u00famero de ingresantes creci\u00f3 un 8% con respecto al a\u00f1o pasado, cuando se incorporaron 1.861 j\u00f3venes. Desde el 1\u00b0 de noviembre, los nuevos residentes se incorporan a los hospitales bonaerenses.<\/p>\n<p>El Ministerio de Salud de la provincia de Buenos Aires incorporar\u00e1 este a\u00f1o un total de 2.010 j\u00f3venes profesionales a su sistema de residencias. La segunda readjudicaci\u00f3n se realiz\u00f3 ayer en la Escuela de Gobierno en Salud \u201cFloreal Ferrara\u201d, y los nuevos residentes se sumar\u00e1n al sistema hospitalario provincial a partir del 1\u00b0 de noviembre, para continuar su formaci\u00f3n en servicio.<\/p>\n<p>De esta forma, la Provincia suma 149 residentes m\u00e1s que en 2024 y la cobertura total de los cupos disponibles pas\u00f3 del 80,2\u00a0al 87% en 2025. En el caso de las especialidades estrat\u00e9gicas, el aumento fue a\u00fan m\u00e1s significativo: la cobertura pas\u00f3 del 64,8\u00a0al 82,4%, lo que representa un incremento de 17,6 puntos porcentuales con respecto al a\u00f1o pasado.<\/p>\n<p>Entre las especialidades con mayores avances se destacan:<\/p>\n<ul>\n<li>Cl\u00ednica m\u00e9dica, con un 90% de los cupos cubiertos (168 ingresos).<\/li>\n<li>Pediatr\u00eda, tambi\u00e9n con un 90% (192 nuevos ingresos).<\/li>\n<li>Psiquiatr\u00eda de adultos y psiquiatr\u00eda infanto-juvenil, que alcanzaron el 100% de cobertura en disciplinas de alta demanda en el sistema p\u00fablico y privado.<\/li>\n<li>Medicina general, que pas\u00f3 del 50% de ocupaci\u00f3n en 2024 al 70% este a\u00f1o, con 97 ingresos.<\/li>\n<\/ul>\n<p>Adem\u00e1s, hay m\u00e1s de 50 especialidades que \u00a0alcanzaron el 100% de cobertura, dentro de las que se encuentran cirug\u00eda general, psicolog\u00eda cl\u00ednica, tocoginecolog\u00eda y terapia ocupacional.<\/p>\n<p>Las residencias constituyen un sistema de formaci\u00f3n de posgrado intensivo y en servicio, dentro de los hospitales p\u00fablicos bonaerenses. Combinan estudio y trabajo, y abarcan las distintas disciplinas y especialidades que integran el equipo de salud en todos los niveles de atenci\u00f3n.<\/p>\n<p>Para fortalecer el ingreso y la permanencia, la Provincia implement\u00f3 diversas estrategias como el programa de Pre Residencias y otras pol\u00edticas p\u00fablicas que responden a demandas hist\u00f3ricas del sector, como la reducci\u00f3n de la jornada laboral y del tiempo de guardia, la mejora de las condiciones de trabajo y la eliminaci\u00f3n del aporte obligatorio a la Caja de M\u00e9dicos, entre otras medidas.<\/p>\n","protected":false},"excerpt":{"rendered":"<p>Finaliz\u00f3 ayer la readjudicaci\u00f3n de cargos 2025 y el n\u00famero de ingresantes creci\u00f3 un 8% con respecto al a\u00f1o pasado,<\/p>\n","protected":false},"author":1,"featured_media":121095,"comment_status":"closed","ping_status":"closed","sticky":false,"template":"","format":"standard","meta":{"kia_subtitle":"Finaliz\u00f3 la readjudicaci\u00f3n de cargos 2025 y el n\u00famero de ingresantes creci\u00f3 un 8% con respecto al a\u00f1o pasado, cuando se incorporaron 1861 j\u00f3venes. El 1 de noviembre ya ocupar\u00e1n las vacantes.","footnotes":"","jetpack_publicize_message":"","jetpack_publicize_feature_enabled":true,"jetpack_social_post_already_shared":true,"jetpack_social_options":{"image_generator_settings":{"template":"highway","default_image_id":0,"font":"","enabled":false},"version":2}},"categories":[3,56],"tags":[],"class_list":["post-121094","post","type-post","status-publish","format-standard","has-post-thumbnail","hentry","category-actualidad","category-buenos-aires"],"jetpack_publicize_connections":[],"jetpack_featured_media_url":"https:\/\/laurbedigital.com.ar\/noticias\/wp-content\/uploads\/2025\/10\/20251031-Profesionales-de-la-Salud.jpg","_links":{"self":[{"href":"https:\/\/laurbedigital.com.ar\/noticias\/wp-json\/wp\/v2\/posts\/121094","targetHints":{"allow":["GET"]}}],"collection":[{"href":"https:\/\/laurbedigital.com.ar\/noticias\/wp-json\/wp\/v2\/posts"}],"about":[{"href":"https:\/\/laurbedigital.com.ar\/noticias\/wp-json\/wp\/v2\/types\/post"}],"author":[{"embeddable":true,"href":"https:\/\/laurbedigital.com.ar\/noticias\/wp-json\/wp\/v2\/users\/1"}],"replies":[{"embeddable":true,"href":"https:\/\/laurbedigital.com.ar\/noticias\/wp-json\/wp\/v2\/comments?post=121094"}],"version-history":[{"count":1,"href":"https:\/\/laurbedigital.com.ar\/noticias\/wp-json\/wp\/v2\/posts\/121094\/revisions"}],"predecessor-version":[{"id":121096,"href":"https:\/\/laurbedigital.com.ar\/noticias\/wp-json\/wp\/v2\/posts\/121094\/revisions\/121096"}],"wp:featuredmedia":[{"embeddable":true,"href":"https:\/\/laurbedigital.com.ar\/noticias\/wp-json\/wp\/v2\/media\/121095"}],"wp:attachment":[{"href":"https:\/\/laurbedigital.com.ar\/noticias\/wp-json\/wp\/v2\/media?parent=121094"}],"wp:term":[{"taxonomy":"category","embeddable":true,"href":"https:\/\/laurbedigital.com.ar\/noticias\/wp-json\/wp\/v2\/categories?post=121094"},{"taxonomy":"post_tag","embeddable":true,"href":"https:\/\/laurbedigital.com.ar\/noticias\/wp-json\/wp\/v2\/tags?post=121094"}],"curies":[{"name":"wp","href":"https:\/\/api.w.org\/{rel}","templated":true}]}}