{"id":121091,"date":"2025-10-31T02:55:07","date_gmt":"2025-10-31T05:55:07","guid":{"rendered":"https:\/\/laurbedigital.com.ar\/noticias\/?p=121091"},"modified":"2025-10-31T02:55:07","modified_gmt":"2025-10-31T05:55:07","slug":"dia-mundial-de-las-ciudades","status":"publish","type":"post","link":"https:\/\/laurbedigital.com.ar\/noticias\/2025\/10\/31\/dia-mundial-de-las-ciudades\/","title":{"rendered":"Celebrando el D\u00eda Mundial de las Ciudades: un llamado a la sostenibilidad y la inclusi\u00f3n"},"content":{"rendered":"<div class=\"flex max-w-full flex-col flex-grow\">\n<div class=\"min-h-8 text-message flex w-full flex-col items-end gap-2 whitespace-normal break-words [.text-message+&amp;]:mt-5\" dir=\"auto\" data-message-author-role=\"assistant\" data-message-id=\"5ca1299e-67d5-492c-9bc1-f002911bf59d\" data-message-model-slug=\"gpt-4o-mini\">\n<div class=\"flex w-full flex-col gap-1 empty:hidden first:pt-[3px]\">\n<div class=\"markdown prose w-full break-words dark:prose-invert light\">\n<p>El 31 de octubre se conmemora el D\u00eda Mundial de las Ciudades, una celebraci\u00f3n que busca promover la conciencia sobre el impacto que tienen las ciudades en la vida de sus habitantes. Este a\u00f1o, la celebraci\u00f3n se centra en el tema de la sostenibilidad y la inclusi\u00f3n, resaltando la necesidad de desarrollar entornos urbanos que respondan a las demandas del presente sin comprometer las necesidades de las futuras generaciones.<\/p>\n<p>Desde su establecimiento por las Naciones Unidas en 2013, el D\u00eda Mundial de las Ciudades ha cobrado relevancia en un mundo cada vez m\u00e1s urbanizado. Seg\u00fan el \u00faltimo informe de la ONU, m\u00e1s del 55% de la poblaci\u00f3n mundial vive en \u00e1reas urbanas, y se estima que esta cifra podr\u00eda alcanzar el 68% para 2050. Este crecimiento desmedido presenta tanto oportunidades como desaf\u00edos en t\u00e9rminos de sostenibilidad, infraestructura y calidad de vida.<\/p>\n<p>En este contexto, la planificaci\u00f3n urbana se convierte en un eje fundamental para enfrentar problemas como la contaminaci\u00f3n, la falta de espacios verdes y la creciente desigualdad social. Las ciudades son centros de innovaci\u00f3n y cultura, pero tambi\u00e9n son escenarios donde se evidencian las disparidades en el acceso a servicios b\u00e1sicos como la salud, la educaci\u00f3n y el transporte.<\/p>\n<p>Este a\u00f1o, el lema del D\u00eda Mundial de las Ciudades hace hincapi\u00e9 en la participaci\u00f3n ciudadana como un pilar esencial para la creaci\u00f3n de ciudades m\u00e1s inclusivas y resilientes. Se invita a los habitantes a involucrarse en la toma de decisiones, promoviendo el di\u00e1logo entre autoridades y comunidad para dise\u00f1ar espacios que reflejen las necesidades y aspiraciones de todos los sectores.<\/p>\n<p>Las iniciativas de urbanismo t\u00e1ctico, que buscan implementar mejoras r\u00e1pidas y econ\u00f3micas en los espacios p\u00fablicos, han ganado popularidad en varias ciudades del mundo. Estas medidas incluyen desde la creaci\u00f3n de espacios verdes temporales hasta la mejora de la infraestructura ciclista, fomentando un ambiente m\u00e1s amigable para todos.<\/p>\n<p>La celebraci\u00f3n de este d\u00eda tambi\u00e9n invita a reflexionar sobre el papel que juegan las ciudades en la lucha contra el cambio clim\u00e1tico. La implementaci\u00f3n de pr\u00e1cticas sostenibles en el urbanismo, como la gesti\u00f3n eficiente del agua y el uso de energ\u00edas renovables, se torna cada vez m\u00e1s urgente para mitigar los efectos del calentamiento global.<\/p>\n<p>Al conmemorar el D\u00eda Mundial de las Ciudades, es crucial que tanto los ciudadanos como los l\u00edderes municipales reconozcan su responsabilidad en la creaci\u00f3n de entornos urbanos sostenibles e inclusivos. En un mundo donde la urbanizaci\u00f3n contin\u00faa en aumento, la colaboraci\u00f3n y la participaci\u00f3n activa son esenciales para construir ciudades que no solo sean habitables, sino que tambi\u00e9n prosperen en armon\u00eda con el medio ambiente y sus habitantes.<\/p>\n<\/div>\n<\/div>\n<\/div>\n<\/div>\n","protected":false},"excerpt":{"rendered":"<p>El 31 de octubre se conmemora el D\u00eda Mundial de las Ciudades, una celebraci\u00f3n que busca promover la conciencia sobre<\/p>\n","protected":false},"author":1,"featured_media":110215,"comment_status":"closed","ping_status":"closed","sticky":false,"template":"","format":"standard","meta":{"kia_subtitle":"Cada 31 de octubre, el D\u00eda Mundial de las Ciudades destaca la importancia de la planificaci\u00f3n urbana sostenible y la participaci\u00f3n ciudadana en la construcci\u00f3n de espacios m\u00e1s habitables.","footnotes":"","jetpack_publicize_message":"","jetpack_publicize_feature_enabled":true,"jetpack_social_post_already_shared":true,"jetpack_social_options":{"image_generator_settings":{"template":"highway","default_image_id":0,"font":"","enabled":false},"version":2}},"categories":[5,2594],"tags":[],"class_list":["post-121091","post","type-post","status-publish","format-standard","has-post-thumbnail","hentry","category-cultura","category-efemerides"],"jetpack_publicize_connections":[],"jetpack_featured_media_url":"https:\/\/laurbedigital.com.ar\/noticias\/wp-content\/uploads\/2024\/10\/202410231-Buenos-Aires.jpg","_links":{"self":[{"href":"https:\/\/laurbedigital.com.ar\/noticias\/wp-json\/wp\/v2\/posts\/121091","targetHints":{"allow":["GET"]}}],"collection":[{"href":"https:\/\/laurbedigital.com.ar\/noticias\/wp-json\/wp\/v2\/posts"}],"about":[{"href":"https:\/\/laurbedigital.com.ar\/noticias\/wp-json\/wp\/v2\/types\/post"}],"author":[{"embeddable":true,"href":"https:\/\/laurbedigital.com.ar\/noticias\/wp-json\/wp\/v2\/users\/1"}],"replies":[{"embeddable":true,"href":"https:\/\/laurbedigital.com.ar\/noticias\/wp-json\/wp\/v2\/comments?post=121091"}],"version-history":[{"count":2,"href":"https:\/\/laurbedigital.com.ar\/noticias\/wp-json\/wp\/v2\/posts\/121091\/revisions"}],"predecessor-version":[{"id":121093,"href":"https:\/\/laurbedigital.com.ar\/noticias\/wp-json\/wp\/v2\/posts\/121091\/revisions\/121093"}],"wp:featuredmedia":[{"embeddable":true,"href":"https:\/\/laurbedigital.com.ar\/noticias\/wp-json\/wp\/v2\/media\/110215"}],"wp:attachment":[{"href":"https:\/\/laurbedigital.com.ar\/noticias\/wp-json\/wp\/v2\/media?parent=121091"}],"wp:term":[{"taxonomy":"category","embeddable":true,"href":"https:\/\/laurbedigital.com.ar\/noticias\/wp-json\/wp\/v2\/categories?post=121091"},{"taxonomy":"post_tag","embeddable":true,"href":"https:\/\/laurbedigital.com.ar\/noticias\/wp-json\/wp\/v2\/tags?post=121091"}],"curies":[{"name":"wp","href":"https:\/\/api.w.org\/{rel}","templated":true}]}}