{"id":121087,"date":"2025-10-30T18:47:34","date_gmt":"2025-10-30T21:47:34","guid":{"rendered":"https:\/\/laurbedigital.com.ar\/noticias\/?p=121087"},"modified":"2025-10-30T18:47:34","modified_gmt":"2025-10-30T21:47:34","slug":"almirante-brown-es-sede-del-xxiii-congreso-nacional-de-medicina-familiar","status":"publish","type":"post","link":"https:\/\/laurbedigital.com.ar\/noticias\/2025\/10\/30\/almirante-brown-es-sede-del-xxiii-congreso-nacional-de-medicina-familiar\/","title":{"rendered":"Almirante Brown es sede del XXIII Congreso Nacional de Medicina Familiar"},"content":{"rendered":"<p>La apertura oficial cont\u00f3 con la presencia del ministro de Salud de la Provincia de Buenos Aires, Nicol\u00e1s Kreplak, y del intendente de Almirante Brown, Mariano Cascallares, quienes destacaron la importancia de fortalecer la atenci\u00f3n primaria y el rol de la medicina familiar en el sistema sanitario tanto nacional como provincial y local.<\/p>\n<h5><strong><em>\u201cEstamos muy orgullosos de que Almirante Brown sea sede de este congreso tan relevante, que pone en valor la mirada integral de la salud y el trabajo cotidiano de los equipos en los barrios y centros de atenci\u00f3n. Desde nuestro Municipio seguimos acompa\u00f1ando los profesionales que d\u00eda a d\u00eda construyen una salud p\u00fablica m\u00e1s humana y cercana\u201d, expres\u00f3 Cascallares.<\/em><\/strong><\/h5>\n<p>El Congreso es organizado por la Federaci\u00f3n Argentina de Medicina Familiar y General (FAMFyG) y se desarrolla del 29 al 31 de octubre en la Casa Municipal de la Cultura de Adrogu\u00e9, bajo el lema \u201cPromoviendo el cuidado de la salud en tiempos de sobreinformaci\u00f3n\u201d.<\/p>\n<p>Del acto de apertura participaron tambi\u00e9n la presidenta del Congreso y de la Asociaci\u00f3n Metropolitana de Medicina Familiar, Gabriela Di Groce, y la presidenta de la FAMFyG, Karin Kopitowski, junto a profesionales de todo el pa\u00eds y de Am\u00e9rica Latina.<\/p>\n<p><img loading=\"lazy\" decoding=\"async\" class=\"alignnone size-full wp-image-121089\" src=\"https:\/\/laurbedigital.com.ar\/noticias\/wp-content\/uploads\/2025\/10\/20251030-Brown-Cascallares-Congreso-de-Medicina-Familiar-y-General-1.jpg\" alt=\"\" width=\"768\" height=\"428\" title=\"\" srcset=\"https:\/\/laurbedigital.com.ar\/noticias\/wp-content\/uploads\/2025\/10\/20251030-Brown-Cascallares-Congreso-de-Medicina-Familiar-y-General-1.jpg 768w, https:\/\/laurbedigital.com.ar\/noticias\/wp-content\/uploads\/2025\/10\/20251030-Brown-Cascallares-Congreso-de-Medicina-Familiar-y-General-1-300x167.jpg 300w\" sizes=\"auto, (max-width: 768px) 100vw, 768px\" \/><\/p>\n<p>Durante las tres jornadas -hasta el viernes 31 de octubre- se abordan tem\u00e1ticas vinculadas a la salud planetaria, la medicina integrativa y espiritualidad, el cuidado del equipo de salud, la producci\u00f3n cient\u00edfica y el pensamiento cr\u00edtico. Adem\u00e1s, se analiza el impacto de la sobreinformaci\u00f3n y la inteligencia artificial en la pr\u00e1ctica m\u00e9dica, as\u00ed como la gesti\u00f3n y la inserci\u00f3n de la medicina familiar y comunitaria en los sistemas de salud.<\/p>\n<p>Cabe destacar que el Honorable Concejo Deliberante de Almirante Brown declar\u00f3 de Inter\u00e9s Municipal y Sanitario el Congreso mediante la Ordenanza N\u00b0 13.752, en reconocimiento al valor acad\u00e9mico y social del encuentro, que promueve el intercambio de experiencias y la actualizaci\u00f3n permanente de los equipos de salud.<\/p>\n<p>Tambi\u00e9n dijeron presente en el acto inaugural el presidente del HCD, Nicol\u00e1s Jawtuschenko, y el secretario de Salud, Walter G\u00f3mez, entre otras autoridades.<\/p>\n","protected":false},"excerpt":{"rendered":"<p>La apertura oficial cont\u00f3 con la presencia del ministro de Salud de la Provincia de Buenos Aires, Nicol\u00e1s Kreplak, y<\/p>\n","protected":false},"author":1,"featured_media":121088,"comment_status":"closed","ping_status":"closed","sticky":false,"template":"","format":"standard","meta":{"kia_subtitle":"Profesionales de la salud de todo el pa\u00eds dicen presente en el Municipio de Almirante Brown, que este a\u00f1o es sede del XXIII Congreso Nacional de Medicina Familiar y General, un encuentro que re\u00fane a especialistas y referentes de distintas provincias para reflexionar sobre los desaf\u00edos actuales de la atenci\u00f3n primaria y fortalecer las redes de salud.","footnotes":"","jetpack_publicize_message":"","jetpack_publicize_feature_enabled":true,"jetpack_social_post_already_shared":true,"jetpack_social_options":{"image_generator_settings":{"template":"highway","default_image_id":0,"font":"","enabled":false},"version":2}},"categories":[2,33],"tags":[],"class_list":["post-121087","post","type-post","status-publish","format-standard","has-post-thumbnail","hentry","category-alte-brown","category-alte-brown-alte-brown"],"jetpack_publicize_connections":[],"jetpack_featured_media_url":"https:\/\/laurbedigital.com.ar\/noticias\/wp-content\/uploads\/2025\/10\/20251030-Brown-Cascallares-Congreso-de-Medicina-Familiar-y-General.jpg","_links":{"self":[{"href":"https:\/\/laurbedigital.com.ar\/noticias\/wp-json\/wp\/v2\/posts\/121087","targetHints":{"allow":["GET"]}}],"collection":[{"href":"https:\/\/laurbedigital.com.ar\/noticias\/wp-json\/wp\/v2\/posts"}],"about":[{"href":"https:\/\/laurbedigital.com.ar\/noticias\/wp-json\/wp\/v2\/types\/post"}],"author":[{"embeddable":true,"href":"https:\/\/laurbedigital.com.ar\/noticias\/wp-json\/wp\/v2\/users\/1"}],"replies":[{"embeddable":true,"href":"https:\/\/laurbedigital.com.ar\/noticias\/wp-json\/wp\/v2\/comments?post=121087"}],"version-history":[{"count":1,"href":"https:\/\/laurbedigital.com.ar\/noticias\/wp-json\/wp\/v2\/posts\/121087\/revisions"}],"predecessor-version":[{"id":121090,"href":"https:\/\/laurbedigital.com.ar\/noticias\/wp-json\/wp\/v2\/posts\/121087\/revisions\/121090"}],"wp:featuredmedia":[{"embeddable":true,"href":"https:\/\/laurbedigital.com.ar\/noticias\/wp-json\/wp\/v2\/media\/121088"}],"wp:attachment":[{"href":"https:\/\/laurbedigital.com.ar\/noticias\/wp-json\/wp\/v2\/media?parent=121087"}],"wp:term":[{"taxonomy":"category","embeddable":true,"href":"https:\/\/laurbedigital.com.ar\/noticias\/wp-json\/wp\/v2\/categories?post=121087"},{"taxonomy":"post_tag","embeddable":true,"href":"https:\/\/laurbedigital.com.ar\/noticias\/wp-json\/wp\/v2\/tags?post=121087"}],"curies":[{"name":"wp","href":"https:\/\/api.w.org\/{rel}","templated":true}]}}