{"id":121079,"date":"2025-10-30T02:26:36","date_gmt":"2025-10-30T05:26:36","guid":{"rendered":"https:\/\/laurbedigital.com.ar\/noticias\/?p=121079"},"modified":"2025-10-30T02:27:40","modified_gmt":"2025-10-30T05:27:40","slug":"turismo-social-la-provincia-de-buenos-aires-relanza-un-programa-para-apuntalar-al-sector-en-crisis","status":"publish","type":"post","link":"https:\/\/laurbedigital.com.ar\/noticias\/2025\/10\/30\/turismo-social-la-provincia-de-buenos-aires-relanza-un-programa-para-apuntalar-al-sector-en-crisis\/","title":{"rendered":"Turismo social: la provincia de Buenos Aires relanza un programa para apuntalar al sector en crisis"},"content":{"rendered":"<p>En un contexto de marcada <b>crisis sectorial<\/b> y de cara al inicio de la temporada alta estival, el Gobierno de la provincia de Buenos Aires relanz\u00f3 oficialmente el <b>Programa de Turismo Social<\/b>. La medida, formalizada a trav\u00e9s de una resoluci\u00f3n del Ministerio de Producci\u00f3n publicada en el Bolet\u00edn Oficial, tiene como objetivo principal fortalecer el acceso al turismo y la recreaci\u00f3n de todos los segmentos de la sociedad, con especial \u00e9nfasis en la poblaci\u00f3n m\u00e1s vulnerable.<\/p>\n<p>El nuevo esquema busca <b>apuntalar al sector tur\u00edstico<\/b>, que seg\u00fan informes como el de la Confederaci\u00f3n Argentina de la Mediana Empresa (CAME), ha registrado una marcada <b>austeridad<\/b> en el comportamiento de los turistas debido a la ca\u00edda del poder de compra.<\/p>\n<p>La Subsecretar\u00eda de Turismo fue designada como la autoridad de aplicaci\u00f3n del programa, con amplias facultades para establecer convenios con entidades p\u00fablicas y privadas, y dictar las normas necesarias para coordinar \u201cacciones territoriales que aseguren el acceso al <b>turismo<\/b> en todas sus formas, por toda la ciudadan\u00eda, en condiciones adecuadas de econom\u00eda, accesibilidad, seguridad y calidad\u201d.<\/p>\n<h4>Un plan de acci\u00f3n descentralizado y de cercan\u00eda<\/h4>\n<p>El relanzamiento del <b>Programa de Turismo Social<\/b> introduce modificaciones estrat\u00e9gicas para optimizar su alcance y eficiencia, especialmente tras el Decreto N\u00b0 216\/2025 que limit\u00f3 la intervenci\u00f3n del Estado nacional en esta \u00e1rea.<\/p>\n<h4>Claves de la nueva estrategia bonaerense<\/h4>\n<ul>\n<li><b>Ampliaci\u00f3n del universo de beneficiarios:<\/b> Las acciones se dirigen a un abanico amplio y heterog\u00e9neo de la poblaci\u00f3n, incluyendo ni\u00f1as, ni\u00f1os y adolescentes, personas mayores, personas con discapacidad y diversos sectores en situaci\u00f3n de vulnerabilidad.<\/li>\n<li><b>Propuestas descentralizadas:<\/b> Se priorizar\u00e1 la incorporaci\u00f3n de actividades tur\u00edsticas cercanas a las localidades de residencia de los contingentes. El objetivo directo es reducir significativamente los <b>costos de transporte<\/b>, haciendo m\u00e1s viable la participaci\u00f3n de personas de bajos recursos.<\/li>\n<li><b>Fortalecimiento local:<\/b> El programa busca que los gobiernos locales asuman un rol m\u00e1s activo en la generaci\u00f3n de propuestas inclusivas y de proximidad.<\/li>\n<\/ul>\n<p>Entre las l\u00edneas de acci\u00f3n concretas mencionadas, se incluyen <b>visitas guiadas<\/b> a puntos de inter\u00e9s en La Plata, las sierras bonaerenses y la zona del Delta.<\/p>\n<h4>La meta de recuperar Chapadmalal<\/h4>\n<p>Una de las aristas m\u00e1s ambiciosas del programa es el foco puesto en la recuperaci\u00f3n de un \u00edcono del <b>turismo social<\/b> argentino: las <b>unidades tur\u00edsticas de Chapadmalal<\/b>.<\/p>\n<p>La Provincia ha solicitado formalmente a la Naci\u00f3n la transferencia de estas unidades que, seg\u00fan se constat\u00f3, se encuentran en estado de abandono desde diciembre de 2023. La reactivaci\u00f3n de este complejo es vista como fundamental para ampliar la capacidad de alojamiento accesible y revitalizar la hist\u00f3rica tradici\u00f3n del turismo social a gran escala.<\/p>\n<h5>El contexto de la crisis sectorial<\/h5>\n<p>La reactivaci\u00f3n de la ayuda estatal al turismo llega en un momento de gran preocupaci\u00f3n para los municipios costeros bonaerenses, cuya temporada alta est\u00e1 a punto de comenzar. La iniciativa busca generar un flujo de ingresos para el sector, en un momento donde el turista promedio se muestra \u00abm\u00e1s austero\u00bb y retrae el gasto.<\/p>\n<p>El <b>Turismo Social<\/b> de la Provincia ya hab\u00eda implementado estrategias similares este a\u00f1o, como el conocido programa de viajes de egresados gratuitos. A mediados de a\u00f1o, tambi\u00e9n se lanz\u00f3 \u00abConociendo El Mar\u00bb, una iniciativa que facilitaba a muchas personas que nunca hab\u00edan visitado la costa bonaerense el acceso a una excursi\u00f3n de un d\u00eda con atractivos culturales incluidos.<\/p>\n<p>En definitiva, el <b>relanzamiento del programa<\/b> busca ser una herramienta de doble impacto: por un lado, un paliativo econ\u00f3mico para un sector clave de la econom\u00eda provincial que atraviesa una severa contracci\u00f3n; y por el otro, el cumplimiento de un objetivo social que es garantizar el derecho al esparcimiento y el acceso al <b>turismo<\/b> para los sectores m\u00e1s vulnerables de la poblaci\u00f3n bonaerense.<\/p>\n","protected":false},"excerpt":{"rendered":"<p>En un contexto de marcada crisis sectorial y de cara al inicio de la temporada alta estival, el Gobierno de<\/p>\n","protected":false},"author":1,"featured_media":121080,"comment_status":"closed","ping_status":"closed","sticky":false,"template":"","format":"standard","meta":{"kia_subtitle":"En respuesta a la profunda crisis de la actividad y la cercan\u00eda de la temporada de verano, el Gobierno bonaerense relanz\u00f3 su Programa de Turismo Social. La iniciativa busca garantizar el acceso a actividades recreativas a sectores vulnerables, descentralizar las propuestas y recuperar emblemas hist\u00f3ricos como la Unidad Tur\u00edstica de Chapadmalal, actualmente abandonada.","footnotes":"","jetpack_publicize_message":"","jetpack_publicize_feature_enabled":true,"jetpack_social_post_already_shared":true,"jetpack_social_options":{"image_generator_settings":{"template":"highway","default_image_id":0,"font":"","enabled":false},"version":2}},"categories":[3,56],"tags":[],"class_list":["post-121079","post","type-post","status-publish","format-standard","has-post-thumbnail","hentry","category-actualidad","category-buenos-aires"],"jetpack_publicize_connections":[],"jetpack_featured_media_url":"https:\/\/laurbedigital.com.ar\/noticias\/wp-content\/uploads\/2025\/10\/20251030-Chapadmalal.jpg","_links":{"self":[{"href":"https:\/\/laurbedigital.com.ar\/noticias\/wp-json\/wp\/v2\/posts\/121079","targetHints":{"allow":["GET"]}}],"collection":[{"href":"https:\/\/laurbedigital.com.ar\/noticias\/wp-json\/wp\/v2\/posts"}],"about":[{"href":"https:\/\/laurbedigital.com.ar\/noticias\/wp-json\/wp\/v2\/types\/post"}],"author":[{"embeddable":true,"href":"https:\/\/laurbedigital.com.ar\/noticias\/wp-json\/wp\/v2\/users\/1"}],"replies":[{"embeddable":true,"href":"https:\/\/laurbedigital.com.ar\/noticias\/wp-json\/wp\/v2\/comments?post=121079"}],"version-history":[{"count":1,"href":"https:\/\/laurbedigital.com.ar\/noticias\/wp-json\/wp\/v2\/posts\/121079\/revisions"}],"predecessor-version":[{"id":121081,"href":"https:\/\/laurbedigital.com.ar\/noticias\/wp-json\/wp\/v2\/posts\/121079\/revisions\/121081"}],"wp:featuredmedia":[{"embeddable":true,"href":"https:\/\/laurbedigital.com.ar\/noticias\/wp-json\/wp\/v2\/media\/121080"}],"wp:attachment":[{"href":"https:\/\/laurbedigital.com.ar\/noticias\/wp-json\/wp\/v2\/media?parent=121079"}],"wp:term":[{"taxonomy":"category","embeddable":true,"href":"https:\/\/laurbedigital.com.ar\/noticias\/wp-json\/wp\/v2\/categories?post=121079"},{"taxonomy":"post_tag","embeddable":true,"href":"https:\/\/laurbedigital.com.ar\/noticias\/wp-json\/wp\/v2\/tags?post=121079"}],"curies":[{"name":"wp","href":"https:\/\/api.w.org\/{rel}","templated":true}]}}