{"id":121073,"date":"2025-10-30T02:04:59","date_gmt":"2025-10-30T05:04:59","guid":{"rendered":"https:\/\/laurbedigital.com.ar\/noticias\/?p=121073"},"modified":"2025-10-30T02:04:59","modified_gmt":"2025-10-30T05:04:59","slug":"prision-preventiva-para-los-detenidos-por-el-triple-crimen-florencio-varela-la-justicia-federal-evalua-el-caso","status":"publish","type":"post","link":"https:\/\/laurbedigital.com.ar\/noticias\/2025\/10\/30\/prision-preventiva-para-los-detenidos-por-el-triple-crimen-florencio-varela-la-justicia-federal-evalua-el-caso\/","title":{"rendered":"Prisi\u00f3n preventiva para los detenidos por el triple crimen Florencio Varela: la Justicia Federal eval\u00faa el caso"},"content":{"rendered":"<h4>Endurecimiento judicial: confirman prisi\u00f3n preventiva para los once imputados<\/h4>\n<p>La causa que investiga el atroz asesinato de las j\u00f3venes Brenda Del Castillo, Morena Verdi y Lara Guti\u00e9rrez, ocurrido hace 40 d\u00edas en Florencio Varela, ha dado un paso firme en el \u00e1mbito judicial. El juez de Garant\u00edas <b>Fernando Pinos Guevara<\/b> aprob\u00f3 la solicitud de la fiscal\u00eda, a cargo de <b>Adri\u00e1n Arribas<\/b>, y dict\u00f3 la prisi\u00f3n preventiva para la totalidad de los once detenidos implicados en el caso. Esta medida asegura que los sospechosos permanecer\u00e1n privados de su libertad mientras avanza la investigaci\u00f3n y se prepara el juicio oral.<\/p>\n<p>Paralelamente a esta decisi\u00f3n, el magistrado aguarda una confirmaci\u00f3n de la Justicia Federal. Existe una posibilidad latente de que la investigaci\u00f3n pase a ese fuero debido a los presuntos v\u00ednculos de algunos de los implicados con el <b>narcotr\u00e1fico<\/b>, un giro que podr\u00eda redefinir el enfoque y la complejidad del expediente.<\/p>\n<h4>El rol central del presunto autor intelectual y su compleja situaci\u00f3n legal<\/h4>\n<p>Una de las piezas clave en la investigaci\u00f3n es <b>Joseph Freyser Zabaleta Cubas<\/b>, de nacionalidad peruana y conocido por el alias de <b>\u00abSe\u00f1or Jota\u00bb<\/b>. Este sujeto fue se\u00f1alado por la fiscal\u00eda como el presunto <b>autor intelectual<\/b> del triple crimen, perpetrado el pasado 20 de septiembre en una finca del sur del conurbano bonaerense.<\/p>\n<p>\u00abSe\u00f1or Jota\u00bb ya se encontraba bajo custodia en la Alcald\u00eda de la calle Cavia, en Palermo, detenido por una causa anterior vinculada al narcotr\u00e1fico y con un pedido de extradici\u00f3n pendiente a Per\u00fa. Sin embargo, la imputaci\u00f3n por el <b>triple crimen Florencio Varela<\/b> ha puesto en pausa su derivaci\u00f3n, priorizando su juzgamiento en territorio argentino por estos hechos de extrema gravedad.<\/p>\n<h4>La imputaci\u00f3n: alevos\u00eda, ensa\u00f1amiento y femicidio<\/h4>\n<p>Las imputaciones que pesan sobre \u00abSe\u00f1or Jota\u00bb y el resto de los involucrados reflejan la brutalidad del hecho y la complejidad de las figuras penales aplicadas. El presunto autor intelectual fue acusado por una serie de delitos concatenados:<\/p>\n<ul>\n<li><b>Privaci\u00f3n ilegal de la libertad activa agravada<\/b> (por la pluralidad de intervinientes y por ser una de las v\u00edctimas menor de edad).<\/li>\n<li><b>Homicidio agravado<\/b> (por ser premeditado de dos o m\u00e1s personas).<\/li>\n<li><b>Homicidio agravado por alevos\u00eda y ensa\u00f1amiento<\/b>.<\/li>\n<li><b>Homicidio agravado por violencia de un hombre hacia una mujer<\/b> (femicidio).<\/li>\n<li><b>Cr\u00edminis causa<\/b> (matar para ocultar otro delito).<\/li>\n<\/ul>\n<p>El resto de los detenidos enfrentan cargos similares por su participaci\u00f3n activa o colaboraci\u00f3n necesaria en el brutal suceso.<\/p>\n<h4>Once detenidos y tres pr\u00f3fugos internacionales<\/h4>\n<p>Con la detenci\u00f3n reciente de \u00abSe\u00f1or Jota\u00bb, la lista de implicados bajo custodia asciende a once personas. A la lista se sum\u00f3 tambi\u00e9n <b>M\u00f3nica Mujica<\/b> (37), esposa de otro de los detenidos, <b>V\u00edctor Sotacuro<\/b> (41).<\/p>\n<p>Los otros imputados con prisi\u00f3n preventiva dictada son:<\/p>\n<ul>\n<li>Miguel \u00c1ngel Villanueva Silva (25 a\u00f1os)<\/li>\n<li>Iara Daniela Ibarra (19)<\/li>\n<li>Maximiliano Andr\u00e9s Parra (18)<\/li>\n<li>Celeste Magal\u00ed Gonz\u00e1lez Guerrero (28)<\/li>\n<li>Milagros Florencia Ib\u00e1\u00f1ez (20)<\/li>\n<li>Mat\u00edas Agust\u00edn Ozorio (28)<\/li>\n<li>Ariel Gim\u00e9nez (29)<\/li>\n<li>Tony Janzen Valverde Victoriano (alias &#8216;Peque\u00f1o J&#8217;), arrestado en Per\u00fa.<\/li>\n<\/ul>\n<p>A pesar de los avances, la Justicia a\u00fan busca a tres pr\u00f3fugos, todos de nacionalidad peruana, que poseen circulares rojas de Interpol: <b>Alex Ydone Castillo<\/b>, <b>David Gustavo Huamani<\/b> (alias \u00abEl Loco\u00bb David) y <b>Manuel Valverde Rodr\u00edguez<\/b>. La emisi\u00f3n de la circular roja implica una alerta global para su inmediata localizaci\u00f3n y detenci\u00f3n con fines de extradici\u00f3n.<\/p>\n<h4>Un caso en la encrucijada de jurisdicciones<\/h4>\n<p>La confirmaci\u00f3n de la prisi\u00f3n preventiva para todos los detenidos garantiza la continuidad de la investigaci\u00f3n sin riesgo de fuga o entorpecimiento procesal. No obstante, el inminente debate sobre la transferencia de la causa a la Justicia Federal por los lazos con el narcotr\u00e1fico a\u00f1ade una capa de complejidad al caso del <b>triple crimen Florencio Varela<\/b>. La decisi\u00f3n final de la Justicia Federal ser\u00e1 crucial para definir el camino que seguir\u00e1 este expediente que conmociona a la opini\u00f3n p\u00fablica.<\/p>\n","protected":false},"excerpt":{"rendered":"<p>Endurecimiento judicial: confirman prisi\u00f3n preventiva para los once imputados La causa que investiga el atroz asesinato de las j\u00f3venes Brenda<\/p>\n","protected":false},"author":1,"featured_media":120021,"comment_status":"closed","ping_status":"closed","sticky":false,"template":"","format":"standard","meta":{"kia_subtitle":"El juez Fernando Pinos Guevara dict\u00f3 la prisi\u00f3n preventiva para los once detenidos implicados en el brutal triple crimen Florencio Varela mientras se define si la causa pasa a la \u00f3rbita de la Justicia Federal por presunta conexi\u00f3n con narcotr\u00e1fico.","footnotes":"","jetpack_publicize_message":"","jetpack_publicize_feature_enabled":true,"jetpack_social_post_already_shared":true,"jetpack_social_options":{"image_generator_settings":{"template":"highway","default_image_id":0,"font":"","enabled":false},"version":2}},"categories":[8],"tags":[],"class_list":["post-121073","post","type-post","status-publish","format-standard","has-post-thumbnail","hentry","category-policiales"],"jetpack_publicize_connections":[],"jetpack_featured_media_url":"https:\/\/laurbedigital.com.ar\/noticias\/wp-content\/uploads\/2025\/09\/20250926-Triple-femicidio.jpg","_links":{"self":[{"href":"https:\/\/laurbedigital.com.ar\/noticias\/wp-json\/wp\/v2\/posts\/121073","targetHints":{"allow":["GET"]}}],"collection":[{"href":"https:\/\/laurbedigital.com.ar\/noticias\/wp-json\/wp\/v2\/posts"}],"about":[{"href":"https:\/\/laurbedigital.com.ar\/noticias\/wp-json\/wp\/v2\/types\/post"}],"author":[{"embeddable":true,"href":"https:\/\/laurbedigital.com.ar\/noticias\/wp-json\/wp\/v2\/users\/1"}],"replies":[{"embeddable":true,"href":"https:\/\/laurbedigital.com.ar\/noticias\/wp-json\/wp\/v2\/comments?post=121073"}],"version-history":[{"count":1,"href":"https:\/\/laurbedigital.com.ar\/noticias\/wp-json\/wp\/v2\/posts\/121073\/revisions"}],"predecessor-version":[{"id":121074,"href":"https:\/\/laurbedigital.com.ar\/noticias\/wp-json\/wp\/v2\/posts\/121073\/revisions\/121074"}],"wp:featuredmedia":[{"embeddable":true,"href":"https:\/\/laurbedigital.com.ar\/noticias\/wp-json\/wp\/v2\/media\/120021"}],"wp:attachment":[{"href":"https:\/\/laurbedigital.com.ar\/noticias\/wp-json\/wp\/v2\/media?parent=121073"}],"wp:term":[{"taxonomy":"category","embeddable":true,"href":"https:\/\/laurbedigital.com.ar\/noticias\/wp-json\/wp\/v2\/categories?post=121073"},{"taxonomy":"post_tag","embeddable":true,"href":"https:\/\/laurbedigital.com.ar\/noticias\/wp-json\/wp\/v2\/tags?post=121073"}],"curies":[{"name":"wp","href":"https:\/\/api.w.org\/{rel}","templated":true}]}}