{"id":121069,"date":"2025-10-30T01:22:46","date_gmt":"2025-10-30T04:22:46","guid":{"rendered":"https:\/\/laurbedigital.com.ar\/noticias\/?p=121069"},"modified":"2025-10-30T01:22:46","modified_gmt":"2025-10-30T04:22:46","slug":"consumo-electrico-en-verano-cinco-errores-comunes-que-disparan-la-factura-de-luz","status":"publish","type":"post","link":"https:\/\/laurbedigital.com.ar\/noticias\/2025\/10\/30\/consumo-electrico-en-verano-cinco-errores-comunes-que-disparan-la-factura-de-luz\/","title":{"rendered":"Consumo el\u00e9ctrico en verano: cinco errores comunes que disparan la factura de luz"},"content":{"rendered":"<h4>M\u00e1s all\u00e1 del aire acondicionado: la heladera, el electrodom\u00e9stico que m\u00e1s gasta en el hogar<\/h4>\n<p>Con la llegada de las altas temperaturas estivales, el foco del gasto energ\u00e9tico suele recaer en el aire acondicionado y los ventiladores. Sin embargo, el verdadero \u00abenemigo silencioso\u00bb del bolsillo familiar durante el verano es la <b>heladera<\/b>. Este electrodom\u00e9stico, esencial y en funcionamiento las 24 horas del d\u00eda, puede incrementar el <b>consumo el\u00e9ctrico heladera<\/b> de manera significativa si no se aplican h\u00e1bitos de uso y mantenimiento adecuados. Se estima que, con el calor ambiental, su motor debe trabajar con mayor intensidad, lo que puede resultar en un aumento de hasta un 30% en la factura de luz.<\/p>\n<p>Entender los errores m\u00e1s comunes en su manipulaci\u00f3n es crucial para mitigar este impacto econ\u00f3mico sin resignar la conservaci\u00f3n de los alimentos. La eficiencia energ\u00e9tica de la heladera depende de peque\u00f1os detalles que el usuario suele pasar por alto.<\/p>\n<h4>Los cinco errores que disparan el consumo el\u00e9ctrico heladera<\/h4>\n<p>Los especialistas en electrodom\u00e9sticos y eficiencia energ\u00e9tica identifican cinco fallas recurrentes que obligan al equipo a realizar un esfuerzo adicional, elevando el <b>consumo el\u00e9ctrico heladera<\/b>:<\/p>\n<h5>1. Abuso en la apertura de puerta<\/h5>\n<p>Abrir la puerta con demasiada frecuencia o, peor a\u00fan, dejarla abierta por tiempo innecesario, es el error m\u00e1s com\u00fan y costoso. Cada vez que se rompe el cierre, el aire fr\u00edo se escapa y es reemplazado por aire caliente del ambiente. El motor debe activarse para recuperar r\u00e1pidamente la temperatura interna, generando un pico de consumo que, repetido a lo largo del d\u00eda, impacta notablemente en la boleta mensual.<\/p>\n<h5>2. Ubicaci\u00f3n estrat\u00e9gica incorrecta<\/h5>\n<p>La ubicaci\u00f3n de la heladera no es casual. Colocarla cerca de fuentes de calor externas, como el sol directo (cercan\u00eda a ventanas) u otros artefactos que irradian calor (hornos, anafes), obliga al sistema de enfriamiento a trabajar continuamente para contrarrestar esa temperatura. La recomendaci\u00f3n es siempre instalarla en un espacio fresco, bien ventilado y alejado de cualquier fuente de calor.<\/p>\n<h5>3. Exceso de hielo en el <i>freezer<\/i><\/h5>\n<p>En modelos que no poseen tecnolog\u00eda <i>No Frost<\/i>, la acumulaci\u00f3n de escarcha y hielo en el <i>freezer<\/i> representa una barrera cr\u00edtica. Una capa de hielo que supera los 5 mil\u00edmetros act\u00faa como un aislante t\u00e9rmico, disminuyendo dr\u00e1sticamente la capacidad de enfriamiento y forzando al motor a funcionar de manera constante y sin descanso. Descongelar la heladera regularmente no solo es una tarea de mantenimiento, sino una medida directa de ahorro energ\u00e9tico.<\/p>\n<h5>4. Bloqueo de la ventilaci\u00f3n posterior<\/h5>\n<p>La parte trasera de la heladera alberga los condensadores, responsables de liberar el calor extra\u00eddo del interior. Si este espacio se encuentra obstruido (por estar demasiado pegado a la pared) o cubierto de polvo, el calor no puede disiparse correctamente. Esta deficiencia reduce la eficiencia del equipo, recalienta sus componentes y dispara el <b>consumo el\u00e9ctrico heladera<\/b>. Se aconseja dejar al menos 10 cent\u00edmetros de espacio libre entre la parte trasera y la pared.<\/p>\n<h5>5. Desequilibrio en la carga interna<\/h5>\n<p>Una heladera casi vac\u00eda pierde fr\u00edo con mayor velocidad al ser abierta, lo que requiere m\u00e1s trabajo del motor para la recuperaci\u00f3n t\u00e9rmica. Por otro lado, una sobrecarga obstruye el flujo de aire interno, impidiendo una refrigeraci\u00f3n uniforme y eficiente. El nivel ideal de carga es aquel que permite que el aire circule libremente entre los alimentos, lo que requiere una correcta organizaci\u00f3n y el mantenimiento de un nivel de llenado intermedio.<\/p>\n<h4>Recomendaciones pr\u00e1cticas para un ahorro inmediato<\/h4>\n<p>Adoptar h\u00e1bitos simples puede revertir r\u00e1pidamente el aumento del <b>consumo el\u00e9ctrico heladera<\/b> y generar un impacto positivo en la econom\u00eda dom\u00e9stica:<\/p>\n<ul>\n<li><b>Evitar aperturas innecesarias:<\/b> Planificar lo que se va a sacar antes de abrir la puerta.<\/li>\n<li><b>Limpieza de juntas:<\/b> Asegurarse de que las gomas de sellado de la puerta est\u00e9n limpias e intactas para garantizar un cierre herm\u00e9tico.<\/li>\n<li><b>Mantenimiento peri\u00f3dico:<\/b> Descongelar cuando sea necesario y limpiar el polvo de la parte trasera y el condensador.<\/li>\n<\/ul>\n<h4>El rol del usuario en la eficiencia energ\u00e9tica<\/h4>\n<p>La eficiencia energ\u00e9tica de la heladera en verano no es solo una cuesti\u00f3n tecnol\u00f3gica, sino de responsabilidad del usuario. Mediante la correcci\u00f3n de estos cinco errores comunes y la aplicaci\u00f3n de sencillos h\u00e1bitos de mantenimiento, es posible reducir el esfuerzo del motor, alargar la vida \u00fatil del equipo y, lo m\u00e1s importante, mitigar el impacto del calor en la factura de luz, asegurando que el <i>confort<\/i> de la conservaci\u00f3n no se traduzca en un gasto excesivo.<\/p>\n","protected":false},"excerpt":{"rendered":"<p>M\u00e1s all\u00e1 del aire acondicionado: la heladera, el electrodom\u00e9stico que m\u00e1s gasta en el hogar Con la llegada de las<\/p>\n","protected":false},"author":1,"featured_media":121070,"comment_status":"closed","ping_status":"closed","sticky":false,"template":"","format":"standard","meta":{"kia_subtitle":"La heladera, un artefacto de uso continuo, se convierte en el \"enemigo silencioso\" del verano, elevando el consumo el\u00e9ctrico heladera hasta un 30% por el mal uso y la falta de mantenimiento.","footnotes":"","jetpack_publicize_message":"","jetpack_publicize_feature_enabled":true,"jetpack_social_post_already_shared":true,"jetpack_social_options":{"image_generator_settings":{"template":"highway","default_image_id":0,"font":"","enabled":false},"version":2}},"categories":[3,15],"tags":[],"class_list":["post-121069","post","type-post","status-publish","format-standard","has-post-thumbnail","hentry","category-actualidad","category-tendencias"],"jetpack_publicize_connections":[],"jetpack_featured_media_url":"https:\/\/laurbedigital.com.ar\/noticias\/wp-content\/uploads\/2025\/10\/20251030-Heladera.jpg","_links":{"self":[{"href":"https:\/\/laurbedigital.com.ar\/noticias\/wp-json\/wp\/v2\/posts\/121069","targetHints":{"allow":["GET"]}}],"collection":[{"href":"https:\/\/laurbedigital.com.ar\/noticias\/wp-json\/wp\/v2\/posts"}],"about":[{"href":"https:\/\/laurbedigital.com.ar\/noticias\/wp-json\/wp\/v2\/types\/post"}],"author":[{"embeddable":true,"href":"https:\/\/laurbedigital.com.ar\/noticias\/wp-json\/wp\/v2\/users\/1"}],"replies":[{"embeddable":true,"href":"https:\/\/laurbedigital.com.ar\/noticias\/wp-json\/wp\/v2\/comments?post=121069"}],"version-history":[{"count":2,"href":"https:\/\/laurbedigital.com.ar\/noticias\/wp-json\/wp\/v2\/posts\/121069\/revisions"}],"predecessor-version":[{"id":121072,"href":"https:\/\/laurbedigital.com.ar\/noticias\/wp-json\/wp\/v2\/posts\/121069\/revisions\/121072"}],"wp:featuredmedia":[{"embeddable":true,"href":"https:\/\/laurbedigital.com.ar\/noticias\/wp-json\/wp\/v2\/media\/121070"}],"wp:attachment":[{"href":"https:\/\/laurbedigital.com.ar\/noticias\/wp-json\/wp\/v2\/media?parent=121069"}],"wp:term":[{"taxonomy":"category","embeddable":true,"href":"https:\/\/laurbedigital.com.ar\/noticias\/wp-json\/wp\/v2\/categories?post=121069"},{"taxonomy":"post_tag","embeddable":true,"href":"https:\/\/laurbedigital.com.ar\/noticias\/wp-json\/wp\/v2\/tags?post=121069"}],"curies":[{"name":"wp","href":"https:\/\/api.w.org\/{rel}","templated":true}]}}