{"id":121064,"date":"2025-10-30T01:13:30","date_gmt":"2025-10-30T04:13:30","guid":{"rendered":"https:\/\/laurbedigital.com.ar\/noticias\/?p=121064"},"modified":"2025-10-30T01:13:30","modified_gmt":"2025-10-30T04:13:30","slug":"aumenta-el-transporte-publico-en-el-amba-las-nuevas-tarifas-de-colectivos-y-subte-desde-noviembre","status":"publish","type":"post","link":"https:\/\/laurbedigital.com.ar\/noticias\/2025\/10\/30\/aumenta-el-transporte-publico-en-el-amba-las-nuevas-tarifas-de-colectivos-y-subte-desde-noviembre\/","title":{"rendered":"Aumenta el transporte p\u00fablico en el AMBA: las nuevas tarifas de colectivos y subte desde noviembre"},"content":{"rendered":"<p>El primer d\u00eda de noviembre trae consigo un nuevo golpe al bolsillo de los usuarios del <b>transporte p\u00fablico en el AMBA<\/b>. El ajuste tarifario, que se aplica de manera mensual, responde al esquema que actualiza los valores seg\u00fan la inflaci\u00f3n m\u00e1s un margen adicional. Para este mes, el incremento general ser\u00e1 del <b>4,1%<\/b>, impactando directamente en las tarifas de colectivos, subte y premetro, tanto en la Ciudad como en la Provincia de Buenos Aires.<\/p>\n<p>En lo que va del a\u00f1o 2025, el acumulado de aumentos es considerable, alcanzando un 54,44% en la Provincia y un 53,36% en la Ciudad. Este nuevo incremento busca mantener la ecuaci\u00f3n econ\u00f3mica del sistema, a pesar del impacto que genera en los ingresos familiares.<\/p>\n<h4>Colectivos: las nuevas tarifas tramo por tramo<\/h4>\n<p>El servicio de colectivos es el m\u00e1s utilizado en el \u00c1rea Metropolitana de Buenos Aires y, por lo tanto, el que m\u00e1s impacto tiene en la econom\u00eda diaria de los trabajadores. El <b>boleto m\u00ednimo<\/b>, que corresponde a los viajes de hasta 3 kil\u00f3metros, superar\u00e1 los $568.<\/p>\n<h5>Nueos valores para el boleto m\u00ednimo<\/h5>\n<table>\n<thead>\n<tr>\n<td><strong>Jurisdicci\u00f3n<\/strong><\/td>\n<td><strong>Tarifa Anterior (Hasta 3 km)<\/strong><\/td>\n<td><strong>Nueva Tarifa (Desde 1\u00b0 de noviembre)<\/strong><\/td>\n<\/tr>\n<\/thead>\n<tbody>\n<tr>\n<td>Conurbano Bonaerense<\/td>\n<td>$550,30<\/td>\n<td><b>$572,86<\/b><\/td>\n<\/tr>\n<tr>\n<td>Ciudad de Buenos Aires<\/td>\n<td>$546,52<\/td>\n<td><b>$568,91<\/b><\/td>\n<\/tr>\n<\/tbody>\n<\/table>\n<p>Este ajuste tambi\u00e9n rige para el resto de los tramos m\u00e1s extensos del recorrido, de acuerdo con la distancia del viaje:<\/p>\n<table>\n<thead>\n<tr>\n<td><strong>Tramo de viaje<\/strong><\/td>\n<td><strong>Nueva tarifa<\/strong><\/td>\n<\/tr>\n<\/thead>\n<tbody>\n<tr>\n<td>Hasta 3 km<\/td>\n<td><b>$572,86<\/b><\/td>\n<\/tr>\n<tr>\n<td>3 a 6 km<\/td>\n<td><b>$638,16<\/b><\/td>\n<\/tr>\n<tr>\n<td>6 a 12 km<\/td>\n<td><b>$687,32<\/b><\/td>\n<\/tr>\n<tr>\n<td>12 a 27 km<\/td>\n<td><b>$736,53<\/b><\/td>\n<\/tr>\n<\/tbody>\n<\/table>\n<p>Es importante destacar que las 31 l\u00edneas que operan exclusivamente dentro del territorio de la Ciudad de Buenos Aires tambi\u00e9n aplicar\u00e1n esta suba, con boletos que podr\u00e1n llegar hasta los $731,51 en sus recorridos m\u00e1s largos.<\/p>\n<h4>Subte y Premetro: ajustes en la red porte\u00f1a<\/h4>\n<p>El subte de la Ciudad de Buenos Aires tambi\u00e9n se adhiere al aumento del 4,1%, tal como lo establece la resoluci\u00f3n 108 publicada en el Bolet\u00edn Oficial. A partir de este s\u00e1bado, los usuarios deber\u00e1n abonar:<\/p>\n<ul>\n<li><b>Pasaje de subte (con SUBE registrada):<\/b> Sube de $1112 a <b>$1157,59<\/b>.<\/li>\n<li><b>Premetro:<\/b> Pasa a <b>$405,15<\/b>.<\/li>\n<\/ul>\n<h4>Tarifa SUBE registrada vs. Tarifa diferencial<\/h4>\n<p>La registraci\u00f3n de la tarjeta SUBE sigue siendo obligatoria para acceder a la tarifa est\u00e1ndar del <b>transporte p\u00fablico<\/b> en el subte. Aquellos usuarios que no cuenten con la tarjeta a su nombre, o que utilicen una sin registrar, deber\u00e1n pagar una tarifa diferencial a\u00fan mayor: <b>$1189,63<\/b> por pasaje.<\/p>\n<p>No obstante, se mantienen los beneficios para aquellos que cumplen con los requisitos de asistencia social:<\/p>\n<ul>\n<li><b>Tarifa Social:<\/b> $404,95.<\/li>\n<li><b>Tarifa Estudiantil:<\/b> $161,98.<\/li>\n<\/ul>\n<h4>Medios de pago diversificados<\/h4>\n<p>Desde mayo, la red de subtes porte\u00f1a ha incorporado molinetes multipagos en todas sus estaciones. Esta tecnolog\u00eda permite a los usuarios abonar su viaje utilizando tarjetas de d\u00e9bito o cr\u00e9dito e, incluso, a trav\u00e9s de c\u00f3digos QR, brindando alternativas al uso tradicional de la tarjeta SUBE para aquellos que buscan mayor agilidad o no disponen de saldo.<\/p>\n<p>Este nuevo ajuste en el <b>transporte p\u00fablico en el AMBA<\/b> subraya la tendencia alcista en los costos de movilidad, en un contexto econ\u00f3mico que exige una planificaci\u00f3n financiera a\u00fan m\u00e1s detallada para millones de personas que dependen de estos servicios para su traslado diario.<\/p>\n","protected":false},"excerpt":{"rendered":"<p>El primer d\u00eda de noviembre trae consigo un nuevo golpe al bolsillo de los usuarios del transporte p\u00fablico en el<\/p>\n","protected":false},"author":1,"featured_media":100101,"comment_status":"closed","ping_status":"closed","sticky":false,"template":"","format":"standard","meta":{"kia_subtitle":"El transporte p\u00fablico en el \u00c1rea Metropolitana de Buenos Aires (AMBA) tendr\u00e1 un nuevo ajuste de tarifas a partir de este s\u00e1bado 1\u00b0 de noviembre. El incremento, calculado por el \u00edndice de inflaci\u00f3n m\u00e1s dos puntos porcentuales, ser\u00e1 del 4,1% para los servicios de colectivos, subte y premetro, elevando el boleto m\u00ednimo por encima de los $568.","footnotes":"","jetpack_publicize_message":"","jetpack_publicize_feature_enabled":true,"jetpack_social_post_already_shared":true,"jetpack_social_options":{"image_generator_settings":{"template":"highway","default_image_id":0,"font":"","enabled":false},"version":2}},"categories":[13],"tags":[],"class_list":["post-121064","post","type-post","status-publish","format-standard","has-post-thumbnail","hentry","category-region"],"jetpack_publicize_connections":[],"jetpack_featured_media_url":"https:\/\/laurbedigital.com.ar\/noticias\/wp-content\/uploads\/2023\/12\/20231228-transporte-micro-colectivo.jpg","_links":{"self":[{"href":"https:\/\/laurbedigital.com.ar\/noticias\/wp-json\/wp\/v2\/posts\/121064","targetHints":{"allow":["GET"]}}],"collection":[{"href":"https:\/\/laurbedigital.com.ar\/noticias\/wp-json\/wp\/v2\/posts"}],"about":[{"href":"https:\/\/laurbedigital.com.ar\/noticias\/wp-json\/wp\/v2\/types\/post"}],"author":[{"embeddable":true,"href":"https:\/\/laurbedigital.com.ar\/noticias\/wp-json\/wp\/v2\/users\/1"}],"replies":[{"embeddable":true,"href":"https:\/\/laurbedigital.com.ar\/noticias\/wp-json\/wp\/v2\/comments?post=121064"}],"version-history":[{"count":1,"href":"https:\/\/laurbedigital.com.ar\/noticias\/wp-json\/wp\/v2\/posts\/121064\/revisions"}],"predecessor-version":[{"id":121065,"href":"https:\/\/laurbedigital.com.ar\/noticias\/wp-json\/wp\/v2\/posts\/121064\/revisions\/121065"}],"wp:featuredmedia":[{"embeddable":true,"href":"https:\/\/laurbedigital.com.ar\/noticias\/wp-json\/wp\/v2\/media\/100101"}],"wp:attachment":[{"href":"https:\/\/laurbedigital.com.ar\/noticias\/wp-json\/wp\/v2\/media?parent=121064"}],"wp:term":[{"taxonomy":"category","embeddable":true,"href":"https:\/\/laurbedigital.com.ar\/noticias\/wp-json\/wp\/v2\/categories?post=121064"},{"taxonomy":"post_tag","embeddable":true,"href":"https:\/\/laurbedigital.com.ar\/noticias\/wp-json\/wp\/v2\/tags?post=121064"}],"curies":[{"name":"wp","href":"https:\/\/api.w.org\/{rel}","templated":true}]}}