{"id":121062,"date":"2025-10-30T01:09:48","date_gmt":"2025-10-30T04:09:48","guid":{"rendered":"https:\/\/laurbedigital.com.ar\/noticias\/?p=121062"},"modified":"2025-10-30T01:09:48","modified_gmt":"2025-10-30T04:09:48","slug":"netflix-estrena-50-segundos-el-caso-fernando-baez-sosa-reabre-el-debate-sobre-la-violencia-social","status":"publish","type":"post","link":"https:\/\/laurbedigital.com.ar\/noticias\/2025\/10\/30\/netflix-estrena-50-segundos-el-caso-fernando-baez-sosa-reabre-el-debate-sobre-la-violencia-social\/","title":{"rendered":"Netflix estrena \u201c50 segundos\u201d: el caso Fernando B\u00e1ez Sosa reabre el debate sobre la violencia social"},"content":{"rendered":"<p>El 13 de noviembre, <b>Netflix<\/b> estrenar\u00e1 a nivel mundial <i>50 segundos: el caso Fernando B\u00e1ez Sosa<\/i>, una miniserie documental de tres episodios que aborda el tr\u00e1gico asesinato ocurrido en Villa Gesell en enero de 2020. El documental, dirigido por Mart\u00edn Rocca y producido por Alejandra Sarmiento \u2014mismo equipo responsable de la aclamada serie <i>Nisman: el fiscal, la presidenta y el esp\u00eda<\/i>\u2014, se posiciona como un an\u00e1lisis <b>riguroso y reflexivo<\/b> de uno de los cr\u00edmenes que m\u00e1s impact\u00f3 a la sociedad argentina en los \u00faltimos a\u00f1os.<\/p>\n<p>El foco del documental est\u00e1 puesto en el relato <b>\u00edntimo y testimonial<\/b>. A lo largo de los episodios, el p\u00fablico encontrar\u00e1 las voces de la familia B\u00e1ez Sosa, los amigos de Fernando, periodistas que cubrieron el caso, especialistas judiciales, y, por primera vez, familiares de algunos de los j\u00f3venes condenados. Este enfoque busca trascender el mero relato policial para indagar en las fracturas sociales que el caso expuso.<\/p>\n<h3>La madrugada que conmocion\u00f3 a un pa\u00eds<\/h3>\n<p>La madrugada del 18 de enero de 2020, Fernando B\u00e1ez Sosa, de 18 a\u00f1os, fue brutalmente golpeado por un grupo de j\u00f3venes rugbiers a la salida del boliche Le Brique en Villa Gesell. El ataque, que dur\u00f3 solo 50 segundos y fue registrado en video, se viraliz\u00f3 en redes y gener\u00f3 una ola de indignaci\u00f3n nacional.<\/p>\n<p>El <b>crimen<\/b> no solo desat\u00f3 una masiva demanda de justicia por Fernando, sino que oblig\u00f3 a un debate social profundo y necesario sobre la <b>violencia juvenil<\/b>, el <b>clasismo<\/b> y la <b>impunidad<\/b>. La figura de Fernando B\u00e1ez Sosa se convirti\u00f3 en un s\u00edmbolo que concentr\u00f3 el dolor colectivo y la cr\u00edtica hacia ciertos comportamientos de clase y la ineficacia del sistema judicial.<\/p>\n<h4>Una mirada que busca las preguntas inc\u00f3modas<\/h4>\n<p>Los realizadores destacan que el objetivo central de <i>50 segundos<\/i> es ir m\u00e1s all\u00e1 de la reconstrucci\u00f3n de los hechos para generar un espacio de an\u00e1lisis.<\/p>\n<blockquote><p>\u201cEl documental busca abrir preguntas inc\u00f3modas respecto de la violencia presente en nuestra sociedad. Tal vez, atendiendo a esas preguntas, encontremos parte de la soluci\u00f3n\u201d, explic\u00f3 Mart\u00edn Rocca, director del proyecto, destacando la dimensi\u00f3n social de la producci\u00f3n.<\/p><\/blockquote>\n<p>Alejandra Sarmiento, productora, enfatiz\u00f3 que si bien la tragedia es absoluta y la v\u00edctima es una sola \u2014Fernando\u2014, el impacto de la violencia se multiplica en cada vida afectada.<\/p>\n<p>El documental combina cuidadosamente <b>testimonios in\u00e9ditos<\/b>, material de archivo judicial y period\u00edstico, junto con reconstrucciones audiovisuales. Esta estructura busca mantener un tono <b>sobrio y reflexivo<\/b>, distanci\u00e1ndose del sensacionalismo habitual en el g\u00e9nero <i>true crime<\/i>.<\/p>\n<p><iframe loading=\"lazy\" title=\"50 segundos: el caso Fernando B\u00e1ez Sosa | Tr\u00e1iler oficial | Netflix\" src=\"https:\/\/www.youtube.com\/embed\/J42WEkp4eBk\" width=\"853\" height=\"480\" frameborder=\"0\" allowfullscreen=\"allowfullscreen\"><\/iframe><\/p>\n<h3>Cr\u00edmenes reales: memoria y espejo social<\/h3>\n<p>La inclusi\u00f3n de <i>50 segundos: el caso Fernando B\u00e1ez Sosa<\/i> reafirma la apuesta de <b>Netflix<\/b> por los documentales de cr\u00edmenes reales argentinos como una herramienta de memoria y revisi\u00f3n hist\u00f3rica.<\/p>\n<p>La serie se suma a una lista creciente de producciones que han explorado casos emblem\u00e1ticos del pa\u00eds, como <i>Las mil muertes de Nora Dalmasso<\/i>, <i>El fot\u00f3grafo y el cartero: el crimen de Cabezas<\/i>, <i>Mar\u00eda Soledad: el fin del silencio<\/i> y <i>Carmel: \u00bfQui\u00e9n mat\u00f3 a Mar\u00eda Marta?<\/i><\/p>\n<p>Estas producciones demuestran que, m\u00e1s all\u00e1 de la cr\u00f3nica policial, estos documentales exponen las <b>fracturas estructurales<\/b> de la sociedad argentina. A trav\u00e9s del lente de un crimen, se visibilizan problemas persistentes como la desigualdad social, las presuntas connivencias judiciales, la influencia del poder medi\u00e1tico y, en el caso de <b>Fernando B\u00e1ez Sosa<\/b>, la violencia de clase y su tr\u00e1gico desenlace.<\/p>\n","protected":false},"excerpt":{"rendered":"<p>El 13 de noviembre, Netflix estrenar\u00e1 a nivel mundial 50 segundos: el caso Fernando B\u00e1ez Sosa, una miniserie documental de<\/p>\n","protected":false},"author":1,"featured_media":31096,"comment_status":"closed","ping_status":"closed","sticky":false,"template":"","format":"standard","meta":{"kia_subtitle":"Netflix presenta el documental de tres cap\u00edtulos 50 segundos: el caso Fernando B\u00e1ez Sosa el pr\u00f3ximo 13 de noviembre. Esta producci\u00f3n reconstruye el crimen que conmocion\u00f3 a la Argentina en 2020 y, a trav\u00e9s de testimonios \u00edntimos e in\u00e9ditos, propone una profunda reflexi\u00f3n sobre la violencia, el clasismo y la justicia en el pa\u00eds.","footnotes":"","jetpack_publicize_message":"","jetpack_publicize_feature_enabled":true,"jetpack_social_post_already_shared":true,"jetpack_social_options":{"image_generator_settings":{"template":"highway","default_image_id":0,"font":"","enabled":false},"version":2}},"categories":[68,2600],"tags":[],"class_list":["post-121062","post","type-post","status-publish","format-standard","has-post-thumbnail","hentry","category-cine-y-series","category-espectaculo"],"jetpack_publicize_connections":[],"jetpack_featured_media_url":"https:\/\/laurbedigital.com.ar\/noticias\/wp-content\/uploads\/2020\/07\/20200717-fernando.jpg","_links":{"self":[{"href":"https:\/\/laurbedigital.com.ar\/noticias\/wp-json\/wp\/v2\/posts\/121062","targetHints":{"allow":["GET"]}}],"collection":[{"href":"https:\/\/laurbedigital.com.ar\/noticias\/wp-json\/wp\/v2\/posts"}],"about":[{"href":"https:\/\/laurbedigital.com.ar\/noticias\/wp-json\/wp\/v2\/types\/post"}],"author":[{"embeddable":true,"href":"https:\/\/laurbedigital.com.ar\/noticias\/wp-json\/wp\/v2\/users\/1"}],"replies":[{"embeddable":true,"href":"https:\/\/laurbedigital.com.ar\/noticias\/wp-json\/wp\/v2\/comments?post=121062"}],"version-history":[{"count":1,"href":"https:\/\/laurbedigital.com.ar\/noticias\/wp-json\/wp\/v2\/posts\/121062\/revisions"}],"predecessor-version":[{"id":121063,"href":"https:\/\/laurbedigital.com.ar\/noticias\/wp-json\/wp\/v2\/posts\/121062\/revisions\/121063"}],"wp:featuredmedia":[{"embeddable":true,"href":"https:\/\/laurbedigital.com.ar\/noticias\/wp-json\/wp\/v2\/media\/31096"}],"wp:attachment":[{"href":"https:\/\/laurbedigital.com.ar\/noticias\/wp-json\/wp\/v2\/media?parent=121062"}],"wp:term":[{"taxonomy":"category","embeddable":true,"href":"https:\/\/laurbedigital.com.ar\/noticias\/wp-json\/wp\/v2\/categories?post=121062"},{"taxonomy":"post_tag","embeddable":true,"href":"https:\/\/laurbedigital.com.ar\/noticias\/wp-json\/wp\/v2\/tags?post=121062"}],"curies":[{"name":"wp","href":"https:\/\/api.w.org\/{rel}","templated":true}]}}