{"id":121060,"date":"2025-10-30T01:03:50","date_gmt":"2025-10-30T04:03:50","guid":{"rendered":"https:\/\/laurbedigital.com.ar\/noticias\/?p=121060"},"modified":"2025-10-30T01:03:50","modified_gmt":"2025-10-30T04:03:50","slug":"alerta-pyme-una-de-cada-ocho-empresas-podria-cerrar-antes-de-fin-de-ano-por-la-crisis","status":"publish","type":"post","link":"https:\/\/laurbedigital.com.ar\/noticias\/2025\/10\/30\/alerta-pyme-una-de-cada-ocho-empresas-podria-cerrar-antes-de-fin-de-ano-por-la-crisis\/","title":{"rendered":"Alerta pyme: una de cada ocho empresas podr\u00eda cerrar antes de fin de a\u00f1o por la crisis"},"content":{"rendered":"<h5><b>La crisis de las pymes: un panorama desolador<\/b><\/h5>\n<p>El sector de las <b>pymes<\/b> argentinas enfrenta un panorama cr\u00edtico. El informe del Radar Pyme de la Empresa Nacional de Construcciones (ENAC), publicado en octubre de 2025, puso en evidencia la grave situaci\u00f3n econ\u00f3mica que atraviesan las peque\u00f1as y medianas empresas, destacando que una de cada ocho podr\u00eda verse forzada al cierre. La principal causa de este deterioro se centra en la combinaci\u00f3n de <b>malas ventas<\/b> \u2014reportadas por el 40,4% de las firmas\u2014 y un sostenido y significativo <b>aumento de costos<\/b> que afecta al 88% de ellas. La necesidad de sostener la actividad llev\u00f3 al 74% de las empresas a aumentar sus precios, impactando a su vez en el consumo.<\/p>\n<h4>La rentabilidad en jaque: operar para perder<\/h4>\n<p>El dato m\u00e1s alarmante del relevamiento de ENAC es el colapso de la rentabilidad. En un entorno de costos crecientes y demanda deprimida, <b>seis de cada diez pymes operaron sin generar ganancias<\/b>, mientras que un preocupante 24% directamente perdi\u00f3 dinero al desarrollar su actividad.<\/p>\n<p>\u00abEl 13% de los empresarios advierte que podr\u00eda cerrar antes de fin de a\u00f1o\u00bb, alert\u00f3 Leo Bilinski, presidente de la ENAC, al comentar las proyecciones del sector.<\/p>\n<h5>El deterioro se acelera en el sector industrial<\/h5>\n<p>En el \u00e1mbito industrial, la crisis es a\u00fan m\u00e1s palpable. El 45,9% de las compa\u00f1\u00edas de este sector registr\u00f3 ca\u00eddas \u00absignificativas\u00bb en sus ventas. Esta baja demanda se refleja en la escasa actividad productiva:<\/p>\n<ul>\n<li>La capacidad operativa utilizada en el conjunto de las pymes promedi\u00f3 el 54,6%.<\/li>\n<li>En el caso espec\u00edfico de la industria, la utilizaci\u00f3n se ubic\u00f3 en un 54,7%.<\/li>\n<\/ul>\n<p>Estos niveles se encuentran <b>por debajo del umbral del 60%<\/b> considerado razonable, lo que el documento califica como una \u00abpreocupante subutilizaci\u00f3n del aparato productivo\u00bb.<\/p>\n<h4>Consumo y empleo: los pilares de la econom\u00eda en ca\u00edda<\/h4>\n<p>El colapso de la actividad pyme est\u00e1 \u00edntimamente ligado al <b>derrumbe del consumo interno<\/b>. La ca\u00edda en los ingresos familiares, cuyos salarios solo alcanzan a cubrir \u00abnecesidades b\u00e1sicas\u00bb, gener\u00f3 un desplome de la demanda agregada. El informe incluso advierte sobre el endeudamiento de las familias, que asciende a un 130% de sus ingresos, limitando a\u00fan m\u00e1s su capacidad de gasto futuro.<\/p>\n<h5>Contracci\u00f3n del mercado laboral pyme<\/h5>\n<p>El deterioro econ\u00f3mico tuvo un impacto directo en el mercado de trabajo. La mayor\u00eda de las empresas se abstuvo de contratar, y un n\u00famero significativo debi\u00f3 reducir personal:<\/p>\n<ul>\n<li>Solo el 17,1% de las firmas incorpor\u00f3 personal.<\/li>\n<li>El 19,7% de las pymes redujo su plantilla.<\/li>\n<li>En la industria, los despidos afectaron al <b>28,8%<\/b> de las empresas relevadas.<\/li>\n<\/ul>\n<p>Como resultado, el empleo pyme experiment\u00f3 una variaci\u00f3n negativa del <b>-2,99%<\/b> durante el trimestre.<\/p>\n<h4>Sobrevivir a base de endeudamiento<\/h4>\n<p>Ante la falta de liquidez y la crisis de rentabilidad, el financiamiento cambi\u00f3 su prop\u00f3sito. Ya no es una herramienta para la expansi\u00f3n, sino un <b>mecanismo de estricta subsistencia<\/b>.<\/p>\n<ul>\n<li>El 21,3% de las <b>pymes<\/b> se endeud\u00f3 para afrontar el pago de impuestos.<\/li>\n<li>El 20,5% lo hizo para cubrir salarios o aguinaldos.<\/li>\n<\/ul>\n<p>Este panorama se agrava por las dificultades en la cadena de pagos. El 59% de los empresarios denunci\u00f3 que sus clientes extendieron los plazos de pago, y el 47% sufri\u00f3 mayores incumplimientos. La brecha financiera es considerable: las pymes financian a sus compradores durante 37 d\u00edas en promedio, pero deben pagar a sus proveedores en solo 30 d\u00edas, lo que intensifica la falta de capital de trabajo.<\/p>\n<h4>Expectativas y temores de futuro<\/h4>\n<p>La perspectiva de los empresarios es marcadamente pesimista. La gran mayor\u00eda no ve un horizonte de mejora en el corto plazo:<\/p>\n<ul>\n<li>El <b>76%<\/b> de los encuestados consider\u00f3 que la econom\u00eda nacional continuar\u00e1 empeorando.<\/li>\n<li>El <b>65%<\/b> descart\u00f3 invertir en el corto plazo.<\/li>\n<\/ul>\n<p>Entre las principales limitantes que identificaron los l\u00edderes pyme se encuentran:<\/p>\n<ol start=\"1\">\n<li>La ca\u00edda del mercado interno (75%).<\/li>\n<li>La reducci\u00f3n de la rentabilidad (55%).<\/li>\n<li>La apertura de importaciones (43%).<\/li>\n<\/ol>\n<p>El informe de ENAC subraya que las <b>pymes<\/b> no solo enfrentan una recesi\u00f3n, sino un \u00abprofundo problema estructural de rentabilidad y demanda agregada\u00bb que amenaza su continuidad. La alerta de que una de cada ocho firmas pueda cerrar a fin de a\u00f1o subraya la urgencia de medidas que reactiven el consumo y alivien la presi\u00f3n de los costos operativos en el sector.<\/p>\n","protected":false},"excerpt":{"rendered":"<p>La crisis de las pymes: un panorama desolador El sector de las pymes argentinas enfrenta un panorama cr\u00edtico. El informe<\/p>\n","protected":false},"author":1,"featured_media":118196,"comment_status":"closed","ping_status":"closed","sticky":false,"template":"","format":"standard","meta":{"kia_subtitle":"La profunda crisis de rentabilidad y consumo afecta a las peque\u00f1as y medianas empresas (pymes). Un informe del Radar Pyme de ENAC revel\u00f3 que el 13% de los empresarios teme cerrar antes de que finalice 2025, en un escenario marcado por la ca\u00edda de las ventas, el alza de costos y la subutilizaci\u00f3n de la capacidad instalada.","footnotes":"","jetpack_publicize_message":"","jetpack_publicize_feature_enabled":true,"jetpack_social_post_already_shared":true,"jetpack_social_options":{"image_generator_settings":{"template":"highway","default_image_id":0,"font":"","enabled":false},"version":2}},"categories":[3,41],"tags":[],"class_list":["post-121060","post","type-post","status-publish","format-standard","has-post-thumbnail","hentry","category-actualidad","category-nacionales"],"jetpack_publicize_connections":[],"jetpack_featured_media_url":"https:\/\/laurbedigital.com.ar\/noticias\/wp-content\/uploads\/2025\/07\/20260727-pyme.jpg","_links":{"self":[{"href":"https:\/\/laurbedigital.com.ar\/noticias\/wp-json\/wp\/v2\/posts\/121060","targetHints":{"allow":["GET"]}}],"collection":[{"href":"https:\/\/laurbedigital.com.ar\/noticias\/wp-json\/wp\/v2\/posts"}],"about":[{"href":"https:\/\/laurbedigital.com.ar\/noticias\/wp-json\/wp\/v2\/types\/post"}],"author":[{"embeddable":true,"href":"https:\/\/laurbedigital.com.ar\/noticias\/wp-json\/wp\/v2\/users\/1"}],"replies":[{"embeddable":true,"href":"https:\/\/laurbedigital.com.ar\/noticias\/wp-json\/wp\/v2\/comments?post=121060"}],"version-history":[{"count":1,"href":"https:\/\/laurbedigital.com.ar\/noticias\/wp-json\/wp\/v2\/posts\/121060\/revisions"}],"predecessor-version":[{"id":121061,"href":"https:\/\/laurbedigital.com.ar\/noticias\/wp-json\/wp\/v2\/posts\/121060\/revisions\/121061"}],"wp:featuredmedia":[{"embeddable":true,"href":"https:\/\/laurbedigital.com.ar\/noticias\/wp-json\/wp\/v2\/media\/118196"}],"wp:attachment":[{"href":"https:\/\/laurbedigital.com.ar\/noticias\/wp-json\/wp\/v2\/media?parent=121060"}],"wp:term":[{"taxonomy":"category","embeddable":true,"href":"https:\/\/laurbedigital.com.ar\/noticias\/wp-json\/wp\/v2\/categories?post=121060"},{"taxonomy":"post_tag","embeddable":true,"href":"https:\/\/laurbedigital.com.ar\/noticias\/wp-json\/wp\/v2\/tags?post=121060"}],"curies":[{"name":"wp","href":"https:\/\/api.w.org\/{rel}","templated":true}]}}