{"id":121048,"date":"2025-10-29T03:09:35","date_gmt":"2025-10-29T06:09:35","guid":{"rendered":"https:\/\/laurbedigital.com.ar\/noticias\/?p=121048"},"modified":"2025-10-29T03:09:35","modified_gmt":"2025-10-29T06:09:35","slug":"pre-cosquin-2026-convocan-a-artistas-brownianos-a-participar-del-certamen-folklorico-mas-importante-del-pais","status":"publish","type":"post","link":"https:\/\/laurbedigital.com.ar\/noticias\/2025\/10\/29\/pre-cosquin-2026-convocan-a-artistas-brownianos-a-participar-del-certamen-folklorico-mas-importante-del-pais\/","title":{"rendered":"Pre Cosqu\u00edn 2026: convocan a artistas brownianos a participar del certamen folkl\u00f3rico m\u00e1s importante del pa\u00eds"},"content":{"rendered":"<div>Esta convocatoria permitir\u00e1 conformar la delegaci\u00f3n que llevar\u00e1 el talento browniano a la\u00a0<strong>54\u00aa edici\u00f3n del certamen para nuevos valores<\/strong>\u00a0en la ciudad de Cosqu\u00edn, C\u00f3rdoba.<\/div>\n<p>La actividad realizada a trav\u00e9s del Instituto Municipal de las Culturas, est\u00e1 dirigida a j\u00f3venes y personas adultas mayores de 16 a\u00f1os apasionadas por la m\u00fasica y la danza, que deseen formar parte de esta competencia que promueve y reconoce el talento art\u00edstico de todo el pa\u00eds, fortaleciendo nuestras ra\u00edces y tradiciones populares.<\/p>\n<p>Las y los interesados podr\u00e1n inscribirse de forma gratuita desde el 28 de octubre hasta el 21 de noviembre, enviando sus datos al correo electr\u00f3nico\u00a0<a href=\"mailto:precosquinsedebrown@gmail.com\" target=\"_blank\" rel=\"nofollow noopener\">precosquinsedebrow<wbr \/>n@gmail.com<\/a>.<\/p>\n<p>La etapa clasificatoria local se realizar\u00e1 los d\u00edas 28, 29 y 30 de noviembre en el Centro de Arte y Cultura Enrique Santos Disc\u00e9polo, ubicado en Eugenio de Burzaco 740, Burzaco.<\/p>\n<p><img loading=\"lazy\" decoding=\"async\" class=\"alignnone size-full wp-image-121050\" src=\"https:\/\/laurbedigital.com.ar\/noticias\/wp-content\/uploads\/2025\/10\/20251029-Brown-Pre-Cosquin1.jpg\" alt=\"\" width=\"768\" height=\"428\" title=\"\" srcset=\"https:\/\/laurbedigital.com.ar\/noticias\/wp-content\/uploads\/2025\/10\/20251029-Brown-Pre-Cosquin1.jpg 768w, https:\/\/laurbedigital.com.ar\/noticias\/wp-content\/uploads\/2025\/10\/20251029-Brown-Pre-Cosquin1-300x167.jpg 300w\" sizes=\"auto, (max-width: 768px) 100vw, 768px\" \/><\/p>\n<p>Esta nueva edici\u00f3n del Pre Cosqu\u00edn contar\u00e1 con una amplia variedad de rubros que abarcan tanto la m\u00fasica como la danza. En el \u00e1rea musical se incluyen las categor\u00edas de\u00a0<strong>solista vocal, d\u00fao vocal, conjunto vocal, solista instrumental,<\/strong><strong>\u00a0<\/strong><strong>conjunto instrumental y canci\u00f3n in\u00e9dita<\/strong><b>,\u00a0<\/b>mientras que en el \u00e1mbito de la danza se podr\u00e1 competir en\u00a0<strong>solista de malambo femenino y masculino, conjunto de malambo, pareja de baile tradicional, pareja de baile estilizada y conjunto de baile folcl\u00f3rico<\/strong><b>,<\/b>\u00a0representando as\u00ed la diversidad y riqueza del arte popular argentino.<\/p>\n<p>Las y los artistas que resulten ganadores en la instancia local tendr\u00e1n el honor de representar a Almirante Brown en la ciudad de Cosqu\u00edn, provincia de C\u00f3rdoba, disputando un lugar en la gran final, que se desarrollar\u00e1 en enero sobre el emblem\u00e1tico escenario \u201cAtahualpa Yupanqui\u201d de la plaza Pr\u00f3spero Molina, junto a grandes figuras de la cultura nacional.<\/p>\n","protected":false},"excerpt":{"rendered":"<p>Esta convocatoria permitir\u00e1 conformar la delegaci\u00f3n que llevar\u00e1 el talento browniano a la\u00a054\u00aa edici\u00f3n del certamen para nuevos valores\u00a0en la<\/p>\n","protected":false},"author":1,"featured_media":121049,"comment_status":"closed","ping_status":"closed","sticky":false,"template":"","format":"standard","meta":{"kia_subtitle":"El Municipio de Almirante Brown que conduce Mariano Cascallares inform\u00f3 que ya se encuentra abierta la inscripci\u00f3n para participar de la edici\u00f3n 2026 del Pre Cosqu\u00edn, donde se seleccionar\u00e1 a las y los artistas que representar\u00e1n a nuestro distrito en este tradicional festival de m\u00fasica y danza nacional.\u00a0","footnotes":"","jetpack_publicize_message":"","jetpack_publicize_feature_enabled":true,"jetpack_social_post_already_shared":true,"jetpack_social_options":{"image_generator_settings":{"template":"highway","default_image_id":0,"font":"","enabled":false},"version":2}},"categories":[2,33],"tags":[],"class_list":["post-121048","post","type-post","status-publish","format-standard","has-post-thumbnail","hentry","category-alte-brown","category-alte-brown-alte-brown"],"jetpack_publicize_connections":[],"jetpack_featured_media_url":"https:\/\/laurbedigital.com.ar\/noticias\/wp-content\/uploads\/2025\/10\/20251029-Brown-Pre-Cosquin.jpg","_links":{"self":[{"href":"https:\/\/laurbedigital.com.ar\/noticias\/wp-json\/wp\/v2\/posts\/121048","targetHints":{"allow":["GET"]}}],"collection":[{"href":"https:\/\/laurbedigital.com.ar\/noticias\/wp-json\/wp\/v2\/posts"}],"about":[{"href":"https:\/\/laurbedigital.com.ar\/noticias\/wp-json\/wp\/v2\/types\/post"}],"author":[{"embeddable":true,"href":"https:\/\/laurbedigital.com.ar\/noticias\/wp-json\/wp\/v2\/users\/1"}],"replies":[{"embeddable":true,"href":"https:\/\/laurbedigital.com.ar\/noticias\/wp-json\/wp\/v2\/comments?post=121048"}],"version-history":[{"count":1,"href":"https:\/\/laurbedigital.com.ar\/noticias\/wp-json\/wp\/v2\/posts\/121048\/revisions"}],"predecessor-version":[{"id":121051,"href":"https:\/\/laurbedigital.com.ar\/noticias\/wp-json\/wp\/v2\/posts\/121048\/revisions\/121051"}],"wp:featuredmedia":[{"embeddable":true,"href":"https:\/\/laurbedigital.com.ar\/noticias\/wp-json\/wp\/v2\/media\/121049"}],"wp:attachment":[{"href":"https:\/\/laurbedigital.com.ar\/noticias\/wp-json\/wp\/v2\/media?parent=121048"}],"wp:term":[{"taxonomy":"category","embeddable":true,"href":"https:\/\/laurbedigital.com.ar\/noticias\/wp-json\/wp\/v2\/categories?post=121048"},{"taxonomy":"post_tag","embeddable":true,"href":"https:\/\/laurbedigital.com.ar\/noticias\/wp-json\/wp\/v2\/tags?post=121048"}],"curies":[{"name":"wp","href":"https:\/\/api.w.org\/{rel}","templated":true}]}}