{"id":121032,"date":"2025-10-29T01:15:37","date_gmt":"2025-10-29T04:15:37","guid":{"rendered":"https:\/\/laurbedigital.com.ar\/noticias\/?p=121032"},"modified":"2025-10-29T01:15:37","modified_gmt":"2025-10-29T04:15:37","slug":"discapacidad-el-gobierno-ofrece-aumentos-irrisorios-e-incumple-la-ley-de-emergencia","status":"publish","type":"post","link":"https:\/\/laurbedigital.com.ar\/noticias\/2025\/10\/29\/discapacidad-el-gobierno-ofrece-aumentos-irrisorios-e-incumple-la-ley-de-emergencia\/","title":{"rendered":"Discapacidad: El Gobierno ofrece aumentos \u00abirrisorios\u00bb e incumple la Ley de Emergencia"},"content":{"rendered":"<p>El directorio del Sistema \u00danico de Prestaciones B\u00e1sicas para personas con discapacidad se reuni\u00f3 este martes en la <b>Agencia Nacional de Discapacidad (Andis)<\/b>, donde los organismos gubernamentales aprobaron una propuesta de aumentos que ha sido calificada como \u00abinsuficiente\u00bb e \u00abirrisoria\u00bb por los prestadores y diversas organizaciones del sector. La controversia radica en que los porcentajes aprobados (con un acumulado de entre 29,73% y 35,43% hasta diciembre) est\u00e1n muy por debajo de las necesidades urgentes del colectivo y, m\u00e1s importante a\u00fan, el Ejecutivo Nacional contin\u00faa suspendiendo la aplicaci\u00f3n de la <b>Ley de Emergencia en Discapacidad (Ley 27.793)<\/b>, que hab\u00eda sido aprobada y ratificada por el Congreso.<\/p>\n<h4>Aumentos del Gobierno vs. Exigencia de Emergencia<\/h4>\n<p>La reuni\u00f3n del Directorio cont\u00f3 con la presencia de la Andis, el Ministerio de Salud, el Pami, la Superintendencia de Servicios de Salud e Incluir Salud, quienes votaron a favor de la propuesta oficialista. El \u00fanico voto en contra provino del representante de los prestadores de servicios, <b>Daniel Lipani<\/b>, quien intent\u00f3 sin \u00e9xito incorporar mociones que exig\u00edan el cumplimiento de la Ley de Emergencia.<\/p>\n<h5> <b>La propuesta oficialista de incrementos<\/b><\/h5>\n<p>El Gobierno present\u00f3 un esquema de incrementos segmentados en dos categor\u00edas, que buscan cubrir el trimestre final del a\u00f1o:<\/p>\n<ol start=\"1\">\n<li><b>Prestaciones prioritarias (transporte, rehabilitaci\u00f3n, internaci\u00f3n, apoyo):<\/b>\n<ul>\n<li>Octubre: <span class=\"math-inline\" data-math=\"14\\%\">$14\\%$<\/span><\/li>\n<li>Noviembre: <span class=\"math-inline\" data-math=\"10\\%\">$10\\%$<\/span><\/li>\n<li>Diciembre: <span class=\"math-inline\" data-math=\"8\\%\">$8\\%$<\/span><\/li>\n<li><b>Acumulado total:<\/b> <span class=\"math-inline\" data-math=\"35,43\\%\">$35,43\\%$<\/span><\/li>\n<\/ul>\n<\/li>\n<li><b>Otras prestaciones no nombradas:<\/b>\n<ul>\n<li>Octubre: <span class=\"math-inline\" data-math=\"12\\%\">$12\\%$<\/span><\/li>\n<li>Noviembre: <span class=\"math-inline\" data-math=\"8,25\\%\">$8,25\\%$<\/span><\/li>\n<li>Diciembre: <span class=\"math-inline\" data-math=\"7\\%\">$7\\%$<\/span><\/li>\n<li><b>Acumulado total:<\/b> <span class=\"math-inline\" data-math=\"29,73\\%\">$29,73\\%$<\/span><\/li>\n<\/ul>\n<\/li>\n<\/ol>\n<h5> <b>El reclamo del sector: Aplicar la Ley 27.793<\/b><\/h5>\n<p>El <b>Foro para la Promoci\u00f3n y Defensa de los Derechos de las Personas con Discapacidad<\/b> y la <b>Federaci\u00f3n Argentina de Transportistas de Personas con Discapacidad (Fatradis)<\/b> rechazaron de plano estos n\u00fameros. Argumentan que el porcentaje propuesto es \u00abclaramente insuficiente frente a la inflaci\u00f3n acumulada, los costos reales de funcionamiento y la profunda crisis que atraviesan los prestadores\u00bb.<\/p>\n<p>El representante de los prestadores solicit\u00f3 formalmente que se incorpore a la votaci\u00f3n la exigencia de la Ley de Emergencia, incluyendo:<\/p>\n<ul>\n<li><b>Incremento del <span class=\"math-inline\" data-math=\"70\\%\">$70\\%$<\/span>:<\/b> Aplicar un aumento del <span class=\"math-inline\" data-math=\"70\\%\">$70\\%$<\/span> sobre el valor vigente para todas las prestaciones a partir de octubre de 2025 (Art. <span class=\"math-inline\" data-math=\"14\">$14$<\/span> de la Ley <span class=\"math-inline\" data-math=\"27.793\">$27.793$<\/span>).<\/li>\n<li><b>Aumento autom\u00e1tico:<\/b> Poner en pr\u00e1ctica, a partir de noviembre de 2025, el aumento autom\u00e1tico de las prestaciones de acuerdo con el mecanismo establecido en el decreto <span class=\"math-inline\" data-math=\"274\/24\">$274\/24$<\/span> (Art. <span class=\"math-inline\" data-math=\"14\">$14$<\/span> de la Ley <span class=\"math-inline\" data-math=\"27.793\">$27.793$<\/span>).<\/li>\n<li><b>Reasignaci\u00f3n de partidas:<\/b> Solicitar la reasignaci\u00f3n de los fondos necesarios para dar cumplimiento a la Ley, incluyendo la compensaci\u00f3n de emergencia para el programa Incluir Salud.<\/li>\n<\/ul>\n<h4><b>\u00bfD\u00f3nde est\u00e1 la plata? La denuncia sobre los fondos asignados<\/b><\/h4>\n<p>El conflicto se agudiza por el se\u00f1alamiento directo de Fatradis sobre la disponibilidad de fondos. La entidad subraya que <b>\u00abLa plata est\u00e1\u00bb<\/b>, citando que la Ley de Emergencia asigna <b><span class=\"math-inline\" data-math=\"121.000\">$121.000$<\/span> millones de pesos<\/b> para garantizar prestaciones, pensiones, servicios y derechos.<\/p>\n<p>El sector denuncia la falta de transparencia y gesti\u00f3n de estos recursos, preguntando si hay \u00abotra vez problemas con la caja en la ANDIS\u00bb. Adem\u00e1s, advierten sobre el impacto real y el desfasaje temporal: estos aumentos aprobados \u00abse van a terminar de cobrar reci\u00e9n en marzo\/abril de 2026\u00bb, lo que agrava la situaci\u00f3n financiera de las instituciones y transportistas que brindan servicios esenciales.<\/p>\n<p>La <b>Federaci\u00f3n Argentina de Transportistas de Personas con Discapacidad<\/b> tambi\u00e9n critic\u00f3 que la propuesta del Gobierno no contempla <b>compensaciones retroactivas<\/b> ni aumentos para <b>talleres protegidos<\/b>, dejando a un segmento fundamental de la red de contenci\u00f3n sin un alivio econ\u00f3mico inmediato.<\/p>\n<p>Ante esta situaci\u00f3n, tanto el Foro como Fatradis han declarado el estado de alerta y convocaron a la sociedad y la dirigencia pol\u00edtica a tomar medidas urgentes para asegurar el cumplimiento pleno de la Ley <span class=\"math-inline\" data-math=\"27.793\">$27.793$<\/span> y la distribuci\u00f3n transparente de los fondos.<\/p>\n","protected":false},"excerpt":{"rendered":"<p>El directorio del Sistema \u00danico de Prestaciones B\u00e1sicas para personas con discapacidad se reuni\u00f3 este martes en la Agencia Nacional<\/p>\n","protected":false},"author":1,"featured_media":121028,"comment_status":"closed","ping_status":"closed","sticky":false,"template":"","format":"standard","meta":{"kia_subtitle":"El directorio de Prestaciones B\u00e1sicas vot\u00f3 aumentos de entre 29% y 35% hasta diciembre, rechazados por el sector que los considera insuficientes ante la crisis inflacionaria y exige la aplicaci\u00f3n inmediata de la Ley 27.793.","footnotes":"","jetpack_publicize_message":"","jetpack_publicize_feature_enabled":true,"jetpack_social_post_already_shared":true,"jetpack_social_options":{"image_generator_settings":{"template":"highway","default_image_id":0,"font":"","enabled":false},"version":2}},"categories":[3,41],"tags":[],"class_list":["post-121032","post","type-post","status-publish","format-standard","has-post-thumbnail","hentry","category-actualidad","category-nacionales"],"jetpack_publicize_connections":[],"jetpack_featured_media_url":"https:\/\/laurbedigital.com.ar\/noticias\/wp-content\/uploads\/2025\/10\/20251029-discapacidad.jpg","_links":{"self":[{"href":"https:\/\/laurbedigital.com.ar\/noticias\/wp-json\/wp\/v2\/posts\/121032","targetHints":{"allow":["GET"]}}],"collection":[{"href":"https:\/\/laurbedigital.com.ar\/noticias\/wp-json\/wp\/v2\/posts"}],"about":[{"href":"https:\/\/laurbedigital.com.ar\/noticias\/wp-json\/wp\/v2\/types\/post"}],"author":[{"embeddable":true,"href":"https:\/\/laurbedigital.com.ar\/noticias\/wp-json\/wp\/v2\/users\/1"}],"replies":[{"embeddable":true,"href":"https:\/\/laurbedigital.com.ar\/noticias\/wp-json\/wp\/v2\/comments?post=121032"}],"version-history":[{"count":1,"href":"https:\/\/laurbedigital.com.ar\/noticias\/wp-json\/wp\/v2\/posts\/121032\/revisions"}],"predecessor-version":[{"id":121033,"href":"https:\/\/laurbedigital.com.ar\/noticias\/wp-json\/wp\/v2\/posts\/121032\/revisions\/121033"}],"wp:featuredmedia":[{"embeddable":true,"href":"https:\/\/laurbedigital.com.ar\/noticias\/wp-json\/wp\/v2\/media\/121028"}],"wp:attachment":[{"href":"https:\/\/laurbedigital.com.ar\/noticias\/wp-json\/wp\/v2\/media?parent=121032"}],"wp:term":[{"taxonomy":"category","embeddable":true,"href":"https:\/\/laurbedigital.com.ar\/noticias\/wp-json\/wp\/v2\/categories?post=121032"},{"taxonomy":"post_tag","embeddable":true,"href":"https:\/\/laurbedigital.com.ar\/noticias\/wp-json\/wp\/v2\/tags?post=121032"}],"curies":[{"name":"wp","href":"https:\/\/api.w.org\/{rel}","templated":true}]}}