{"id":121024,"date":"2025-10-29T01:03:51","date_gmt":"2025-10-29T04:03:51","guid":{"rendered":"https:\/\/laurbedigital.com.ar\/noticias\/?p=121024"},"modified":"2025-10-29T01:03:51","modified_gmt":"2025-10-29T04:03:51","slug":"dia-mundial-del-accidente-cerebrovascular","status":"publish","type":"post","link":"https:\/\/laurbedigital.com.ar\/noticias\/2025\/10\/29\/dia-mundial-del-accidente-cerebrovascular\/","title":{"rendered":"Conciencia y prevenci\u00f3n: D\u00eda Mundial del Accidente Cerebrovascular"},"content":{"rendered":"<p>El D\u00eda Mundial del Accidente Cerebrovascular, que se conmemora cada 29 de octubre, es una oportunidad para reflexionar sobre una de las principales causas de discapacidad y mortalidad en el mundo. Esta fecha se dedica a la concientizaci\u00f3n de una enfermedad que afecta a millones de personas y que, en muchos casos, puede prevenirse o minimizarse mediante la educaci\u00f3n, el reconocimiento temprano de s\u00edntomas y el acceso a una atenci\u00f3n m\u00e9dica r\u00e1pida y efectiva.<\/p>\n<p>Los accidentes cerebrovasculares (ACV) se producen cuando el flujo de sangre al cerebro se interrumpe, causando la muerte de las c\u00e9lulas cerebrales por falta de ox\u00edgeno. Existen dos tipos principales: el isqu\u00e9mico, provocado por la obstrucci\u00f3n de una arteria, y el hemorr\u00e1gico, causado por el rompimiento de un vaso sangu\u00edneo. En ambos casos, el tiempo de respuesta es crucial, ya que una atenci\u00f3n oportuna puede marcar la diferencia entre la recuperaci\u00f3n y las secuelas permanentes, o incluso la muerte.<\/p>\n<p>Seg\u00fan la Organizaci\u00f3n Mundial de la Salud (OMS), uno de cada cuatro adultos mayores de 25 a\u00f1os sufrir\u00e1 un accidente cerebrovascular en alg\u00fan momento de su vida, y se estima que cada a\u00f1o fallecen alrededor de seis millones de personas en el mundo debido a esta condici\u00f3n. Las cifras revelan una realidad alarmante que subraya la importancia de promover h\u00e1bitos de vida saludable y reconocer los factores de riesgo, entre los que se encuentran la hipertensi\u00f3n, el sedentarismo, el tabaquismo, el consumo excesivo de alcohol y una dieta poco balanceada.<\/p>\n<p>La campa\u00f1a de este a\u00f1o enfatiza la importancia de \u00abActuar R\u00e1pido\u00bb, promoviendo la regla F.A.S.T. (por sus siglas en ingl\u00e9s: cara, brazos, habla y tiempo). Esta t\u00e9cnica de reconocimiento inmediato de los s\u00edntomas de un ACV sugiere que, ante una par\u00e1lisis facial repentina, dificultad para levantar los brazos o problemas para hablar, es fundamental actuar de inmediato y llamar a los servicios de emergencia.<\/p>\n<p>La conmemoraci\u00f3n del D\u00eda Mundial del Accidente Cerebrovascular busca no solo reducir el n\u00famero de casos, sino tambi\u00e9n fomentar una cultura de prevenci\u00f3n y acci\u00f3n r\u00e1pida. Las personas pueden reducir el riesgo de sufrir un ACV mediante peque\u00f1os cambios en el estilo de vida y el monitoreo constante de su salud. En definitiva, esta fecha es una invitaci\u00f3n a informarse y a ser proactivos en el cuidado de la salud cerebral, recordando que cada segundo cuenta y que, ante los signos de un accidente cerebrovascular, actuar con rapidez salva vidas.<\/p>\n","protected":false},"excerpt":{"rendered":"<p>El D\u00eda Mundial del Accidente Cerebrovascular, que se conmemora cada 29 de octubre, es una oportunidad para reflexionar sobre una<\/p>\n","protected":false},"author":1,"featured_media":110111,"comment_status":"closed","ping_status":"closed","sticky":false,"template":"","format":"standard","meta":{"kia_subtitle":"Cada 29 de octubre, el mundo se une para sensibilizar sobre el impacto de los accidentes cerebrovasculares y fomentar pr\u00e1cticas de prevenci\u00f3n y atenci\u00f3n temprana.","footnotes":"","jetpack_publicize_message":"","jetpack_publicize_feature_enabled":true,"jetpack_social_post_already_shared":true,"jetpack_social_options":{"image_generator_settings":{"template":"highway","default_image_id":0,"font":"","enabled":false},"version":2}},"categories":[5,2594],"tags":[],"class_list":["post-121024","post","type-post","status-publish","format-standard","has-post-thumbnail","hentry","category-cultura","category-efemerides"],"jetpack_publicize_connections":[],"jetpack_featured_media_url":"https:\/\/laurbedigital.com.ar\/noticias\/wp-content\/uploads\/2024\/10\/202410229-acv-tomografia-cerebro.jpg","_links":{"self":[{"href":"https:\/\/laurbedigital.com.ar\/noticias\/wp-json\/wp\/v2\/posts\/121024","targetHints":{"allow":["GET"]}}],"collection":[{"href":"https:\/\/laurbedigital.com.ar\/noticias\/wp-json\/wp\/v2\/posts"}],"about":[{"href":"https:\/\/laurbedigital.com.ar\/noticias\/wp-json\/wp\/v2\/types\/post"}],"author":[{"embeddable":true,"href":"https:\/\/laurbedigital.com.ar\/noticias\/wp-json\/wp\/v2\/users\/1"}],"replies":[{"embeddable":true,"href":"https:\/\/laurbedigital.com.ar\/noticias\/wp-json\/wp\/v2\/comments?post=121024"}],"version-history":[{"count":2,"href":"https:\/\/laurbedigital.com.ar\/noticias\/wp-json\/wp\/v2\/posts\/121024\/revisions"}],"predecessor-version":[{"id":121026,"href":"https:\/\/laurbedigital.com.ar\/noticias\/wp-json\/wp\/v2\/posts\/121024\/revisions\/121026"}],"wp:featuredmedia":[{"embeddable":true,"href":"https:\/\/laurbedigital.com.ar\/noticias\/wp-json\/wp\/v2\/media\/110111"}],"wp:attachment":[{"href":"https:\/\/laurbedigital.com.ar\/noticias\/wp-json\/wp\/v2\/media?parent=121024"}],"wp:term":[{"taxonomy":"category","embeddable":true,"href":"https:\/\/laurbedigital.com.ar\/noticias\/wp-json\/wp\/v2\/categories?post=121024"},{"taxonomy":"post_tag","embeddable":true,"href":"https:\/\/laurbedigital.com.ar\/noticias\/wp-json\/wp\/v2\/tags?post=121024"}],"curies":[{"name":"wp","href":"https:\/\/api.w.org\/{rel}","templated":true}]}}