{"id":121011,"date":"2025-10-27T21:56:58","date_gmt":"2025-10-28T00:56:58","guid":{"rendered":"https:\/\/laurbedigital.com.ar\/noticias\/?p=121011"},"modified":"2025-10-27T18:58:58","modified_gmt":"2025-10-27T21:58:58","slug":"aumento-alquileres-y-servicios-lidera-el-ajuste-el-peso-de-los-gastos-fijos-redefine-la-canasta-familiar","status":"publish","type":"post","link":"https:\/\/laurbedigital.com.ar\/noticias\/2025\/10\/27\/aumento-alquileres-y-servicios-lidera-el-ajuste-el-peso-de-los-gastos-fijos-redefine-la-canasta-familiar\/","title":{"rendered":"Aumento alquileres y servicios lidera el ajuste: el peso de los gastos fijos redefine la canasta familiar"},"content":{"rendered":"<p>La pol\u00edtica de ajuste implementada por el Gobierno de La Libertad Avanza (LLA) ha generado una profunda reestructuraci\u00f3n en las econom\u00edas dom\u00e9sticas argentinas. Lejos de una mejora para las mayor\u00edas, el \u00faltimo per\u00edodo se caracteriza por una <b>creciente transferencia de ingresos<\/b> desde el bolsillo de los trabajadores hacia los gastos fijos esenciales. Este fen\u00f3meno es impulsado por la nueva estructura de precios relativos, donde el <b>aumento alquileres y servicios<\/b> p\u00fablicos se consolid\u00f3 como el componente que m\u00e1s creci\u00f3, forzando a miles de familias a redise\u00f1ar sus canastas de consumo y, en muchos casos, retroceder en la escala social.<\/p>\n<p>Seg\u00fan un informe del Instituto Argentino de An\u00e1lisis Fiscal (IARAF), entre noviembre de 2023 y septiembre de 2025, los alquileres y los servicios p\u00fablicos son los rubros que m\u00e1s incrementaron su precio relativo. Su suba acumulada, tomando noviembre de 2023 como base 100, alcanz\u00f3 un asombroso <b>53,0% real<\/b> hasta septiembre de 2025.<\/p>\n<h4>Alquileres y tarifas: un salto que supera al IPC<\/h4>\n<p>El impacto del ajuste en los gastos fijos es evidente al comparar la evoluci\u00f3n de precios. Mientras que la inflaci\u00f3n minorista general (IPC) en septiembre fue de 2,1% mensual, los rubros de <b>Vivienda, agua, electricidad y otros combustibles<\/b> la superaron con un 3,1%.<\/p>\n<p>El caso de los alquileres es a\u00fan m\u00e1s dr\u00e1stico. En septiembre, la suba mensual fue del 3,5%. El acumulado anual hasta la fecha sit\u00faa el aumento de los alquileres muy por encima del \u00cdndice de Precios al Consumidor (IPC) en todas las regiones del pa\u00eds. En la Patagonia, por ejemplo, los alquileres se incrementaron un <b>101%<\/b>, mientras el IPC regional creci\u00f3 23,7%. En el Gran Buenos Aires (GBA), el alquiler subi\u00f3 56,8% frente a una inflaci\u00f3n de 22,1%.<\/p>\n<p>El <b>aumento alquileres y servicios<\/b> se ve agravado en el sector de los servicios p\u00fablicos, afectado directamente por la quita de subsidios y los ajustes tarifarios. El informe del Instituto Interdisciplinario de Econom\u00eda Pol\u00edtica (IIEP-UBA CONICET) indica que, entre diciembre de 2023 y el corriente mes, la canasta de servicios p\u00fablicos del AMBA (energ\u00eda, gas, agua y transporte) se dispar\u00f3 un <b>514%<\/b>, mientras que el nivel general de precios (inflaci\u00f3n) lo hizo en 171%.<\/p>\n<p>Como resultado, la canasta de servicios p\u00fablicos ya representa el <b>10,7% de un salario promedio registrado<\/b> (estimado en $1.600.815).<\/p>\n<h4>La salud prepaga y el deterioro del salario<\/h4>\n<p>Otro rubro de fuerte impacto en el bolsillo familiar es la medicina prepaga, cuya desregulaci\u00f3n se profundiz\u00f3 mediante el Decreto 102\/2025 del Gobierno de LLA, permitiendo a las empresas fijar libremente sus cuotas.<\/p>\n<p>La incidencia del gasto en salud sobre el salario formal promedio muestra un deterioro sostenido. El gasto en un plan espec\u00edfico, que en 2013 demandaba el 11% del salario, antes del acuerdo con el Gobierno en abril de 2024 alcanz\u00f3 el 27,5% (m\u00e1ximo en doce a\u00f1os). Si bien hubo una baja temporal, la incidencia volvi\u00f3 a subir, alcanzando un <b>24% estimado este mes<\/b>.<\/p>\n<p>En s\u00edntesis, la desregulaci\u00f3n gener\u00f3 que, desde el inicio de la gesti\u00f3n Milei (noviembre de 2023) hasta octubre, el peso de la medicina prepaga sobre el salario formal escalara del <b>18% al 24%<\/b>, es decir, un aumento de 6 puntos porcentuales. En t\u00e9rminos de valor real, prepagas como OMINT registraron un incremento real del 41% respecto a noviembre de 2023, ubicando el valor de la cuota en el punto m\u00e1s alto de los \u00faltimos trece a\u00f1os.<\/p>\n<h4>Recesi\u00f3n y desplazamiento del consumo<\/h4>\n<p>Este marcado <b>aumento alquileres y servicios<\/b> y el encarecimiento de rubros como salud, transporte y educaci\u00f3n oblig\u00f3 a los hogares a sacrificar otros consumos. La nueva estructura de precios ha obligado a desplazar bienes tradicionales \u2014como carne vacuna, l\u00e1cteos e indumentaria\u2014 para poder cubrir los crecientes gastos fijos.<\/p>\n<p>Mientras los gastos regulados se disparaban, otros rubros como <b>prendas de vestir y calzado<\/b> experimentaron la mayor baja relativa (-28% entre noviembre de 2023 y septiembre de 2025). Sin embargo, esta ca\u00edda no es se\u00f1al de mejora, sino un reflejo directo de la profunda recesi\u00f3n econ\u00f3mica y la p\u00e9rdida de poder adquisitivo de los consumidores.<\/p>\n<p>Los datos oficiales de empleo, que marcan una p\u00e9rdida de 200.000 puestos formales desde noviembre de 2023, y la contracci\u00f3n del consumo (una ca\u00edda del 3,7% en septiembre, seg\u00fan datos privados), confirman que el fuerte ajuste se tradujo en una transferencia de recursos de los trabajadores, un aumento del endeudamiento familiar y una reconfiguraci\u00f3n forzada de la subsistencia de los hogares argentinos.<\/p>\n","protected":false},"excerpt":{"rendered":"<p>La pol\u00edtica de ajuste implementada por el Gobierno de La Libertad Avanza (LLA) ha generado una profunda reestructuraci\u00f3n en las<\/p>\n","protected":false},"author":1,"featured_media":119070,"comment_status":"closed","ping_status":"closed","sticky":false,"template":"","format":"standard","meta":{"kia_subtitle":"El dr\u00e1stico cambio en los precios relativos bajo la gesti\u00f3n Milei oblig\u00f3 a los hogares a recortar gastos esenciales. El aumento alquileres y servicios p\u00fablicos super\u00f3 ampliamente a la inflaci\u00f3n y erosiona el poder de compra de los salarios.","footnotes":"","jetpack_publicize_message":"","jetpack_publicize_feature_enabled":true,"jetpack_social_post_already_shared":true,"jetpack_social_options":{"image_generator_settings":{"template":"highway","default_image_id":0,"font":"","enabled":false},"version":2}},"categories":[3,41],"tags":[],"class_list":["post-121011","post","type-post","status-publish","format-standard","has-post-thumbnail","hentry","category-actualidad","category-nacionales"],"jetpack_publicize_connections":[],"jetpack_featured_media_url":"https:\/\/laurbedigital.com.ar\/noticias\/wp-content\/uploads\/2025\/08\/20250826-alquileres.jpg","_links":{"self":[{"href":"https:\/\/laurbedigital.com.ar\/noticias\/wp-json\/wp\/v2\/posts\/121011","targetHints":{"allow":["GET"]}}],"collection":[{"href":"https:\/\/laurbedigital.com.ar\/noticias\/wp-json\/wp\/v2\/posts"}],"about":[{"href":"https:\/\/laurbedigital.com.ar\/noticias\/wp-json\/wp\/v2\/types\/post"}],"author":[{"embeddable":true,"href":"https:\/\/laurbedigital.com.ar\/noticias\/wp-json\/wp\/v2\/users\/1"}],"replies":[{"embeddable":true,"href":"https:\/\/laurbedigital.com.ar\/noticias\/wp-json\/wp\/v2\/comments?post=121011"}],"version-history":[{"count":1,"href":"https:\/\/laurbedigital.com.ar\/noticias\/wp-json\/wp\/v2\/posts\/121011\/revisions"}],"predecessor-version":[{"id":121012,"href":"https:\/\/laurbedigital.com.ar\/noticias\/wp-json\/wp\/v2\/posts\/121011\/revisions\/121012"}],"wp:featuredmedia":[{"embeddable":true,"href":"https:\/\/laurbedigital.com.ar\/noticias\/wp-json\/wp\/v2\/media\/119070"}],"wp:attachment":[{"href":"https:\/\/laurbedigital.com.ar\/noticias\/wp-json\/wp\/v2\/media?parent=121011"}],"wp:term":[{"taxonomy":"category","embeddable":true,"href":"https:\/\/laurbedigital.com.ar\/noticias\/wp-json\/wp\/v2\/categories?post=121011"},{"taxonomy":"post_tag","embeddable":true,"href":"https:\/\/laurbedigital.com.ar\/noticias\/wp-json\/wp\/v2\/tags?post=121011"}],"curies":[{"name":"wp","href":"https:\/\/api.w.org\/{rel}","templated":true}]}}