{"id":121004,"date":"2025-10-27T18:29:00","date_gmt":"2025-10-27T21:29:00","guid":{"rendered":"https:\/\/laurbedigital.com.ar\/noticias\/?p=121004"},"modified":"2025-10-27T18:29:33","modified_gmt":"2025-10-27T21:29:33","slug":"tos-convulsa-alerta-nacional-por-casos-triplicados-y-cuatro-muertes-en-menores","status":"publish","type":"post","link":"https:\/\/laurbedigital.com.ar\/noticias\/2025\/10\/27\/tos-convulsa-alerta-nacional-por-casos-triplicados-y-cuatro-muertes-en-menores\/","title":{"rendered":"Tos convulsa: alerta nacional por casos triplicados y cuatro muertes en menores"},"content":{"rendered":"<h4>La baja cobertura de vacunaci\u00f3n dispara los casos y muertes infantiles<\/h4>\n<p>Una severa advertencia de la Sociedad Argentina de Pediatr\u00eda (SAP) puso en el centro de la escena la preocupante situaci\u00f3n epidemiol\u00f3gica de la coqueluche, o <b>tos convulsa<\/b>. La entidad alert\u00f3 sobre un \u00abaumento de casos\u00bb en la poblaci\u00f3n pedi\u00e1trica a nivel nacional que ya triplica los n\u00fameros registrados en el a\u00f1o 2024. Lo m\u00e1s alarmante, seg\u00fan reporta el Bolet\u00edn Epidemiol\u00f3gico Nacional, es la confirmaci\u00f3n de <b>cuatro fallecimientos<\/b> por coqueluche en menores de cinco a\u00f1os en lo que va de 2025.<\/p>\n<p>Este escenario demanda una respuesta inmediata de las autoridades sanitarias y la comunidad. \u201cEste escenario demanda una respuesta inmediata para reforzar la sospecha cl\u00ednica, la confirmaci\u00f3n diagn\u00f3stica oportuna y mejorar las coberturas de vacunaci\u00f3n para controlar esta situaci\u00f3n\u201d, subray\u00f3 la SAP en su comunicado. Las jurisdicciones con la mayor incidencia acumulada de casos son Tierra del Fuego y la Ciudad Aut\u00f3noma de Buenos Aires (CABA).<\/p>\n<h5>El dram\u00e1tico impacto en los lactantes<\/h5>\n<p>La coqueluche es una enfermedad respiratoria altamente contagiosa, causada por la bacteria <i>Bordetella pertussis<\/i>, que se caracteriza por una tos intensa y persistente. Aunque afecta a personas de todas las edades, es particularmente grave en ni\u00f1as y ni\u00f1os peque\u00f1os, especialmente lactantes, donde puede desencadenar complicaciones severas como neumon\u00eda, convulsiones o, incluso, la muerte.<\/p>\n<p>El Bolet\u00edn Epidemiol\u00f3gico Nacional detalla que las cuatro muertes confirmadas por <i>Bordetella pertussis<\/i> se concentran en la franja de m\u00e1xima vulnerabilidad: dos de ellas corresponden a menores de seis meses, uno al grupo de seis a once meses y el restante, al grupo de doce a veintitr\u00e9s meses.<\/p>\n<p>En total, en lo que va de 2025 (hasta la semana epidemiol\u00f3gica 41), se registraron 3441 casos sospechosos en el pa\u00eds, de los cuales 333 fueron confirmados (288 por laboratorio). La mayor concentraci\u00f3n de enfermos se da en los menores de 5 a\u00f1os, con los beb\u00e9s menores de seis meses como los m\u00e1s afectados. En estos lactantes, la enfermedad puede manifestarse de forma at\u00edpica y m\u00e1s grave, presentando apnea y cianosis. La severidad se acrecienta en prematuros, en ni\u00f1os no vacunados o en hijos de madres que no recibieron la vacuna durante el embarazo.<\/p>\n<h5>La OPS y la importancia de la prevenci\u00f3n<\/h5>\n<p>El resurgimiento de casos en Argentina se inscribe en una tendencia regional. En junio, la Organizaci\u00f3n Panamericana de la Salud (OPS) ya hab\u00eda emitido una alerta sobre el aumento de coqueluche en las Am\u00e9ricas, instando a los Estados miembros a reforzar los sistemas de vigilancia epidemiol\u00f3gica y, crucialmente, a mantener un monitoreo continuo y detallado de las coberturas de <b>tos convulsa vacunaci\u00f3n<\/b>.<\/p>\n<p>La m\u00e9dica Vanesa Castellano, pediatra del Hospital de Ni\u00f1os \u2018Ricardo Guti\u00e9rrez\u2019, enfatiz\u00f3 a principios de a\u00f1o la gravedad de la enfermedad, especialmente por su capacidad de propagaci\u00f3n y el riesgo que implica para los m\u00e1s peque\u00f1os: \u201cEn algunos casos los ni\u00f1os que se contagian pueden ser demasiado peque\u00f1os para recibir la vacuna, no haber completado el esquema de vacunaci\u00f3n (incluidos los refuerzos) o, en el peor de los casos, que sus cuidadores hayan decidido no vacunarlos. Esta enfermedad puede tener consecuencias muy graves en los m\u00e1s peque\u00f1os\u201d.<\/p>\n<h5>El llamado urgente a la vacunaci\u00f3n<\/h5>\n<p>La Sociedad Argentina de Pediatr\u00eda es contundente al se\u00f1alar la soluci\u00f3n: \u201cla vacunaci\u00f3n es la herramienta m\u00e1s eficaz para prevenir las formas graves y las muertes por coqueluche\u201d. La meta sanitaria es alcanzar y sostener coberturas del 95% en todos los grupos objetivo.<\/p>\n<p>Sin embargo, los datos de <b>tos convulsa vacunaci\u00f3n<\/b> reflejan un d\u00e9ficit cr\u00edtico: en el a\u00f1o 2024, las coberturas para el primer refuerzo de la vacuna qu\u00edntuple\/s\u00e9xtuple (indicado entre los 15 y 18 meses) fue de solo el <b>68 %<\/b>, muy por debajo del objetivo del 95%.<\/p>\n<p>El Calendario Nacional de Vacunaci\u00f3n establece un esquema preventivo riguroso:<\/p>\n<ul>\n<li><b>Lactantes:<\/b> Dosis a los 2, 4 y 6 meses (vacuna qu\u00edntuple o pentavalente).<\/li>\n<li><b>Refuerzos Pedi\u00e1tricos:<\/b> Primer refuerzo a los 15-18 meses; segundo refuerzo a los 5 a\u00f1os; tercer refuerzo (triple bacteriana acelular) a los 11 a\u00f1os.<\/li>\n<li><b>Embarazadas:<\/b> Una dosis de triple bacteriana acelular a partir de la semana 20 de gestaci\u00f3n en cada embarazo, lo que confiere protecci\u00f3n crucial al reci\u00e9n nacido a trav\u00e9s de la transferencia de anticuerpos.<\/li>\n<\/ul>\n<p>Las autoridades y la SAP urgen a la poblaci\u00f3n a completar los esquemas y a las embarazadas a recibir su dosis, pues la baja cobertura de <b>tos convulsa vacunaci\u00f3n<\/b> es el factor clave detr\u00e1s de la actual escalada de casos y la lamentable p\u00e9rdida de vidas infantiles.<\/p>\n","protected":false},"excerpt":{"rendered":"<p>La baja cobertura de vacunaci\u00f3n dispara los casos y muertes infantiles Una severa advertencia de la Sociedad Argentina de Pediatr\u00eda<\/p>\n","protected":false},"author":1,"featured_media":121005,"comment_status":"closed","ping_status":"closed","sticky":false,"template":"","format":"standard","meta":{"kia_subtitle":"La Sociedad Argentina de Pediatr\u00eda (SAP) advirti\u00f3 sobre el aumento de casos de coqueluche, que triplican los de 2024. Cuatro menores de cinco a\u00f1os fallecieron, lo que demanda reforzar la tos convulsa vacunaci\u00f3n.","footnotes":"","jetpack_publicize_message":"","jetpack_publicize_feature_enabled":true,"jetpack_social_post_already_shared":true,"jetpack_social_options":{"image_generator_settings":{"template":"highway","default_image_id":0,"font":"","enabled":false},"version":2}},"categories":[3,41,70],"tags":[],"class_list":["post-121004","post","type-post","status-publish","format-standard","has-post-thumbnail","hentry","category-actualidad","category-nacionales","category-salud"],"jetpack_publicize_connections":[],"jetpack_featured_media_url":"https:\/\/laurbedigital.com.ar\/noticias\/wp-content\/uploads\/2025\/10\/20251028-Vacunacion.jpg","_links":{"self":[{"href":"https:\/\/laurbedigital.com.ar\/noticias\/wp-json\/wp\/v2\/posts\/121004","targetHints":{"allow":["GET"]}}],"collection":[{"href":"https:\/\/laurbedigital.com.ar\/noticias\/wp-json\/wp\/v2\/posts"}],"about":[{"href":"https:\/\/laurbedigital.com.ar\/noticias\/wp-json\/wp\/v2\/types\/post"}],"author":[{"embeddable":true,"href":"https:\/\/laurbedigital.com.ar\/noticias\/wp-json\/wp\/v2\/users\/1"}],"replies":[{"embeddable":true,"href":"https:\/\/laurbedigital.com.ar\/noticias\/wp-json\/wp\/v2\/comments?post=121004"}],"version-history":[{"count":2,"href":"https:\/\/laurbedigital.com.ar\/noticias\/wp-json\/wp\/v2\/posts\/121004\/revisions"}],"predecessor-version":[{"id":121007,"href":"https:\/\/laurbedigital.com.ar\/noticias\/wp-json\/wp\/v2\/posts\/121004\/revisions\/121007"}],"wp:featuredmedia":[{"embeddable":true,"href":"https:\/\/laurbedigital.com.ar\/noticias\/wp-json\/wp\/v2\/media\/121005"}],"wp:attachment":[{"href":"https:\/\/laurbedigital.com.ar\/noticias\/wp-json\/wp\/v2\/media?parent=121004"}],"wp:term":[{"taxonomy":"category","embeddable":true,"href":"https:\/\/laurbedigital.com.ar\/noticias\/wp-json\/wp\/v2\/categories?post=121004"},{"taxonomy":"post_tag","embeddable":true,"href":"https:\/\/laurbedigital.com.ar\/noticias\/wp-json\/wp\/v2\/tags?post=121004"}],"curies":[{"name":"wp","href":"https:\/\/api.w.org\/{rel}","templated":true}]}}