{"id":121000,"date":"2025-10-27T18:06:35","date_gmt":"2025-10-27T21:06:35","guid":{"rendered":"https:\/\/laurbedigital.com.ar\/noticias\/?p=121000"},"modified":"2025-10-27T18:06:35","modified_gmt":"2025-10-27T21:06:35","slug":"trump-obtenemos-un-fuerte-manejo-en-america-del-sur","status":"publish","type":"post","link":"https:\/\/laurbedigital.com.ar\/noticias\/2025\/10\/27\/trump-obtenemos-un-fuerte-manejo-en-america-del-sur\/","title":{"rendered":"Trump: \u00abObtenemos un fuerte manejo en Am\u00e9rica del Sur\u00bb"},"content":{"rendered":"<h4>Trump se atribuye la victoria de Milei y celebra una creciente influencia en Sudam\u00e9rica<\/h4>\n<p>El triunfo de La Libertad Avanza (LLA) con Javier Milei a la cabeza no solo reconfigur\u00f3 el panorama pol\u00edtico argentino, sino que gener\u00f3 lecturas en la escena internacional. En ese marco, el <b>presidente de Estados Unidos, Donald Trump<\/b>, envi\u00f3 un nuevo y contundente mensaje a Milei, atribuy\u00e9ndose un fuerte m\u00e9rito en su victoria y valorando la influencia geopol\u00edtica que este resultado le confiere en el continente.<\/p>\n<p>Las declaraciones de <b>Trump triunfo Milei<\/b> fueron realizadas por el mandatario estadounidense al arribar a Jap\u00f3n, en el marco de una visita oficial al pa\u00eds asi\u00e1tico. Trump no escatim\u00f3 elogios para el resultado electoral, afirmando que el l\u00edder libertario \u201cno solo gan\u00f3, sino que gan\u00f3 por mucho\u201d.<\/p>\n<h5>El fuerte respaldo y el \u00abmanejo\u00bb en la regi\u00f3n<\/h5>\n<p>Trump busc\u00f3 vincular directamente su figura y su apoyo pol\u00edtico con la victoria argentina, asegurando que el nuevo presidente \u00abtuvo mucha ayuda de nosotros, le di un muy fuerte respaldo\u00bb. Este reconocimiento expl\u00edcito de su intervenci\u00f3n en la campa\u00f1a de Milei refuerza la narrativa de una alianza ideol\u00f3gica y estrat\u00e9gica entre el movimiento libertario argentino y el Partido Republicano en EE. UU.<\/p>\n<p>El <b>presidente<\/b> fue m\u00e1s all\u00e1 de la felicitaci\u00f3n habitual al calificar la victoria de Milei como \u201caplastante\u201d y sostener que, con estos resultados, la Argentina \u201cjustific\u00f3 la confianza\u201d que el Gobierno norteamericano \u2014y \u00e9l particularmente\u2014 hab\u00eda depositado en el l\u00edder de LLA.<\/p>\n<p>Sin embargo, el punto m\u00e1s relevante de sus declaraciones se centr\u00f3 en la proyecci\u00f3n regional del resultado electoral. Trump destac\u00f3 a tres figuras clave de su entorno y del Partido Republicano: Scott Bessen, Jamieson Greer y Marco Rubio. Al nombrarlos, el mandatario los felicit\u00f3 por el enfoque y el trabajo, y lanz\u00f3 una frase que resuena con un claro tono geopol\u00edtico:<\/p>\n<blockquote><p>\u00abLe doy mucho cr\u00e9dito a Scott (Bessen), Jamieson (Greer) y Marco (Rubio) porque estamos enfocados y estamos obteniendo un fuerte manejo en Am\u00e9rica del Sur\u00bb.<\/p><\/blockquote>\n<p>Esta afirmaci\u00f3n sugiere que la Casa Blanca (y la influencia del <b>presidente Trump<\/b>) interpreta la victoria de Milei no solo como un cambio interno en Argentina, sino como un punto de inflexi\u00f3n que aumenta su capacidad de control o influencia estrat\u00e9gica en la regi\u00f3n sudamericana, hist\u00f3ricamente vista con inter\u00e9s por Washington.<\/p>\n<h5>El contexto de la alianza Milei-Trump<\/h5>\n<p>El v\u00ednculo entre Javier Milei y Donald Trump se consolid\u00f3 en el marco del proceso electoral argentino. Ambos l\u00edderes comparten un discurso anti <i>establishment<\/i>, una fuerte ret\u00f3rica contra el socialismo y una afinidad por pol\u00edticas de mercado.<\/p>\n<p>El respaldo p\u00fablico de Trump a Milei se sum\u00f3 a las felicitaciones que tambi\u00e9n llegaron de otras figuras de la derecha global, consolidando al presidente electo argentino como un referente en la corriente de l\u00edderes que cuestionan el orden pol\u00edtico tradicional. El mensaje de <b>Trump triunfo Milei<\/b> va m\u00e1s all\u00e1 de un simple reconocimiento: es una declaraci\u00f3n de intenciones que proyecta a Argentina como un aliado clave en la estrategia de influencia de Washington en el hemisferio sur.<\/p>\n<p>La futura relaci\u00f3n bilateral entre Argentina y Estados Unidos estar\u00e1 marcada por esta afinidad ideol\u00f3gica, aunque las declaraciones del <b>presidente Trump<\/b> sobre un \u00abfuerte manejo\u00bb podr\u00edan generar matices y tensiones en la din\u00e1mica de alianzas regionales en Am\u00e9rica Latina. La frase del mandatario pone el foco en c\u00f3mo los pa\u00edses de la regi\u00f3n percibir\u00e1n la nueva alineaci\u00f3n geopol\u00edtica de Argentina.<\/p>\n","protected":false},"excerpt":{"rendered":"<p>Trump se atribuye la victoria de Milei y celebra una creciente influencia en Sudam\u00e9rica El triunfo de La Libertad Avanza<\/p>\n","protected":false},"author":1,"featured_media":121001,"comment_status":"closed","ping_status":"closed","sticky":false,"template":"","format":"standard","meta":{"kia_subtitle":"El presidente estadounidense Donald Trump se atribuy\u00f3 un gran m\u00e9rito en la victoria de Javier Milei en Argentina y valor\u00f3 que el resultado le otorga una creciente influencia en la regi\u00f3n sudamericana.","footnotes":"","jetpack_publicize_message":"","jetpack_publicize_feature_enabled":true,"jetpack_social_post_already_shared":true,"jetpack_social_options":{"image_generator_settings":{"template":"highway","default_image_id":0,"font":"","enabled":false},"version":2}},"categories":[3,138,41],"tags":[],"class_list":["post-121000","post","type-post","status-publish","format-standard","has-post-thumbnail","hentry","category-actualidad","category-internacional","category-nacionales"],"jetpack_publicize_connections":[],"jetpack_featured_media_url":"https:\/\/laurbedigital.com.ar\/noticias\/wp-content\/uploads\/2025\/10\/20251028-Trump.jpg","_links":{"self":[{"href":"https:\/\/laurbedigital.com.ar\/noticias\/wp-json\/wp\/v2\/posts\/121000","targetHints":{"allow":["GET"]}}],"collection":[{"href":"https:\/\/laurbedigital.com.ar\/noticias\/wp-json\/wp\/v2\/posts"}],"about":[{"href":"https:\/\/laurbedigital.com.ar\/noticias\/wp-json\/wp\/v2\/types\/post"}],"author":[{"embeddable":true,"href":"https:\/\/laurbedigital.com.ar\/noticias\/wp-json\/wp\/v2\/users\/1"}],"replies":[{"embeddable":true,"href":"https:\/\/laurbedigital.com.ar\/noticias\/wp-json\/wp\/v2\/comments?post=121000"}],"version-history":[{"count":2,"href":"https:\/\/laurbedigital.com.ar\/noticias\/wp-json\/wp\/v2\/posts\/121000\/revisions"}],"predecessor-version":[{"id":121003,"href":"https:\/\/laurbedigital.com.ar\/noticias\/wp-json\/wp\/v2\/posts\/121000\/revisions\/121003"}],"wp:featuredmedia":[{"embeddable":true,"href":"https:\/\/laurbedigital.com.ar\/noticias\/wp-json\/wp\/v2\/media\/121001"}],"wp:attachment":[{"href":"https:\/\/laurbedigital.com.ar\/noticias\/wp-json\/wp\/v2\/media?parent=121000"}],"wp:term":[{"taxonomy":"category","embeddable":true,"href":"https:\/\/laurbedigital.com.ar\/noticias\/wp-json\/wp\/v2\/categories?post=121000"},{"taxonomy":"post_tag","embeddable":true,"href":"https:\/\/laurbedigital.com.ar\/noticias\/wp-json\/wp\/v2\/tags?post=121000"}],"curies":[{"name":"wp","href":"https:\/\/api.w.org\/{rel}","templated":true}]}}