{"id":120997,"date":"2025-10-27T22:30:23","date_gmt":"2025-10-28T01:30:23","guid":{"rendered":"https:\/\/laurbedigital.com.ar\/noticias\/?p=120997"},"modified":"2025-10-27T22:35:27","modified_gmt":"2025-10-28T01:35:27","slug":"carrascosa-demanda-al-estado-argentino-y-bonaerense-por-seis-anos-preso-siendo-inocente","status":"publish","type":"post","link":"https:\/\/laurbedigital.com.ar\/noticias\/2025\/10\/27\/carrascosa-demanda-al-estado-argentino-y-bonaerense-por-seis-anos-preso-siendo-inocente\/","title":{"rendered":"Carrascosa demanda al Estado argentino y bonaerense por seis a\u00f1os preso siendo inocente"},"content":{"rendered":"<p>A m\u00e1s de dos d\u00e9cadas de un crimen que sacudi\u00f3 los cimientos de la justicia y la opini\u00f3n p\u00fablica argentina, el caso Mar\u00eda Marta Garc\u00eda Belsunce suma un nuevo y determinante cap\u00edtulo. Carlos Carrascosa, viudo de la v\u00edctima y absuelto en 2016 tras pasar seis a\u00f1os privado de su libertad por un error judicial, avanza en una demanda formal contra el Estado argentino y el Estado de la provincia de Buenos Aires. La acci\u00f3n busca una reparaci\u00f3n econ\u00f3mica por el da\u00f1o inconmensurable sufrido durante su encarcelamiento como supuesto culpable de un homicidio cuyo autor real, Nicol\u00e1s Pachelo, cumple hoy prisi\u00f3n perpetua.<\/p>\n<p>La presentaci\u00f3n, de alto impacto institucional, fue realizada ante el <b>Sistema Interamericano de Derechos Humanos<\/b>. Esta instancia supranacional se convierte en el escenario donde Carrascosa y su defensa exigen una condena contra los Estados por no haber garantizado un debido proceso que evitara la condena err\u00f3nea.<\/p>\n<h4>El reclamo ante el Sistema Interamericano<\/h4>\n<p>Fernando D\u00edaz Canto, abogado de Carlos Carrascosa, fue el encargado de confirmar los detalles de la presentaci\u00f3n. Seg\u00fan declar\u00f3 a la agencia Noticias Argentinas, el objetivo principal es \u00abque se los condene a reparar el da\u00f1o que se le ha hecho con una condena err\u00f3nea\u00bb. Esta reparaci\u00f3n no es solo simb\u00f3lica, sino que incluye una compensaci\u00f3n econ\u00f3mica por los a\u00f1os de vida perdidos y el menoscabo a su honor y libertad.<\/p>\n<p>El letrado, no obstante, aclar\u00f3 que el monto exacto de la reparaci\u00f3n econ\u00f3mica que Carrascosa exige a\u00fan no est\u00e1 determinado. \u00abCarrascosa est\u00e1 muy bien, esperando que avance la demanda\u00bb, coment\u00f3 D\u00edaz Canto, haciendo referencia al estado de \u00e1nimo del viudo, que ahora ve c\u00f3mo el proceso judicial se enfoca en resarcir el perjuicio personal y no en determinar su culpabilidad.<\/p>\n<p>La base legal de la demanda es inobjetable: Carlos Carrascosa fue condenado inicialmente y pas\u00f3 un tiempo significativo en prisi\u00f3n por un delito que no cometi\u00f3. Desde 2009 hasta 2015, cumpli\u00f3 su pena en el penal de Campana, para luego pasar a un r\u00e9gimen de arresto domiciliario en un country de Escobar, monitoreado con tobillera electr\u00f3nica. Esta privaci\u00f3n de libertad se extendi\u00f3 hasta su absoluci\u00f3n definitiva en 2016, que revirti\u00f3 la condena previa por homicidio agravado por el v\u00ednculo.<\/p>\n<h4>Del error judicial a la verdad probada<\/h4>\n<p>El caso Mar\u00eda Marta Garc\u00eda Belsunce es un ejemplo paradigm\u00e1tico de las fallas que pueden ocurrir en el sistema de administraci\u00f3n de justicia. El crimen ocurri\u00f3 en octubre de 2002 en la casa del matrimonio, ubicada en el exclusivo country El Carmel.<\/p>\n<p>En primera instancia, las sospechas y la consecuente condena recayeron sobre Carrascosa. El viudo fue sentenciado en 2009 por ser el presunto autor del homicidio de su esposa. Sin embargo, la persistencia de su defensa y la revisi\u00f3n exhaustiva del caso permitieron, en 2014, acceder a la revisi\u00f3n de la sentencia. El proceso culmin\u00f3 dos a\u00f1os despu\u00e9s, en <b>2016, con la anulaci\u00f3n de la condena y su absoluci\u00f3n total<\/b>.<\/p>\n<p>El giro definitivo en el caso se produjo en 2022, cuando la justicia logr\u00f3 establecer la verdad detr\u00e1s del homicidio. Nicol\u00e1s Pachelo, por entonces vecino de la familia en El Carmel, fue hallado culpable y condenado a <b>prisi\u00f3n perpetua<\/b> por los delitos de robo agravado por el uso de arma y homicidio <i>criminis causa<\/i> (matar para asegurar el robo) agravado por el uso de arma de fuego.<\/p>\n<p>Este hecho, al haber un autor material condenado con sentencia firme, otorga una fuerza particular al reclamo de Carrascosa. El hecho de haber cumplido pena siendo inocente, con el verdadero criminal identificado y sentenciado, pone a los Estados demandados en una posici\u00f3n compleja ante el tribunal internacional.<\/p>\n<p>La demanda de <b>Carrascosa demanda Estado<\/b> no solo busca una compensaci\u00f3n personal, sino que tambi\u00e9n sienta un precedente fundamental sobre la responsabilidad estatal en los errores judiciales que conllevan la privaci\u00f3n de la libertad de personas inocentes. Es un recordatorio de que la justicia debe resarcir el da\u00f1o cuando el sistema falla de manera tan contundente.<\/p>\n","protected":false},"excerpt":{"rendered":"<p>A m\u00e1s de dos d\u00e9cadas de un crimen que sacudi\u00f3 los cimientos de la justicia y la opini\u00f3n p\u00fablica argentina,<\/p>\n","protected":false},"author":1,"featured_media":120995,"comment_status":"closed","ping_status":"closed","sticky":false,"template":"","format":"standard","meta":{"kia_subtitle":"Absuelto del crimen de Mar\u00eda Marta Garc\u00eda Belsunce, Carlos Carrascosa impulsa una demanda ante el Sistema Interamericano de Derechos Humanos para exigir reparaci\u00f3n por los seis a\u00f1os de prisi\u00f3n indebida tras una condena anulada.","footnotes":"","jetpack_publicize_message":"","jetpack_publicize_feature_enabled":true,"jetpack_social_post_already_shared":true,"jetpack_social_options":{"image_generator_settings":{"template":"highway","default_image_id":0,"font":"","enabled":false},"version":2}},"categories":[8],"tags":[],"class_list":["post-120997","post","type-post","status-publish","format-standard","has-post-thumbnail","hentry","category-policiales"],"jetpack_publicize_connections":[],"jetpack_featured_media_url":"https:\/\/laurbedigital.com.ar\/noticias\/wp-content\/uploads\/2025\/10\/20251028-Carrascosa.jpg","_links":{"self":[{"href":"https:\/\/laurbedigital.com.ar\/noticias\/wp-json\/wp\/v2\/posts\/120997","targetHints":{"allow":["GET"]}}],"collection":[{"href":"https:\/\/laurbedigital.com.ar\/noticias\/wp-json\/wp\/v2\/posts"}],"about":[{"href":"https:\/\/laurbedigital.com.ar\/noticias\/wp-json\/wp\/v2\/types\/post"}],"author":[{"embeddable":true,"href":"https:\/\/laurbedigital.com.ar\/noticias\/wp-json\/wp\/v2\/users\/1"}],"replies":[{"embeddable":true,"href":"https:\/\/laurbedigital.com.ar\/noticias\/wp-json\/wp\/v2\/comments?post=120997"}],"version-history":[{"count":2,"href":"https:\/\/laurbedigital.com.ar\/noticias\/wp-json\/wp\/v2\/posts\/120997\/revisions"}],"predecessor-version":[{"id":120999,"href":"https:\/\/laurbedigital.com.ar\/noticias\/wp-json\/wp\/v2\/posts\/120997\/revisions\/120999"}],"wp:featuredmedia":[{"embeddable":true,"href":"https:\/\/laurbedigital.com.ar\/noticias\/wp-json\/wp\/v2\/media\/120995"}],"wp:attachment":[{"href":"https:\/\/laurbedigital.com.ar\/noticias\/wp-json\/wp\/v2\/media?parent=120997"}],"wp:term":[{"taxonomy":"category","embeddable":true,"href":"https:\/\/laurbedigital.com.ar\/noticias\/wp-json\/wp\/v2\/categories?post=120997"},{"taxonomy":"post_tag","embeddable":true,"href":"https:\/\/laurbedigital.com.ar\/noticias\/wp-json\/wp\/v2\/tags?post=120997"}],"curies":[{"name":"wp","href":"https:\/\/api.w.org\/{rel}","templated":true}]}}