{"id":120993,"date":"2025-10-27T17:37:50","date_gmt":"2025-10-27T20:37:50","guid":{"rendered":"https:\/\/laurbedigital.com.ar\/noticias\/?p=120993"},"modified":"2025-10-27T17:37:50","modified_gmt":"2025-10-27T20:37:50","slug":"hallan-sana-y-salva-en-once-a-la-adolescente-buscada-intensamente-en-laferrere","status":"publish","type":"post","link":"https:\/\/laurbedigital.com.ar\/noticias\/2025\/10\/27\/hallan-sana-y-salva-en-once-a-la-adolescente-buscada-intensamente-en-laferrere\/","title":{"rendered":"Hallan sana y salva en Once a la adolescente buscada intensamente en Laferrere"},"content":{"rendered":"<p>Una intensa b\u00fasqueda que se extendi\u00f3 por siete d\u00edas lleg\u00f3 a su fin este lunes, cuando la adolescente de 15 a\u00f1os, identificada con las iniciales M.A.M., que estaba <b>desaparecida en Laferrere<\/b>, fue hallada sana y salva en el barrio porte\u00f1o de Once. La joven fue localizada en la concurrida Plaza Miserere, acompa\u00f1ada por Mat\u00edas Sebasti\u00e1n Paj\u00f3n, quien fue identificado como su novio. La intervenci\u00f3n oportuna de la Polic\u00eda Federal Argentina (PFA), activada por los sistemas de monitoreo de la Ciudad, fue crucial para resolver el caso que manten\u00eda en vilo a su familia y a la comunidad de Laferrere.<\/p>\n<p>El caso se inici\u00f3 formalmente el pasado lunes 20 de octubre, cuando la familia de M.A.M. denunci\u00f3 su ausencia ante las autoridades, lo que deriv\u00f3 en la apertura de una causa caratulada como \u00abaveriguaci\u00f3n de paradero\u00bb por la justicia bonaerense. Desde entonces, distintas fuerzas de seguridad y la propia familia, apoyada por vecinos y redes sociales, trabajaron en la b\u00fasqueda de la menor.<\/p>\n<p>La clave para la localizaci\u00f3n de la adolescente <b>desaparecida<\/b>\u00a0provino del avanzado sistema de vigilancia de la Ciudad Aut\u00f3noma de Buenos Aires. Seg\u00fan confirmaron fuentes policiales a este medio, las c\u00e1maras del Centro de Monitoreo Urbano (CMU) detectaron la presencia de M.A.M. en un punto neur\u00e1lgico del transporte metropolitano.<\/p>\n<p>El registro de las c\u00e1maras fue fundamental, ya que permiti\u00f3 a los operadores del sistema ver el momento exacto en que la adolescente ingres\u00f3 a la estaci\u00f3n Once de Septiembre, una de las terminales ferroviarias y de subte m\u00e1s transitadas del pa\u00eds. Esta alerta inmediata dispar\u00f3 la movilizaci\u00f3n de recursos de la PFA.<\/p>\n<p>Agentes de la fuerza federal acudieron con celeridad a la estaci\u00f3n. Una vez ubicada y contactada, la menor fue escoltada por el personal policial hacia la salida de la terminal, garantizando su seguridad en un entorno de alto flujo de personas.<\/p>\n<p>Una vez que la adolescente fue puesta bajo resguardo, se activaron los protocolos judiciales correspondientes. Un comisario de la Divisi\u00f3n Sarmiento de la Polic\u00eda Federal se comunic\u00f3 de inmediato con la Unidad Funcional de Instrucci\u00f3n y Juicio N\u00b01 (UFIJ N\u00b01), a cargo de la investigaci\u00f3n del paradero en La Matanza.<\/p>\n<p>La Fiscal\u00eda dispuso, en ese momento, una intervenci\u00f3n conjunta con personal de la DDI La Matanza. El equipo de la Direcci\u00f3n Departamental de Investigaciones bonaerense se traslad\u00f3 sin dilaci\u00f3n a la Plaza Miserere para tomar custodia de la menor.<\/p>\n<p>El principal objetivo de este despliegue, tal como indican las fuentes policiales, fue \u00abresguardar la integridad de la menor\u00bb en todo momento. En el lugar, adem\u00e1s, se procedi\u00f3 a la aprehensi\u00f3n de Mat\u00edas Sebasti\u00e1n Paj\u00f3n, quien la acompa\u00f1aba. Aunque no se han brindado detalles sobre los motivos espec\u00edficos de su aprehensi\u00f3n, la justicia eval\u00faa el contexto y las circunstancias de la desaparici\u00f3n de M.A.M. y su estad\u00eda de una semana junto a \u00e9l.<\/p>\n<p>La noticia del hallazgo fue comunicada de inmediato a la familia de la adolescente, poniendo fin a d\u00edas de incertidumbre y desesperaci\u00f3n. Si bien la joven fue hallada sana y salva, la atenci\u00f3n se centra ahora en la contenci\u00f3n y el apoyo profesional que necesitar\u00e1 tras esta experiencia.<\/p>\n<p>Como parte del protocolo, y dada la naturaleza sensible del caso, se espera que la adolescente sea sometida a una revisi\u00f3n exhaustiva por parte de un equipo interdisciplinario. Este equipo, compuesto por profesionales m\u00e9dicos y psicol\u00f3gicos, tendr\u00e1 la tarea de evaluar su estado de salud f\u00edsico y emocional antes de que se concrete su regreso definitivo al hogar familiar en Laferrere.<\/p>\n<p>El caso de la adolescente\u00a0subraya la importancia de la r\u00e1pida y eficiente coordinaci\u00f3n entre las fuerzas de seguridad de diferentes jurisdicciones (Provincia de Buenos Aires y Ciudad de Buenos Aires) y el valor de las herramientas tecnol\u00f3gicas de monitoreo en la resoluci\u00f3n de casos de paradero. La investigaci\u00f3n continuar\u00e1 para determinar los detalles de la desaparici\u00f3n y la situaci\u00f3n legal de Paj\u00f3n, buscando esclarecer completamente las circunstancias que llevaron a la menor a ausentarse de su hogar por una semana.<\/p>\n","protected":false},"excerpt":{"rendered":"<p>Una intensa b\u00fasqueda que se extendi\u00f3 por siete d\u00edas lleg\u00f3 a su fin este lunes, cuando la adolescente de 15<\/p>\n","protected":false},"author":1,"featured_media":120994,"comment_status":"closed","ping_status":"closed","sticky":false,"template":"","format":"standard","meta":{"kia_subtitle":"Una adolescente de 15 a\u00f1os que estaba desaparecida Laferrere desde el pasado lunes fue localizada en Plaza Miserere, CABA, junto a su novio. La Polic\u00eda Federal intervino tras ser detectada en c\u00e1maras de seguridad.","footnotes":"","jetpack_publicize_message":"","jetpack_publicize_feature_enabled":true,"jetpack_social_post_already_shared":true,"jetpack_social_options":{"image_generator_settings":{"template":"highway","default_image_id":0,"font":"","enabled":false},"version":2}},"categories":[8],"tags":[],"class_list":["post-120993","post","type-post","status-publish","format-standard","has-post-thumbnail","hentry","category-policiales"],"jetpack_publicize_connections":[],"jetpack_featured_media_url":"https:\/\/laurbedigital.com.ar\/noticias\/wp-content\/uploads\/2025\/10\/20251027-adolescente-desaparecida-en-Laferrere.jpg","_links":{"self":[{"href":"https:\/\/laurbedigital.com.ar\/noticias\/wp-json\/wp\/v2\/posts\/120993","targetHints":{"allow":["GET"]}}],"collection":[{"href":"https:\/\/laurbedigital.com.ar\/noticias\/wp-json\/wp\/v2\/posts"}],"about":[{"href":"https:\/\/laurbedigital.com.ar\/noticias\/wp-json\/wp\/v2\/types\/post"}],"author":[{"embeddable":true,"href":"https:\/\/laurbedigital.com.ar\/noticias\/wp-json\/wp\/v2\/users\/1"}],"replies":[{"embeddable":true,"href":"https:\/\/laurbedigital.com.ar\/noticias\/wp-json\/wp\/v2\/comments?post=120993"}],"version-history":[{"count":1,"href":"https:\/\/laurbedigital.com.ar\/noticias\/wp-json\/wp\/v2\/posts\/120993\/revisions"}],"predecessor-version":[{"id":120996,"href":"https:\/\/laurbedigital.com.ar\/noticias\/wp-json\/wp\/v2\/posts\/120993\/revisions\/120996"}],"wp:featuredmedia":[{"embeddable":true,"href":"https:\/\/laurbedigital.com.ar\/noticias\/wp-json\/wp\/v2\/media\/120994"}],"wp:attachment":[{"href":"https:\/\/laurbedigital.com.ar\/noticias\/wp-json\/wp\/v2\/media?parent=120993"}],"wp:term":[{"taxonomy":"category","embeddable":true,"href":"https:\/\/laurbedigital.com.ar\/noticias\/wp-json\/wp\/v2\/categories?post=120993"},{"taxonomy":"post_tag","embeddable":true,"href":"https:\/\/laurbedigital.com.ar\/noticias\/wp-json\/wp\/v2\/tags?post=120993"}],"curies":[{"name":"wp","href":"https:\/\/api.w.org\/{rel}","templated":true}]}}