{"id":120988,"date":"2025-10-27T14:47:39","date_gmt":"2025-10-27T17:47:39","guid":{"rendered":"https:\/\/laurbedigital.com.ar\/noticias\/?p=120988"},"modified":"2025-10-27T14:47:39","modified_gmt":"2025-10-27T17:47:39","slug":"cascallares-presento-una-nueva-flota-de-camiones-vehiculos-y-maquinaria-para-el-municipio","status":"publish","type":"post","link":"https:\/\/laurbedigital.com.ar\/noticias\/2025\/10\/27\/cascallares-presento-una-nueva-flota-de-camiones-vehiculos-y-maquinaria-para-el-municipio\/","title":{"rendered":"Cascallares present\u00f3 una nueva flota de camiones, veh\u00edculos y maquinaria para el Municipio"},"content":{"rendered":"<div dir=\"ltr\">\n<div>\n<p>La jornada se realiz\u00f3 este lunes luego de las elecciones en el Centro de Log\u00edstica ubicado en Patagones N\u00b0 2890, en Longchamps, donde se llev\u00f3 a cabo una recorrida por las 18 nuevas unidades que ser\u00e1n utilizadas para distintas tareas operativas y de mantenimiento en todo nuestro distrito.<\/p>\n<p>Entre los nuevos recursos incorporados se encuentran un Iveco Daily furg\u00f3n y un Fot\u00f3n Aumark con caja playa, adem\u00e1s de un Iveco con hidrogr\u00faa, un tractor corta c\u00e9sped Hanomag 300A y tres carretones dobles eje 0KM, uno de ellos marca H.C. Mancini.<\/p>\n<p><img loading=\"lazy\" decoding=\"async\" class=\"alignnone size-full wp-image-120990\" src=\"https:\/\/laurbedigital.com.ar\/noticias\/wp-content\/uploads\/2025\/10\/20251027-Brown-Cascalllares-Nueva-flota-de-camiones-1.jpg\" alt=\"\" width=\"768\" height=\"428\" title=\"\" srcset=\"https:\/\/laurbedigital.com.ar\/noticias\/wp-content\/uploads\/2025\/10\/20251027-Brown-Cascalllares-Nueva-flota-de-camiones-1.jpg 768w, https:\/\/laurbedigital.com.ar\/noticias\/wp-content\/uploads\/2025\/10\/20251027-Brown-Cascalllares-Nueva-flota-de-camiones-1-300x167.jpg 300w\" sizes=\"auto, (max-width: 768px) 100vw, 768px\" \/><\/p>\n<p>Tambi\u00e9n se sumaron una retroexcavadora Bob Cat, una excavadora Sany SY50U, y cuatro camiones balanc\u00edn Iveco 0KM. Asimismo, la nueva flota incluye dos camiones compactadores Iveco, un semirremolque batea, un cami\u00f3n desobstructor y un rodillo compactador con motor Honda 13HP.<\/p>\n<h5><strong><em>\u201cEstamos muy felices con la presentaci\u00f3n de toda esta flora renovada porque se trata de incorporaciones que permitir\u00e1n optimizar los servicios brindados, relacionados a trabajos de recolecci\u00f3n, mantenimiento vial, limpieza urbana y tareas de infraestructura en los barrios de nuestro querido Almirante Brown\u201d, remarc\u00f3 Mariano Cascallares.<\/em><\/strong><\/h5>\n<p><img loading=\"lazy\" decoding=\"async\" class=\"alignnone size-full wp-image-120991\" src=\"https:\/\/laurbedigital.com.ar\/noticias\/wp-content\/uploads\/2025\/10\/20251027-Brown-Cascalllares-Nueva-flota-de-camiones-2.jpg\" alt=\"\" width=\"768\" height=\"428\" title=\"\" srcset=\"https:\/\/laurbedigital.com.ar\/noticias\/wp-content\/uploads\/2025\/10\/20251027-Brown-Cascalllares-Nueva-flota-de-camiones-2.jpg 768w, https:\/\/laurbedigital.com.ar\/noticias\/wp-content\/uploads\/2025\/10\/20251027-Brown-Cascalllares-Nueva-flota-de-camiones-2-300x167.jpg 300w\" sizes=\"auto, (max-width: 768px) 100vw, 768px\" \/><\/p>\n<p>Del acto participaron el secretario de Gesti\u00f3n Descentralizada, Atilio Gari; la subsecretaria de Agencia de Gesti\u00f3n Urbana, Carla Ortwein; el presidente de la Comisi\u00f3n de Seguridad, Tr\u00e1nsito y Transporte, Mart\u00edn Borsetti; el director general de Control T\u00e9cnico de Servicios, Diego Mari; el director general de Asistencia Cr\u00edtica, Cristian Albelda; el director de Servicios, Alejandro Stocco, y el director de Servicios Viales, Andr\u00e9s Villalba.<\/p>\n<\/div>\n<div class=\"yj6qo\"><\/div>\n<div class=\"adL\"><\/div>\n<\/div>\n","protected":false},"excerpt":{"rendered":"<p>La jornada se realiz\u00f3 este lunes luego de las elecciones en el Centro de Log\u00edstica ubicado en Patagones N\u00b0 2890,<\/p>\n","protected":false},"author":1,"featured_media":120989,"comment_status":"closed","ping_status":"closed","sticky":false,"template":"","format":"standard","meta":{"kia_subtitle":"El intendente de Almirante Brown, Mariano Cascallares, present\u00f3 una nueva flota de camiones, veh\u00edculos y maquinaria que se incorporan al Municipio para seguir fortaleciendo los servicios p\u00fablicos y mejorar la calidad de vida de los vecinos.","footnotes":"","jetpack_publicize_message":"","jetpack_publicize_feature_enabled":true,"jetpack_social_post_already_shared":true,"jetpack_social_options":{"image_generator_settings":{"template":"highway","default_image_id":0,"font":"","enabled":false},"version":2}},"categories":[2,33],"tags":[],"class_list":["post-120988","post","type-post","status-publish","format-standard","has-post-thumbnail","hentry","category-alte-brown","category-alte-brown-alte-brown"],"jetpack_publicize_connections":[],"jetpack_featured_media_url":"https:\/\/laurbedigital.com.ar\/noticias\/wp-content\/uploads\/2025\/10\/20251027-Brown-Cascalllares-Nueva-flota-de-camiones.jpg","_links":{"self":[{"href":"https:\/\/laurbedigital.com.ar\/noticias\/wp-json\/wp\/v2\/posts\/120988","targetHints":{"allow":["GET"]}}],"collection":[{"href":"https:\/\/laurbedigital.com.ar\/noticias\/wp-json\/wp\/v2\/posts"}],"about":[{"href":"https:\/\/laurbedigital.com.ar\/noticias\/wp-json\/wp\/v2\/types\/post"}],"author":[{"embeddable":true,"href":"https:\/\/laurbedigital.com.ar\/noticias\/wp-json\/wp\/v2\/users\/1"}],"replies":[{"embeddable":true,"href":"https:\/\/laurbedigital.com.ar\/noticias\/wp-json\/wp\/v2\/comments?post=120988"}],"version-history":[{"count":1,"href":"https:\/\/laurbedigital.com.ar\/noticias\/wp-json\/wp\/v2\/posts\/120988\/revisions"}],"predecessor-version":[{"id":120992,"href":"https:\/\/laurbedigital.com.ar\/noticias\/wp-json\/wp\/v2\/posts\/120988\/revisions\/120992"}],"wp:featuredmedia":[{"embeddable":true,"href":"https:\/\/laurbedigital.com.ar\/noticias\/wp-json\/wp\/v2\/media\/120989"}],"wp:attachment":[{"href":"https:\/\/laurbedigital.com.ar\/noticias\/wp-json\/wp\/v2\/media?parent=120988"}],"wp:term":[{"taxonomy":"category","embeddable":true,"href":"https:\/\/laurbedigital.com.ar\/noticias\/wp-json\/wp\/v2\/categories?post=120988"},{"taxonomy":"post_tag","embeddable":true,"href":"https:\/\/laurbedigital.com.ar\/noticias\/wp-json\/wp\/v2\/tags?post=120988"}],"curies":[{"name":"wp","href":"https:\/\/api.w.org\/{rel}","templated":true}]}}