{"id":120983,"date":"2025-10-27T01:01:30","date_gmt":"2025-10-27T04:01:30","guid":{"rendered":"https:\/\/laurbedigital.com.ar\/noticias\/?p=120983"},"modified":"2025-10-27T01:01:30","modified_gmt":"2025-10-27T04:01:30","slug":"dia-mundial-del-patrimonio-audiovisual","status":"publish","type":"post","link":"https:\/\/laurbedigital.com.ar\/noticias\/2025\/10\/27\/dia-mundial-del-patrimonio-audiovisual\/","title":{"rendered":"D\u00eda Mundial del Patrimonio Audiovisual: un llamado a proteger nuestras memorias colectivas"},"content":{"rendered":"<p>En un mundo cada vez m\u00e1s digitalizado, donde las im\u00e1genes y los sonidos tienen un papel central en nuestras vidas, la celebraci\u00f3n del D\u00eda Mundial del Patrimonio Audiovisual es m\u00e1s relevante que nunca. Desde su instauraci\u00f3n por la UNESCO en 2005, este d\u00eda nos invita a reflexionar sobre el valor de los registros audiovisuales y su impacto en la memoria colectiva de las sociedades. Las pel\u00edculas, documentales, grabaciones de audio y otros formatos audiovisuales no solo son obras art\u00edsticas; tambi\u00e9n son testimonios de \u00e9pocas, culturas y eventos que han moldeado nuestras identidades.<\/p>\n<p>La fecha, que se celebra cada 27 de octubre, tiene como objetivo crear conciencia sobre la importancia de preservar y proteger el patrimonio audiovisual. Este legado, que abarca desde pel\u00edculas cl\u00e1sicas hasta programas de televisi\u00f3n y grabaciones musicales, enfrenta diversas amenazas, como el deterioro f\u00edsico de los medios, la obsolescencia tecnol\u00f3gica y la falta de financiaci\u00f3n para la conservaci\u00f3n.<\/p>\n<p>Los expertos advierten que muchos de estos tesoros culturales corren el riesgo de desaparecer si no se implementan pol\u00edticas efectivas para su salvaguarda. Seg\u00fan la UNESCO, \u201cel patrimonio audiovisual es un componente fundamental del patrimonio cultural de las sociedades modernas\u201d, y su p\u00e9rdida significar\u00eda una reducci\u00f3n en la diversidad cultural y un empobrecimiento de las futuras generaciones.<\/p>\n<p>En este contexto, el D\u00eda Mundial del Patrimonio Audiovisual se convierte en una plataforma para promover la colaboraci\u00f3n entre gobiernos, instituciones culturales y el p\u00fablico en general. La creaci\u00f3n de archivos audiovisuales accesibles y la formaci\u00f3n de profesionales en conservaci\u00f3n son pasos necesarios para asegurar que estas obras perduren en el tiempo.<\/p>\n<p>A trav\u00e9s de festivales, exposiciones y actividades educativas, se busca involucrar a la comunidad en la conservaci\u00f3n de su patrimonio audiovisual. Desde proyecciones de pel\u00edculas cl\u00e1sicas hasta talleres sobre preservaci\u00f3n digital, diversas iniciativas alrededor del mundo destacan la importancia de la educaci\u00f3n y la concienciaci\u00f3n en este \u00e1mbito.<\/p>\n","protected":false},"excerpt":{"rendered":"<p>En un mundo cada vez m\u00e1s digitalizado, donde las im\u00e1genes y los sonidos tienen un papel central en nuestras vidas,<\/p>\n","protected":false},"author":1,"featured_media":110064,"comment_status":"closed","ping_status":"closed","sticky":false,"template":"","format":"standard","meta":{"kia_subtitle":"Cada 27 de octubre, el mundo conmemora el D\u00eda Mundial del Patrimonio Audiovisual, recordando la importancia de preservar nuestras creaciones audiovisuales para las futuras generaciones. Este d\u00eda destaca la riqueza cultural y la diversidad de voces que conforman nuestro patrimonio global.","footnotes":"","jetpack_publicize_message":"","jetpack_publicize_feature_enabled":true,"jetpack_social_post_already_shared":true,"jetpack_social_options":{"image_generator_settings":{"template":"highway","default_image_id":0,"font":"","enabled":false},"version":2}},"categories":[5,2594],"tags":[],"class_list":["post-120983","post","type-post","status-publish","format-standard","has-post-thumbnail","hentry","category-cultura","category-efemerides"],"jetpack_publicize_connections":[],"jetpack_featured_media_url":"https:\/\/laurbedigital.com.ar\/noticias\/wp-content\/uploads\/2024\/10\/202410227-Audiovisual-camara.jpg","_links":{"self":[{"href":"https:\/\/laurbedigital.com.ar\/noticias\/wp-json\/wp\/v2\/posts\/120983","targetHints":{"allow":["GET"]}}],"collection":[{"href":"https:\/\/laurbedigital.com.ar\/noticias\/wp-json\/wp\/v2\/posts"}],"about":[{"href":"https:\/\/laurbedigital.com.ar\/noticias\/wp-json\/wp\/v2\/types\/post"}],"author":[{"embeddable":true,"href":"https:\/\/laurbedigital.com.ar\/noticias\/wp-json\/wp\/v2\/users\/1"}],"replies":[{"embeddable":true,"href":"https:\/\/laurbedigital.com.ar\/noticias\/wp-json\/wp\/v2\/comments?post=120983"}],"version-history":[{"count":2,"href":"https:\/\/laurbedigital.com.ar\/noticias\/wp-json\/wp\/v2\/posts\/120983\/revisions"}],"predecessor-version":[{"id":120985,"href":"https:\/\/laurbedigital.com.ar\/noticias\/wp-json\/wp\/v2\/posts\/120983\/revisions\/120985"}],"wp:featuredmedia":[{"embeddable":true,"href":"https:\/\/laurbedigital.com.ar\/noticias\/wp-json\/wp\/v2\/media\/110064"}],"wp:attachment":[{"href":"https:\/\/laurbedigital.com.ar\/noticias\/wp-json\/wp\/v2\/media?parent=120983"}],"wp:term":[{"taxonomy":"category","embeddable":true,"href":"https:\/\/laurbedigital.com.ar\/noticias\/wp-json\/wp\/v2\/categories?post=120983"},{"taxonomy":"post_tag","embeddable":true,"href":"https:\/\/laurbedigital.com.ar\/noticias\/wp-json\/wp\/v2\/tags?post=120983"}],"curies":[{"name":"wp","href":"https:\/\/api.w.org\/{rel}","templated":true}]}}