{"id":120979,"date":"2025-10-27T00:58:20","date_gmt":"2025-10-27T03:58:20","guid":{"rendered":"https:\/\/laurbedigital.com.ar\/noticias\/?p=120979"},"modified":"2025-10-27T00:58:20","modified_gmt":"2025-10-27T03:58:20","slug":"kicillof-6-de-cada-10-argentinos-no-estan-de-acuerdo-con-el-modelo-que-proponen","status":"publish","type":"post","link":"https:\/\/laurbedigital.com.ar\/noticias\/2025\/10\/27\/kicillof-6-de-cada-10-argentinos-no-estan-de-acuerdo-con-el-modelo-que-proponen\/","title":{"rendered":"Kicillof: \u00ab6 de cada 10 argentinos no est\u00e1n de acuerdo con el modelo que proponen\u00bb"},"content":{"rendered":"<div id=\"model-response-message-contentr_41898292722baf43\" class=\"markdown markdown-main-panel stronger enable-updated-hr-color\" dir=\"ltr\">\n<p>El gobernador de la provincia de Buenos Aires, <b>Axel Kicillof<\/b>, emiti\u00f3 un discurso de an\u00e1lisis y arenga desde el b\u00fanker de Fuerza Patria tras conocerse los resultados de las <b>elecciones legislativas en PBA<\/b>, donde su fuerza fue superada por un escaso margen por La Libertad Avanza (LLA). A pesar de la victoria del oficialismo nacional en la provincia, Kicillof centr\u00f3 su mensaje en la baja adhesi\u00f3n al modelo libertario, afirmando: \u00abSeis de cada 10 argentinos han dicho que no est\u00e1n de acuerdo con el modelo que proponen\u00bb, un dato que, seg\u00fan \u00e9l, el presidente Javier Milei \u00abse equivoca\u00bb si decide pasar por alto o festejar. El mandatario provincial convoc\u00f3 a la militancia a redoblar esfuerzos bajo la consigna de: \u00abNi miedo, ni tristeza ni resignaci\u00f3n; m\u00e1s trabajo, m\u00e1s militancia, m\u00e1s organizaci\u00f3n y m\u00e1s fuerza.\u00bb<\/p>\n<h4>El resultado ajustado en la Provincia de Buenos Aires<\/h4>\n<p>El escrutinio de las <b>elecciones legislativas en PBA<\/b> mostr\u00f3 una paridad extrema entre las dos principales fuerzas. Con el 98,74% de los votos contados, <b>La Libertad Avanza<\/b> se impuso con el 41,46% de los sufragios, mientras que <b>Fuerza Patria<\/b> alcanz\u00f3 el 40,90%. La diferencia, apenas superior a medio punto porcentual, marc\u00f3 un hito en la provincia, tradicionalmente considerada un basti\u00f3n del peronismo.<\/p>\n<p>A pesar de la derrota num\u00e9rica, Kicillof destac\u00f3 la performance de su fuerza en la renovaci\u00f3n de bancas: \u00abNos han permitido de los 15 diputados que ten\u00edamos para renovar, renovar a los 15 y a uno m\u00e1s\u00bb, explic\u00f3, celebrando el ingreso de \u00ab16 diputados de Fuerza Patria al Congreso a defender nuestras convicciones nuestras ideas y a nuestra provincia de Buenos Aires.\u00bb<\/p>\n<h4><b>Cr\u00edtica directa al modelo de Milei y al \u00absufrimiento\u00bb popular<\/b><\/h4>\n<p>Acompa\u00f1ado en el escenario por figuras clave de su espacio como Sergio Massa, M\u00e1ximo Kirchner y Juan Grabois, el gobernador bonaerense elev\u00f3 el tono de su discurso, se\u00f1alando que el Presidente se equivoca no solo al festejar un resultado que \u2014desde su perspectiva\u2014 es un rechazo mayoritario a sus pol\u00edticas, sino tambi\u00e9n si ignora \u00abla situaci\u00f3n que est\u00e1 atravesando nuestro pueblo de enorme sufrimiento\u00bb.<\/p>\n<p>El an\u00e1lisis de <b>Kicillof elecciones legislativas PBA<\/b> apunt\u00f3 directamente a lo que considera una cesi\u00f3n de soberan\u00eda y recursos. Retomando la cr\u00edtica a las recientes gestiones de apoyo financiero internacional, el gobernador sostuvo: \u00abNi el gobierno norteamericano ni JP Morgan son sociedades de beneficencia\u00bb, y critic\u00f3 el rumbo econ\u00f3mico: \u00abNuestros recursos naturales, nuestra industria, nuestra producci\u00f3n, nuestro pueblo tiene que decidir en la Argentina y no en una potencia extranjera.\u00bb<\/p>\n<h4><b>La baja participaci\u00f3n como factor clave<\/b><\/h4>\n<p>Un dato central de la jornada electoral que matiza todos los resultados es la baja participaci\u00f3n. Sufrag\u00f3 solo el <b>67,91%<\/b> del padr\u00f3n, la cifra m\u00e1s baja registrada para una elecci\u00f3n legislativa nacional de medio mandato desde el retorno a la democracia en 1983. Este nivel de abstenci\u00f3n, inferior al 71% de 2021, sugiere un desencanto o desmovilizaci\u00f3n que pudo haber afectado la distribuci\u00f3n final de bancas y que debe ser considerado en el an\u00e1lisis post-electoral.<\/p>\n<h4>Una convocatoria a la construcci\u00f3n de una alternativa<\/h4>\n<p>Sobre el final de su intervenci\u00f3n, el gobernador de Buenos Aires enfatiz\u00f3 la necesidad de construir una alternativa pol\u00edtica de base popular y social. \u00abEs nuestra obligaci\u00f3n construir una alternativa que le muestre a nuestro pueblo que hay otro camino, que vale la pena trabajar por la Justicia social, que la Patria es el otro,\u00bb declar\u00f3. Su conclusi\u00f3n fue una arenga de cara al futuro y una declaraci\u00f3n de principios frente al oficialismo nacional: \u00abLa Patria no se vende porque el futuro no es de Milei, el futuro es del pueblo.\u00bb El mensaje de <b>Kicillof elecciones legislativas PBA<\/b> se erige as\u00ed como un llamado a la unidad y la resistencia desde el principal distrito del pa\u00eds.<\/p>\n<\/div>\n","protected":false},"excerpt":{"rendered":"<p>El gobernador de la provincia de Buenos Aires, Axel Kicillof, emiti\u00f3 un discurso de an\u00e1lisis y arenga desde el b\u00fanker<\/p>\n","protected":false},"author":1,"featured_media":120980,"comment_status":"closed","ping_status":"closed","sticky":false,"template":"","format":"standard","meta":{"kia_subtitle":"Tras la derrota legislativa de Fuerza Patria en PBA, el gobernador Axel Kicillof minimiz\u00f3 el triunfo de LLA, asegurando que la mayor\u00eda del pa\u00eds rechaza el modelo libertario y pidi\u00f3 \"m\u00e1s trabajo, m\u00e1s militancia, m\u00e1s organizaci\u00f3n\".","footnotes":"","jetpack_publicize_message":"","jetpack_publicize_feature_enabled":true,"jetpack_social_post_already_shared":true,"jetpack_social_options":{"image_generator_settings":{"template":"highway","default_image_id":0,"font":"","enabled":false},"version":2}},"categories":[3,41],"tags":[],"class_list":["post-120979","post","type-post","status-publish","format-standard","has-post-thumbnail","hentry","category-actualidad","category-nacionales"],"jetpack_publicize_connections":[],"jetpack_featured_media_url":"https:\/\/laurbedigital.com.ar\/noticias\/wp-content\/uploads\/2025\/10\/20251027-Kicillof.jpg","_links":{"self":[{"href":"https:\/\/laurbedigital.com.ar\/noticias\/wp-json\/wp\/v2\/posts\/120979","targetHints":{"allow":["GET"]}}],"collection":[{"href":"https:\/\/laurbedigital.com.ar\/noticias\/wp-json\/wp\/v2\/posts"}],"about":[{"href":"https:\/\/laurbedigital.com.ar\/noticias\/wp-json\/wp\/v2\/types\/post"}],"author":[{"embeddable":true,"href":"https:\/\/laurbedigital.com.ar\/noticias\/wp-json\/wp\/v2\/users\/1"}],"replies":[{"embeddable":true,"href":"https:\/\/laurbedigital.com.ar\/noticias\/wp-json\/wp\/v2\/comments?post=120979"}],"version-history":[{"count":2,"href":"https:\/\/laurbedigital.com.ar\/noticias\/wp-json\/wp\/v2\/posts\/120979\/revisions"}],"predecessor-version":[{"id":120982,"href":"https:\/\/laurbedigital.com.ar\/noticias\/wp-json\/wp\/v2\/posts\/120979\/revisions\/120982"}],"wp:featuredmedia":[{"embeddable":true,"href":"https:\/\/laurbedigital.com.ar\/noticias\/wp-json\/wp\/v2\/media\/120980"}],"wp:attachment":[{"href":"https:\/\/laurbedigital.com.ar\/noticias\/wp-json\/wp\/v2\/media?parent=120979"}],"wp:term":[{"taxonomy":"category","embeddable":true,"href":"https:\/\/laurbedigital.com.ar\/noticias\/wp-json\/wp\/v2\/categories?post=120979"},{"taxonomy":"post_tag","embeddable":true,"href":"https:\/\/laurbedigital.com.ar\/noticias\/wp-json\/wp\/v2\/tags?post=120979"}],"curies":[{"name":"wp","href":"https:\/\/api.w.org\/{rel}","templated":true}]}}