{"id":120968,"date":"2025-10-25T23:09:09","date_gmt":"2025-10-26T02:09:09","guid":{"rendered":"https:\/\/laurbedigital.com.ar\/noticias\/?p=120968"},"modified":"2025-10-25T23:09:09","modified_gmt":"2025-10-26T02:09:09","slug":"dia-de-la-suegra","status":"publish","type":"post","link":"https:\/\/laurbedigital.com.ar\/noticias\/2025\/10\/25\/dia-de-la-suegra\/","title":{"rendered":"D\u00eda de la Suegra 2025: por qu\u00e9 se celebra el 26 de octubre"},"content":{"rendered":"<p><b>El origen de este d\u00eda busca conmemorar a las suegras todo el esfuerzo que hacen dentro de la unidad familiar y el papel importante que tienen al ejercer un doble rol de madre<\/b>. Es un d\u00eda en el que tanto las nueras como los yernos correspondientes regalan o agasajan a su suegra con un regalo para agradecerle su figura dentro de la familia.<\/p>\n<p>Sin embargo, n<b>o hay certezas de c\u00f3mo se estableci\u00f3 en nuestro pa\u00eds, pero se cree que el origen fue imitar a otras naciones y esto tom\u00f3 fuerza en las redes sociales<\/b> y como suele suceder, todos los 26 de octubre se llenan las redes de mensajes, fotos y hasta memes para recordarlas.<\/p>\n<h4><strong>D\u00eda de la Suegra: desde cu\u00e1ndo se celebra en la Argentina<\/strong><\/h4>\n<p>En la Argentina se conmemora desde el 2018; aunque el epicentro de esta celebraci\u00f3n viene desde los Estados Unidos. S<b>eg\u00fan la historia, Eugene \u00abGene\u00bb Howe, periodista y editor de un peri\u00f3dico local de Texas, decidi\u00f3 seguir el modelo de celebraci\u00f3n del D\u00eda de la Madre<\/b>, instaurado en los Estados Unidos en 1908, y propuso el D\u00eda de la Suegra, que se festej\u00f3 por primera vez en el pueblo de Amarillo, al norte del estado texano, en 1935.<\/p>\n<p><b>La celebraci\u00f3n se origin\u00f3 por la iniciativa de un peri\u00f3dico estadounidense Howe junto a dos socios hab\u00edan comprado el peri\u00f3dico Amarillo Daily News en 1926,<\/b>\u00a0lo fusionaron con otro diario de su propiedad, el Globe, y fundaron el Amarillo Globe News, un poderoso diario sensacionalista del norte de Texas. A trav\u00e9s de este medio instauraron el D\u00eda de la Suegra.<\/p>\n<p><b>Reci\u00e9n en la d\u00e9cada del 70&#8242; la Sociedad Estadounidense de Floristas puso una fecha precisa<\/b>\u00a0(\u00faltimo domingo de octubre) y presion\u00f3 para que se estableciera como D\u00eda Nacional, lo que finalmente ocurri\u00f3, para que su celebraci\u00f3n abarcara los cincuenta estados norteamericanos.<\/p>\n","protected":false},"excerpt":{"rendered":"<p>El origen de este d\u00eda busca conmemorar a las suegras todo el esfuerzo que hacen dentro de la unidad familiar<\/p>\n","protected":false},"author":1,"featured_media":84200,"comment_status":"closed","ping_status":"closed","sticky":false,"template":"","format":"standard","meta":{"kia_subtitle":"El D\u00eda de la Suegra se celebra este s\u00e1bado 26 de octubre en la Argentina. Conoc\u00e9 la raz\u00f3n y cu\u00e1l es el origen.","footnotes":"","jetpack_publicize_message":"","jetpack_publicize_feature_enabled":true,"jetpack_social_post_already_shared":true,"jetpack_social_options":{"image_generator_settings":{"template":"highway","default_image_id":0,"font":"","enabled":false},"version":2}},"categories":[5,2594],"tags":[],"class_list":["post-120968","post","type-post","status-publish","format-standard","has-post-thumbnail","hentry","category-cultura","category-efemerides"],"jetpack_publicize_connections":[],"jetpack_featured_media_url":"https:\/\/laurbedigital.com.ar\/noticias\/wp-content\/uploads\/2022\/10\/20221026-Suegra.jpg","_links":{"self":[{"href":"https:\/\/laurbedigital.com.ar\/noticias\/wp-json\/wp\/v2\/posts\/120968","targetHints":{"allow":["GET"]}}],"collection":[{"href":"https:\/\/laurbedigital.com.ar\/noticias\/wp-json\/wp\/v2\/posts"}],"about":[{"href":"https:\/\/laurbedigital.com.ar\/noticias\/wp-json\/wp\/v2\/types\/post"}],"author":[{"embeddable":true,"href":"https:\/\/laurbedigital.com.ar\/noticias\/wp-json\/wp\/v2\/users\/1"}],"replies":[{"embeddable":true,"href":"https:\/\/laurbedigital.com.ar\/noticias\/wp-json\/wp\/v2\/comments?post=120968"}],"version-history":[{"count":2,"href":"https:\/\/laurbedigital.com.ar\/noticias\/wp-json\/wp\/v2\/posts\/120968\/revisions"}],"predecessor-version":[{"id":120970,"href":"https:\/\/laurbedigital.com.ar\/noticias\/wp-json\/wp\/v2\/posts\/120968\/revisions\/120970"}],"wp:featuredmedia":[{"embeddable":true,"href":"https:\/\/laurbedigital.com.ar\/noticias\/wp-json\/wp\/v2\/media\/84200"}],"wp:attachment":[{"href":"https:\/\/laurbedigital.com.ar\/noticias\/wp-json\/wp\/v2\/media?parent=120968"}],"wp:term":[{"taxonomy":"category","embeddable":true,"href":"https:\/\/laurbedigital.com.ar\/noticias\/wp-json\/wp\/v2\/categories?post=120968"},{"taxonomy":"post_tag","embeddable":true,"href":"https:\/\/laurbedigital.com.ar\/noticias\/wp-json\/wp\/v2\/tags?post=120968"}],"curies":[{"name":"wp","href":"https:\/\/api.w.org\/{rel}","templated":true}]}}