{"id":120960,"date":"2025-10-25T22:57:59","date_gmt":"2025-10-26T01:57:59","guid":{"rendered":"https:\/\/laurbedigital.com.ar\/noticias\/?p=120960"},"modified":"2025-10-25T22:57:59","modified_gmt":"2025-10-26T01:57:59","slug":"organismos-de-dd-hh-repudian-fallo-de-la-corte-que-anula-prision-preventiva-a-represor-carlos-indio-castillo","status":"publish","type":"post","link":"https:\/\/laurbedigital.com.ar\/noticias\/2025\/10\/25\/organismos-de-dd-hh-repudian-fallo-de-la-corte-que-anula-prision-preventiva-a-represor-carlos-indio-castillo\/","title":{"rendered":"Organismos de DD.HH. repudian fallo de la Corte que anula prisi\u00f3n preventiva a represor Carlos \u201cIndio\u201d Castillo"},"content":{"rendered":"<h4>Fuerte rechazo: Un nuevo retroceso en Memoria, Verdad y Justicia<\/h4>\n<p>La Corte Suprema de Justicia de la Naci\u00f3n gener\u00f3 un fuerte repudio en toda la comunidad de Derechos Humanos de Argentina tras anular la pr\u00f3rroga de la prisi\u00f3n preventiva del represor Carlos \u201cIndio\u201d Castillo, quien ya fue condenado a prisi\u00f3n perpetua por graves delitos de lesa humanidad cometidos durante la \u00faltima dictadura c\u00edvico-militar.<\/p>\n<p>Organismos hist\u00f3ricos como Abuelas de Plaza de Mayo, Madres de Plaza de Mayo L\u00ednea Fundadora y H.I.J.O.S. Capital, entre otros, emitieron un comunicado conjunto donde advierten que la resoluci\u00f3n judicial constituye un <b>\u201cnuevo retroceso en las pol\u00edticas de Memoria, Verdad y Justicia\u201d<\/b>. Esta preocupaci\u00f3n se fundamenta en el riesgo de que el fallo abra una puerta para que otros genocidas, en situaciones similares, busquen obtener beneficios y evadir la prisi\u00f3n preventiva mientras se resuelven instancias de apelaci\u00f3n.<\/p>\n<h4>El se\u00f1alamiento directo a los jueces de la Corte<\/h4>\n<p>La cr\u00edtica de los organismos se dirigi\u00f3 de manera expl\u00edcita hacia los magistrados que convalidaron la decisi\u00f3n. Los se\u00f1alamientos recayeron en:<\/p>\n<ul>\n<li><b>Horacio Rosatti y Carlos Rosenkrantz:<\/b> A quienes se les record\u00f3 su responsabilidad previa en la aplicaci\u00f3n del pol\u00e9mico fallo de la ley del <b>\u201c2&#215;1 para genocidas\u201d<\/b> de 2017, una medida que luego debi\u00f3 ser revertida por la presi\u00f3n social y legislativa.<\/li>\n<li><b>Abel S\u00e1nchez Torres y Alejandro Tazza:<\/b> Los conjueces que tambi\u00e9n estamparon su firma en el fallo que benefici\u00f3 a Castillo.<\/li>\n<\/ul>\n<p>En su pronunciamiento, las entidades de DD.HH. fueron enf\u00e1ticas al recordar la responsabilidad del Poder Judicial: <b>\u00abEl Poder Judicial tiene el deber de garantizar que los cr\u00edmenes de lesa humanidad no queden impunes y que los genocidas no obstaculicen las investigaciones\u00bb<\/b>. Adem\u00e1s, enfatizaron que muchos represores mantienen <b>\u201cpactos de silencio que impiden conocer el destino de los desaparecidos y de las v\u00edctimas del plan sistem\u00e1tico de robo de beb\u00e9s\u201d<\/b>, lo que justifica la necesidad de mantener medidas de coerci\u00f3n estrictas.<\/p>\n<h4>Doble est\u00e1ndar judicial y riesgo de fugas<\/h4>\n<p>Los organismos de Derechos Humanos expresaron gran preocupaci\u00f3n por los efectos pr\u00e1cticos de este fallo en el proceso de justicia. Recordaron que, desde la reapertura de los juicios de lesa humanidad, <b>m\u00e1s de un centenar de represores se han fugado<\/b>, lo que subraya el riesgo de liberaci\u00f3n o atenuaci\u00f3n de las medidas de prisi\u00f3n preventiva.<\/p>\n<p>Asimismo, el comunicado subraya una profunda incoherencia en el sistema judicial argentino, denunciando un doble est\u00e1ndar: <b>\u201cmientras la Corte limita las prisiones preventivas de los genocidas, casi la mitad de la poblaci\u00f3n carcelaria permanece detenida sin condena firme en condiciones de hacinamiento\u201d<\/b>. Esta disparidad en la aplicaci\u00f3n de la justicia refuerza la alarma sobre la impunidad.<\/p>\n<h4>La vinculaci\u00f3n pol\u00edtica y la exigencia hist\u00f3rica<\/h4>\n<p>Finalmente, los organismos no dudaron en asociar la cuestionada decisi\u00f3n de la Corte con el clima pol\u00edtico actual. Acusaron al gobierno de <b>Javier Milei<\/b> y a la vicepresidenta <b>Victoria Villarruel<\/b> de impulsar un <b>\u201cplan para otorgar beneficios y poner fin a los juicios por delitos de lesa humanidad\u201d<\/b>. Esta vinculaci\u00f3n sugiere que la resoluci\u00f3n judicial no ser\u00eda un hecho aislado, sino parte de una pol\u00edtica de revisi\u00f3n de los procesos de Memoria, Verdad y Justicia.<\/p>\n<p>El pronunciamiento concluy\u00f3 con una firme exigencia al sistema de justicia: <b>\u201cA casi 50 a\u00f1os de los cr\u00edmenes del terrorismo de Estado, exigimos un Poder Judicial a la altura de su responsabilidad hist\u00f3rica\u201d<\/b>, apelando a la obligaci\u00f3n del Estado argentino de garantizar la justicia por las violaciones a los Derechos Humanos cometidas durante la dictadura.<\/p>\n","protected":false},"excerpt":{"rendered":"<p>Fuerte rechazo: Un nuevo retroceso en Memoria, Verdad y Justicia La Corte Suprema de Justicia de la Naci\u00f3n gener\u00f3 un<\/p>\n","protected":false},"author":1,"featured_media":120961,"comment_status":"closed","ping_status":"closed","sticky":false,"template":"","format":"standard","meta":{"kia_subtitle":"Abuelas y Madres, junto a otros organismos de Derechos Humanos, criticaron duramente la decisi\u00f3n judicial que anul\u00f3 la pr\u00f3rroga de la prisi\u00f3n preventiva del condenado Carlos \u201cIndio\u201d Castillo. El fallo es calificado como un grave retroceso judicial y lo vinculan con las pol\u00edticas impulsadas desde el actual Gobierno nacional.","footnotes":"","jetpack_publicize_message":"","jetpack_publicize_feature_enabled":true,"jetpack_social_post_already_shared":true,"jetpack_social_options":{"image_generator_settings":{"template":"highway","default_image_id":0,"font":"","enabled":false},"version":2}},"categories":[3,61],"tags":[],"class_list":["post-120960","post","type-post","status-publish","format-standard","has-post-thumbnail","hentry","category-actualidad","category-ddhh"],"jetpack_publicize_connections":[],"jetpack_featured_media_url":"https:\/\/laurbedigital.com.ar\/noticias\/wp-content\/uploads\/2025\/10\/20251025-Carlos-Indio-Castillo.jpg","_links":{"self":[{"href":"https:\/\/laurbedigital.com.ar\/noticias\/wp-json\/wp\/v2\/posts\/120960","targetHints":{"allow":["GET"]}}],"collection":[{"href":"https:\/\/laurbedigital.com.ar\/noticias\/wp-json\/wp\/v2\/posts"}],"about":[{"href":"https:\/\/laurbedigital.com.ar\/noticias\/wp-json\/wp\/v2\/types\/post"}],"author":[{"embeddable":true,"href":"https:\/\/laurbedigital.com.ar\/noticias\/wp-json\/wp\/v2\/users\/1"}],"replies":[{"embeddable":true,"href":"https:\/\/laurbedigital.com.ar\/noticias\/wp-json\/wp\/v2\/comments?post=120960"}],"version-history":[{"count":1,"href":"https:\/\/laurbedigital.com.ar\/noticias\/wp-json\/wp\/v2\/posts\/120960\/revisions"}],"predecessor-version":[{"id":120962,"href":"https:\/\/laurbedigital.com.ar\/noticias\/wp-json\/wp\/v2\/posts\/120960\/revisions\/120962"}],"wp:featuredmedia":[{"embeddable":true,"href":"https:\/\/laurbedigital.com.ar\/noticias\/wp-json\/wp\/v2\/media\/120961"}],"wp:attachment":[{"href":"https:\/\/laurbedigital.com.ar\/noticias\/wp-json\/wp\/v2\/media?parent=120960"}],"wp:term":[{"taxonomy":"category","embeddable":true,"href":"https:\/\/laurbedigital.com.ar\/noticias\/wp-json\/wp\/v2\/categories?post=120960"},{"taxonomy":"post_tag","embeddable":true,"href":"https:\/\/laurbedigital.com.ar\/noticias\/wp-json\/wp\/v2\/tags?post=120960"}],"curies":[{"name":"wp","href":"https:\/\/api.w.org\/{rel}","templated":true}]}}