{"id":120958,"date":"2025-10-25T22:53:39","date_gmt":"2025-10-26T01:53:39","guid":{"rendered":"https:\/\/laurbedigital.com.ar\/noticias\/?p=120958"},"modified":"2025-10-25T22:53:39","modified_gmt":"2025-10-26T01:53:39","slug":"pluriempleo-en-el-estado-cuantos-trabajos-se-necesitan-para-un-salario-digno","status":"publish","type":"post","link":"https:\/\/laurbedigital.com.ar\/noticias\/2025\/10\/25\/pluriempleo-en-el-estado-cuantos-trabajos-se-necesitan-para-un-salario-digno\/","title":{"rendered":"Pluriempleo en el Estado: \u00bfCu\u00e1ntos trabajos se necesitan para un salario digno?"},"content":{"rendered":"<h4>Radiograf\u00eda de la precariedad: La necesidad del pluriempleo en la Administraci\u00f3n P\u00fablica<\/h4>\n<p>El fen\u00f3meno del pluriempleo se ha instalado con fuerza en la Argentina como una estrategia de supervivencia econ\u00f3mica, impulsado por la insuficiencia del salario \u00fanico frente al contexto de inflaci\u00f3n, desregulaci\u00f3n laboral y la consecuente p\u00e9rdida del poder adquisitivo. Este escenario, que ya afecta a m\u00e1s de 2.4 millones de personas (el 16.6% de la Poblaci\u00f3n Econ\u00f3micamente Activa, PEA) en todo el pa\u00eds, golpea de manera particular a los trabajadores de la Administraci\u00f3n P\u00fablica Nacional.<\/p>\n<p>Un reciente documento de la Fundaci\u00f3n Germ\u00e1n Abdala, titulado \u201c\u00bfCu\u00e1ntos trabajos se necesitan para un salario digno? Pluriempleo en el Estado\u201d, basado en una encuesta a 496 empleados estatales realizada en agosto, arroj\u00f3 datos alarmantes sobre la creciente precariedad de este sector.<\/p>\n<h4>P\u00e9rdida salarial y despidos: el motor de la doble jornada<\/h4>\n<p>La investigaci\u00f3n subraya que, dentro del Estado, la situaci\u00f3n actual se caracteriza por tres factores determinantes en la gesti\u00f3n del gobierno de Javier Milei:<\/p>\n<ol start=\"1\">\n<li><b>Despidos masivos:<\/b> Se contabilizan m\u00e1s de 50.000 cesant\u00edas.<\/li>\n<li><b>P\u00e9rdida salarial:<\/b> Se estima una p\u00e9rdida del 35% del poder de compra del salario.<\/li>\n<li><b>Desmantelamiento<\/b> de diversas pol\u00edticas p\u00fablicas y organismos.<\/li>\n<\/ol>\n<p>Esta combinaci\u00f3n de inestabilidad laboral y deterioro econ\u00f3mico es el caldo de cultivo para la multiplicaci\u00f3n de empleos. El dato central del estudio es contundente: <b>el 64% de los encuestados afirm\u00f3 tener otro empleo<\/b> adem\u00e1s de su funci\u00f3n en la Administraci\u00f3n P\u00fablica.<\/p>\n<h4>Las estrategias de los trabajadores estatales para llegar a fin de mes<\/h4>\n<p>La necesidad de un \u00absalario digno\u00bb obliga a los empleados p\u00fablicos a diversificar sus fuentes de ingreso, adoptando principalmente dos modalidades de pluriempleo:<\/p>\n<ul>\n<li><b>Emprendimientos propios:<\/b> Constituyen el 35% de las segundas actividades.<\/li>\n<li><b>Actividades educativas:<\/b> Representan otro 35%, incluyendo docencia o capacitaciones.<\/li>\n<\/ul>\n<p>La situaci\u00f3n es de tal magnitud que va m\u00e1s all\u00e1 de quienes ya tienen un segundo trabajo: <b>el 71% de los encuestados manifest\u00f3 estar buscando activamente otra ocupaci\u00f3n<\/b>. Este dato no solo refleja una necesidad econ\u00f3mica urgente, sino tambi\u00e9n una profunda sensaci\u00f3n de inestabilidad e incertidumbre respecto a la continuidad de sus ingresos y puestos de trabajo.<\/p>\n<h4>Salarios y futuro laboral: La desmotivaci\u00f3n como riesgo de gesti\u00f3n<\/h4>\n<p>El an\u00e1lisis de los ingresos muestra la magnitud del problema salarial. La encuesta revel\u00f3 que <b>el 52% de los trabajadores del Estado gana menos de un mill\u00f3n de pesos<\/b> al mes. Para poner en contexto este valor, datos recientes del INDEC para la Canasta B\u00e1sica Total (CBT) \u2013que marca la l\u00ednea de pobreza para una familia tipo de cuatro integrantes\u2013 superan ampliamente el mill\u00f3n de pesos (se acercaron a $1.2 millones de pesos en el Gran Buenos Aires en septiembre, por ejemplo, y estimaciones gremiales elevan esa cifra para considerar un salario \u00abdigno\u00bb sin ajustes por jurisdicci\u00f3n). Esto confirma que m\u00e1s de la mitad de los empleados p\u00fablicos se encuentran en o por debajo de la l\u00ednea de pobreza, dependiendo de su composici\u00f3n familiar.<\/p>\n<p>Parad\u00f3jicamente, la mayor\u00eda de los encuestados mantiene una relativa estabilidad contractual: el 58% posee planta permanente o transitoria. Sin embargo, el deterioro de las condiciones y la falta de perspectiva tienen un impacto directo en la moral laboral. Solo <b>el 42% de los trabajadores expres\u00f3 su deseo de continuar su carrera en el Estado<\/b>.<\/p>\n<h4>El costo social del pluriempleo en la funci\u00f3n p\u00fablica<\/h4>\n<p>El pluriempleo, si bien es una soluci\u00f3n de emergencia para paliar la crisis econ\u00f3mica individual, conlleva graves costos para la funci\u00f3n p\u00fablica y la salud de los trabajadores. El estudio advierte que esta situaci\u00f3n, motivada puramente por la necesidad, genera:<\/p>\n<ul>\n<li><b>Agotamiento y <i>burnout<\/i>:<\/b> El desgaste f\u00edsico y mental de cumplir con m\u00faltiples jornadas laborales.<\/li>\n<li><b>Afectaci\u00f3n a la calidad de las pol\u00edticas p\u00fablicas:<\/b> La baja motivaci\u00f3n y el reducido compromiso del personal impactan negativamente en la eficiencia y la ejecuci\u00f3n de las pol\u00edticas p\u00fablicas destinadas a la ciudadan\u00eda.<\/li>\n<\/ul>\n<p>La conclusi\u00f3n del informe es clara: el incremento del pluriempleo en el Estado no solo evidencia una crisis salarial profunda, sino que tambi\u00e9n pone en riesgo la capacidad del gobierno para sostener un cuerpo de profesionales dedicados y motivados, esenciales para el desarrollo de la administraci\u00f3n. La respuesta a \u00ab\u00bfcu\u00e1ntos trabajos se necesitan para un salario digno?\u00bb es, para una gran parte de los empleados estatales, \u00abm\u00e1s de uno\u00bb.<\/p>\n","protected":false},"excerpt":{"rendered":"<p>Radiograf\u00eda de la precariedad: La necesidad del pluriempleo en la Administraci\u00f3n P\u00fablica El fen\u00f3meno del pluriempleo se ha instalado con<\/p>\n","protected":false},"author":1,"featured_media":119852,"comment_status":"closed","ping_status":"closed","sticky":false,"template":"","format":"standard","meta":{"kia_subtitle":"La inestabilidad econ\u00f3mica y la p\u00e9rdida del 35% del poder adquisitivo empujan al 64% de los empleados estatales a tener otro empleo, seg\u00fan un estudio de la Fundaci\u00f3n Germ\u00e1n Abdala. La situaci\u00f3n, agravada por despidos masivos, impacta en la calidad de vida y el compromiso con las pol\u00edticas p\u00fablicas, reflejando que el 71% busca sumar una nueva fuente de ingresos.","footnotes":"","jetpack_publicize_message":"","jetpack_publicize_feature_enabled":true,"jetpack_social_post_already_shared":true,"jetpack_social_options":{"image_generator_settings":{"template":"highway","default_image_id":0,"font":"","enabled":false},"version":2}},"categories":[3,41],"tags":[],"class_list":["post-120958","post","type-post","status-publish","format-standard","has-post-thumbnail","hentry","category-actualidad","category-nacionales"],"jetpack_publicize_connections":[],"jetpack_featured_media_url":"https:\/\/laurbedigital.com.ar\/noticias\/wp-content\/uploads\/2025\/09\/20250920-Estres.jpg","_links":{"self":[{"href":"https:\/\/laurbedigital.com.ar\/noticias\/wp-json\/wp\/v2\/posts\/120958","targetHints":{"allow":["GET"]}}],"collection":[{"href":"https:\/\/laurbedigital.com.ar\/noticias\/wp-json\/wp\/v2\/posts"}],"about":[{"href":"https:\/\/laurbedigital.com.ar\/noticias\/wp-json\/wp\/v2\/types\/post"}],"author":[{"embeddable":true,"href":"https:\/\/laurbedigital.com.ar\/noticias\/wp-json\/wp\/v2\/users\/1"}],"replies":[{"embeddable":true,"href":"https:\/\/laurbedigital.com.ar\/noticias\/wp-json\/wp\/v2\/comments?post=120958"}],"version-history":[{"count":1,"href":"https:\/\/laurbedigital.com.ar\/noticias\/wp-json\/wp\/v2\/posts\/120958\/revisions"}],"predecessor-version":[{"id":120959,"href":"https:\/\/laurbedigital.com.ar\/noticias\/wp-json\/wp\/v2\/posts\/120958\/revisions\/120959"}],"wp:featuredmedia":[{"embeddable":true,"href":"https:\/\/laurbedigital.com.ar\/noticias\/wp-json\/wp\/v2\/media\/119852"}],"wp:attachment":[{"href":"https:\/\/laurbedigital.com.ar\/noticias\/wp-json\/wp\/v2\/media?parent=120958"}],"wp:term":[{"taxonomy":"category","embeddable":true,"href":"https:\/\/laurbedigital.com.ar\/noticias\/wp-json\/wp\/v2\/categories?post=120958"},{"taxonomy":"post_tag","embeddable":true,"href":"https:\/\/laurbedigital.com.ar\/noticias\/wp-json\/wp\/v2\/tags?post=120958"}],"curies":[{"name":"wp","href":"https:\/\/api.w.org\/{rel}","templated":true}]}}