{"id":120939,"date":"2025-10-24T21:23:14","date_gmt":"2025-10-25T00:23:14","guid":{"rendered":"https:\/\/laurbedigital.com.ar\/noticias\/?p=120939"},"modified":"2025-10-24T21:23:14","modified_gmt":"2025-10-25T00:23:14","slug":"triple-crimen-florencio-varela-solicitan-prision-preventiva-para-los-ocho-imputados-y-pase-a-la-justicia-federal-por-narcotrafico","status":"publish","type":"post","link":"https:\/\/laurbedigital.com.ar\/noticias\/2025\/10\/24\/triple-crimen-florencio-varela-solicitan-prision-preventiva-para-los-ocho-imputados-y-pase-a-la-justicia-federal-por-narcotrafico\/","title":{"rendered":"Triple crimen Florencio Varela: Solicitan prisi\u00f3n preventiva para los ocho imputados y pase a la Justicia Federal por narcotr\u00e1fico"},"content":{"rendered":"<p>La investigaci\u00f3n por el brutal <b>triple crimen Florencio Varela<\/b>, que conmocion\u00f3 a la provincia de Buenos Aires en septiembre pasado, ha dado un giro significativo. La fiscal\u00eda de Homicidios de La Matanza solicit\u00f3 formalmente la <b>prisi\u00f3n preventiva<\/b> para los ocho imputados detenidos y, simult\u00e1neamente, pidi\u00f3 que la causa pase a la \u00f3rbita de la Justicia Federal. Esta solicitud se fundamenta en el v\u00ednculo directo y comprobado del secuestro, tortura y asesinato de las tres v\u00edctimas con las operaciones de una red de <b>narcotr\u00e1fico<\/b> organizada y con conexiones internacionales.<\/p>\n<h4>Detalles de una investigaci\u00f3n marcada por la violencia y el narcotr\u00e1fico<\/h4>\n<p>El caso se remonta al 19 de septiembre de 2025, cuando desaparecieron Brenda del Castillo, Morena Verdi (20 a\u00f1os) y Lara Guti\u00e9rrez (15), primas y amigas. Sus cuerpos fueron hallados cinco d\u00edas despu\u00e9s en el jard\u00edn de una vivienda en Villa Vatteone, Florencio Varela.<\/p>\n<p>Desde el inicio, la investigaci\u00f3n, a cargo de los fiscales Carlos Adri\u00e1n Arribas, Claudio Fornaro, Diego Rulli y Lorena Pecorelli, determin\u00f3 que se trat\u00f3 de un <b>homicidio planificado<\/b> y con extrema violencia. Los ocho detenidos est\u00e1n acusados como coautores del secuestro, tortura y asesinato.<\/p>\n<p>La gravedad de los hechos se ve reflejada en los agravantes considerados por la fiscal\u00eda:<\/p>\n<ul>\n<li><b>Premeditaci\u00f3n y alevos\u00eda.<\/b><\/li>\n<li><b>Ensa\u00f1amiento y violencia de g\u00e9nero.<\/b><\/li>\n<li><b>Asesinato cometido para encubrir otro delito<\/b>, presumiblemente ligado al tr\u00e1fico de estupefacientes.<\/li>\n<\/ul>\n<h4>La conexi\u00f3n federal: Homicidio para encubrir al narcotr\u00e1fico<\/h4>\n<p>El pedido de pase de la causa al Juzgado Federal de Mor\u00f3n radica en la firme convicci\u00f3n de los fiscales de que el <b>triple crimen Florencio Varela<\/b> no fue un hecho aislado, sino una acci\u00f3n ejecutada como parte de la actividad de una organizaci\u00f3n narcocriminal.<\/p>\n<p>Los investigadores sostienen que el asesinato de las j\u00f3venes se enmarca en la din\u00e1mica de una <b>estructura jer\u00e1rquica<\/b> de <b>narcotr\u00e1fico<\/b> que opera con una clara divisi\u00f3n de tareas. Esto justifica la intervenci\u00f3n de la Justicia Federal, cuya competencia abarca este tipo de delitos complejos y transnacionales.<\/p>\n<p>El documento fiscal resalta que los cr\u00edmenes fueron la culminaci\u00f3n de un plan destinado a silenciar o castigar a las v\u00edctimas en un contexto de tr\u00e1fico de drogas, lo que convierte a los imputados no solo en asesinos, sino en parte de una estructura delictiva mayor.<\/p>\n<h4>Los ocho imputados y los pr\u00f3fugos con alerta internacional<\/h4>\n<p>La solicitud de <b>prisi\u00f3n preventiva<\/b> es una medida crucial para asegurar el proceso judicial, ya que los imputados enfrentan penas de prisi\u00f3n perpetua. Los detenidos, para quienes se pide que sigan en prisi\u00f3n preventiva, son: \u00c1ngel Villanueva Silva, Ariel Gim\u00e9nez, V\u00edctor Sotacuro L\u00e1zaro, Maximiliano Andr\u00e9s Parra, Celeste Magal\u00ed Gonz\u00e1lez Guerrero, Milagros Florencia Ib\u00e1\u00f1ez, Iara Florencia Ibarra y Mat\u00edas Agust\u00edn Ozorio.<\/p>\n<p>Adem\u00e1s, la pesquisa revel\u00f3 v\u00ednculos internacionales que consolidan la hip\u00f3tesis del <b>narcotr\u00e1fico<\/b>. Se presume que las \u00f3rdenes para ejecutar el <b>triple crimen Florencio Varela<\/b> proven\u00edan desde Per\u00fa, espec\u00edficamente desde Trujillo, localidad natal de Tony Janzen Valverde Victoriano, alias \u201cPeque\u00f1o J\u201d, quien ya fue detenido en su pa\u00eds y es sindicado como coautor.<\/p>\n<p>La Justicia Argentina, con la colaboraci\u00f3n de Interpol y la polic\u00eda peruana, mantiene activa la b\u00fasqueda de otros tres pr\u00f3fugos clave en la organizaci\u00f3n: \u00c1lex Ydone Castillo, David Morales Huaman\u00ed y Manuel Valverde Rodr\u00edguez.<\/p>\n<p><b>Conclusi\u00f3n:<\/b> La causa por el <b>triple crimen Florencio Varela<\/b> ha escalado de un homicidio m\u00faltiple a una compleja investigaci\u00f3n federal que expone las ramificaciones del <b>narcotr\u00e1fico<\/b> a nivel internacional. El pedido de <b>prisi\u00f3n preventiva<\/b> para los ocho detenidos y el traslado de la causa a la \u00f3rbita federal marcan un avance decisivo, confirmando que el m\u00f3vil de los brutales asesinatos estuvo \u00edntimamente ligado a las operaciones de una poderosa organizaci\u00f3n criminal.<\/p>\n","protected":false},"excerpt":{"rendered":"<p>La investigaci\u00f3n por el brutal triple crimen Florencio Varela, que conmocion\u00f3 a la provincia de Buenos Aires en septiembre pasado,<\/p>\n","protected":false},"author":1,"featured_media":120927,"comment_status":"closed","ping_status":"closed","sticky":false,"template":"","format":"standard","meta":{"kia_subtitle":"La fiscal\u00eda de La Matanza pidi\u00f3 la prisi\u00f3n preventiva para los ocho detenidos por el triple crimen Florencio Varela, adem\u00e1s de solicitar que la causa sea elevada a la Justicia Federal por su comprobada conexi\u00f3n con el narcotr\u00e1fico internacional.","footnotes":"","jetpack_publicize_message":"","jetpack_publicize_feature_enabled":true,"jetpack_social_post_already_shared":true,"jetpack_social_options":{"image_generator_settings":{"template":"highway","default_image_id":0,"font":"","enabled":false},"version":2}},"categories":[8],"tags":[],"class_list":["post-120939","post","type-post","status-publish","format-standard","has-post-thumbnail","hentry","category-policiales"],"jetpack_publicize_connections":[],"jetpack_featured_media_url":"https:\/\/laurbedigital.com.ar\/noticias\/wp-content\/uploads\/2025\/10\/20251025-Triple-crimen.jpg","_links":{"self":[{"href":"https:\/\/laurbedigital.com.ar\/noticias\/wp-json\/wp\/v2\/posts\/120939","targetHints":{"allow":["GET"]}}],"collection":[{"href":"https:\/\/laurbedigital.com.ar\/noticias\/wp-json\/wp\/v2\/posts"}],"about":[{"href":"https:\/\/laurbedigital.com.ar\/noticias\/wp-json\/wp\/v2\/types\/post"}],"author":[{"embeddable":true,"href":"https:\/\/laurbedigital.com.ar\/noticias\/wp-json\/wp\/v2\/users\/1"}],"replies":[{"embeddable":true,"href":"https:\/\/laurbedigital.com.ar\/noticias\/wp-json\/wp\/v2\/comments?post=120939"}],"version-history":[{"count":1,"href":"https:\/\/laurbedigital.com.ar\/noticias\/wp-json\/wp\/v2\/posts\/120939\/revisions"}],"predecessor-version":[{"id":120940,"href":"https:\/\/laurbedigital.com.ar\/noticias\/wp-json\/wp\/v2\/posts\/120939\/revisions\/120940"}],"wp:featuredmedia":[{"embeddable":true,"href":"https:\/\/laurbedigital.com.ar\/noticias\/wp-json\/wp\/v2\/media\/120927"}],"wp:attachment":[{"href":"https:\/\/laurbedigital.com.ar\/noticias\/wp-json\/wp\/v2\/media?parent=120939"}],"wp:term":[{"taxonomy":"category","embeddable":true,"href":"https:\/\/laurbedigital.com.ar\/noticias\/wp-json\/wp\/v2\/categories?post=120939"},{"taxonomy":"post_tag","embeddable":true,"href":"https:\/\/laurbedigital.com.ar\/noticias\/wp-json\/wp\/v2\/tags?post=120939"}],"curies":[{"name":"wp","href":"https:\/\/api.w.org\/{rel}","templated":true}]}}