{"id":120884,"date":"2025-10-23T13:41:11","date_gmt":"2025-10-23T16:41:11","guid":{"rendered":"https:\/\/laurbedigital.com.ar\/noticias\/?p=120884"},"modified":"2025-10-23T13:41:11","modified_gmt":"2025-10-23T16:41:11","slug":"desaparicion-en-laferrere-buscan-desesperadamente-a-alma-de-15-anos-vista-por-ultima-vez-al-salir-del-colegio","status":"publish","type":"post","link":"https:\/\/laurbedigital.com.ar\/noticias\/2025\/10\/23\/desaparicion-en-laferrere-buscan-desesperadamente-a-alma-de-15-anos-vista-por-ultima-vez-al-salir-del-colegio\/","title":{"rendered":"Desaparici\u00f3n en Laferrere: Buscan desesperadamente a Alma, de 15 a\u00f1os, vista por \u00faltima vez al salir del colegio"},"content":{"rendered":"<h4>Laferrere busca a Alma Milagros Malagreca, desaparecida desde el lunes<\/h4>\n<p>La comunidad de <b>Gregorio de Laferrere<\/b>, partido de La Matanza, se encuentra movilizada ante la desesperada <b>b\u00fasqueda de Alma Milagros Malagreca<\/b>, de 15 a\u00f1os. La adolescente fue vista por \u00faltima vez el lunes 20 de octubre al mediod\u00eda, tras salir de la instituci\u00f3n educativa a la que asist\u00eda.<\/p>\n<p>Al momento de su desaparici\u00f3n, Alma vest\u00eda un pantal\u00f3n negro, una remera blanca y llevaba consigo una mochila de Boca Juniors. Su familia, preocupada por su paradero, ha recurrido a las redes sociales y a la movilizaci\u00f3n p\u00fablica para visibilizar el caso.<\/p>\n<p>La investigaci\u00f3n est\u00e1 siendo llevada adelante por la Comisar\u00eda La Matanza Sur 1\u00b0 &#8211; Gregorio de Laferrere, que analiza las posibles hip\u00f3tesis del caso, incluyendo la fuga o un posible secuestro.<\/p>\n<h5>La sospecha de la familia: un hombre de 23 a\u00f1os que se dice polic\u00eda<\/h5>\n<p>Una de las principales l\u00edneas de investigaci\u00f3n de la familia se centra en un joven de 23 a\u00f1os, cuya identidad y paradero tambi\u00e9n se desconocen desde la desaparici\u00f3n de Alma.<\/p>\n<p>Mat\u00edas Jos\u00e9, el padre de Alma, relat\u00f3 la preocupaci\u00f3n familiar por esta relaci\u00f3n, debido a la diferencia de edad. Explic\u00f3 que, d\u00edas antes, la encontraron en la casa de la abuela del muchacho, a quien identifican como Mat\u00edas, en el barrio Don Juan.<\/p>\n<p>El padre de la menor cont\u00f3 en declaraciones a la prensa un di\u00e1logo que mantuvo con el sospechoso, quien lo habr\u00eda desafiado: \u201cCuando me enter\u00e9 (de la relaci\u00f3n) lo llam\u00e9 por tel\u00e9fono. Le dije que era un \u2018viol\u00edn\u2019 que se met\u00eda con una menor de 15 a\u00f1os teniendo 23 y me respondi\u00f3 <b>\u2018no nos faltemos el respeto porque yo soy polic\u00eda\u2019<\/b>\u201d.<\/p>\n<p>El padre de Alma relat\u00f3 que, tras increparlo, el hombre cort\u00f3 la comunicaci\u00f3n: \u201cLe dije que tenga huevos para enfrentarme y me cort\u00f3. Ahora se llev\u00f3 a mi hija, no sabemos si est\u00e1 secuestrada\u00bb, expres\u00f3, agregando un mensaje directo al hombre: \u201cSi es una historieta de amor, que se entreguen, porque est\u00e1n perjudicando y molestando a mucha gente\u201d.<\/p>\n<p>Desde la Comisar\u00eda que investiga el caso, se adelant\u00f3 que, ante la gravedad de la situaci\u00f3n, se podr\u00eda llegar a ordenar el <b>pedido de captura<\/b> para el hombre de 23 a\u00f1os.<\/p>\n<h4>La comunidad se moviliza por la aparici\u00f3n<\/h4>\n<p>Ayl\u00e9n, hermana mayor de Alma, utiliz\u00f3 las redes sociales para rogar por la difusi\u00f3n del caso, confirmando las sospechas: \u201cSe sospecha que mi hermana se fue con un chico. Desde el 20\/10 a las 12:20 del mediod\u00eda saliendo del colegio en Gregorio de Laferrere. Ella est\u00e1 con pantal\u00f3n negro, remera blanca y una mochila de Boca. Fueron buscados por todo Laferrere, por favor si saben d\u00f3nde pueden estar o si la ven avisen\u201d.<\/p>\n<p>Familiares y amigos de la menor ya se hab\u00edan reunido en el centro de Laferrere el pasado martes para exigir una b\u00fasqueda efectiva por parte de las fuerzas policiales.<\/p>\n<p>La movilizaci\u00f3n popular contin\u00faa siendo el principal recurso de la familia para mantener la visibilidad del caso. Se convoc\u00f3 a una <b>nueva movilizaci\u00f3n este jueves<\/b> en La Matanza. Seg\u00fan lo anunciado en redes sociales, la concentraci\u00f3n ser\u00e1 a las 17:00 hs en Av. General Rojo Luque Onorio esquina 21, frente al McDonald\u2019s de la estaci\u00f3n de Laferrere. Se ruega m\u00e1xima difusi\u00f3n y cualquier dato de utilidad debe ser reportado inmediatamente a las autoridades policiales o a los familiares.<\/p>\n","protected":false},"excerpt":{"rendered":"<p>Laferrere busca a Alma Milagros Malagreca, desaparecida desde el lunes La comunidad de Gregorio de Laferrere, partido de La Matanza,<\/p>\n","protected":false},"author":1,"featured_media":120885,"comment_status":"closed","ping_status":"closed","sticky":false,"template":"","format":"standard","meta":{"kia_subtitle":"Alma Milagros Malagreca, de 15 a\u00f1os, est\u00e1 desaparecida desde el pasado lunes 20 de octubre, cuando sali\u00f3 de su escuela en Gregorio de Laferrere, La Matanza, y no regres\u00f3 a casa. La familia sospecha que la adolescente podr\u00eda haberse fugado con un hombre de 23 a\u00f1os, quien se habr\u00eda identificado como polic\u00eda. La investigaci\u00f3n est\u00e1 en curso y la familia convoc\u00f3 a una nueva movilizaci\u00f3n para exigir su aparici\u00f3n.","footnotes":"","jetpack_publicize_message":"","jetpack_publicize_feature_enabled":true,"jetpack_social_post_already_shared":true,"jetpack_social_options":{"image_generator_settings":{"template":"highway","default_image_id":0,"font":"","enabled":false},"version":2}},"categories":[8],"tags":[],"class_list":["post-120884","post","type-post","status-publish","format-standard","has-post-thumbnail","hentry","category-policiales"],"jetpack_publicize_connections":[],"jetpack_featured_media_url":"https:\/\/laurbedigital.com.ar\/noticias\/wp-content\/uploads\/2025\/10\/20251023-Alma-Milagros-Malagreca.jpg","_links":{"self":[{"href":"https:\/\/laurbedigital.com.ar\/noticias\/wp-json\/wp\/v2\/posts\/120884","targetHints":{"allow":["GET"]}}],"collection":[{"href":"https:\/\/laurbedigital.com.ar\/noticias\/wp-json\/wp\/v2\/posts"}],"about":[{"href":"https:\/\/laurbedigital.com.ar\/noticias\/wp-json\/wp\/v2\/types\/post"}],"author":[{"embeddable":true,"href":"https:\/\/laurbedigital.com.ar\/noticias\/wp-json\/wp\/v2\/users\/1"}],"replies":[{"embeddable":true,"href":"https:\/\/laurbedigital.com.ar\/noticias\/wp-json\/wp\/v2\/comments?post=120884"}],"version-history":[{"count":1,"href":"https:\/\/laurbedigital.com.ar\/noticias\/wp-json\/wp\/v2\/posts\/120884\/revisions"}],"predecessor-version":[{"id":120886,"href":"https:\/\/laurbedigital.com.ar\/noticias\/wp-json\/wp\/v2\/posts\/120884\/revisions\/120886"}],"wp:featuredmedia":[{"embeddable":true,"href":"https:\/\/laurbedigital.com.ar\/noticias\/wp-json\/wp\/v2\/media\/120885"}],"wp:attachment":[{"href":"https:\/\/laurbedigital.com.ar\/noticias\/wp-json\/wp\/v2\/media?parent=120884"}],"wp:term":[{"taxonomy":"category","embeddable":true,"href":"https:\/\/laurbedigital.com.ar\/noticias\/wp-json\/wp\/v2\/categories?post=120884"},{"taxonomy":"post_tag","embeddable":true,"href":"https:\/\/laurbedigital.com.ar\/noticias\/wp-json\/wp\/v2\/tags?post=120884"}],"curies":[{"name":"wp","href":"https:\/\/api.w.org\/{rel}","templated":true}]}}