{"id":120878,"date":"2025-10-23T12:27:18","date_gmt":"2025-10-23T15:27:18","guid":{"rendered":"https:\/\/laurbedigital.com.ar\/noticias\/?p=120878"},"modified":"2025-10-23T12:27:18","modified_gmt":"2025-10-23T15:27:18","slug":"universo-the-boys-la-serie-no-terminara-en-la-quinta-temporada-y-continuara-en-spin-offs","status":"publish","type":"post","link":"https:\/\/laurbedigital.com.ar\/noticias\/2025\/10\/23\/universo-the-boys-la-serie-no-terminara-en-la-quinta-temporada-y-continuara-en-spin-offs\/","title":{"rendered":"Universo \u201cThe Boys\u201d: La serie no terminar\u00e1 en la quinta temporada y continuar\u00e1 en spin-offs"},"content":{"rendered":"<h4>La saga <i>The Boys<\/i> se expande: El futuro m\u00e1s all\u00e1 de la temporada 5<\/h4>\n<p>Para alivio de los <b>fan\u00e1ticos de \u201cThe Boys\u201d<\/b>, la saga de superh\u00e9roes corporativos y corruptos de Prime Video tiene asegurada una larga vida. La historia principal, que se enfoca en el enfrentamiento entre los vigilantes de <b>The Boys<\/b> y los \u00absupers\u00bb de Vought International, no culminar\u00e1 con su quinta temporada.<\/p>\n<p>La continuidad se garantizar\u00e1 a trav\u00e9s de la expansi\u00f3n del universo mediante sus <i>spin-offs<\/i>, con <b>Gen V<\/b> a la cabeza. Esta serie, creada por <b>Eric Kripke<\/b>, ha demostrado ser un \u00e9xito rotundo, con el reciente estreno de su segunda temporada.<\/p>\n<p>Kripke, <i>showrunner<\/i> de la franquicia, ha sido claro sobre el futuro. En una reciente entrevista, confes\u00f3 que el \u00e9xito de la segunda entrega de <i>Gen V<\/i> era el factor clave para la luz verde de una tercera temporada. Esto sugiere que el mundo de <i>The Boys<\/i> seguir\u00e1 explorando la corrupci\u00f3n, la violencia y las din\u00e1micas corporativas a trav\u00e9s de los personajes de la Universidad Godolkin.<\/p>\n<p>El propio Kripke lanz\u00f3 un mensaje a la audiencia para asegurar la continuidad: \u201cTenemos <b>un plan para la tercera temporada de \u2018Gen V\u2019<\/b> y estamos entusiasmados, pero necesitamos que suficientes espectadores vean la segunda temporada para justificar la tercera. Ahora es el momento de que presten atenci\u00f3n a las cifras&#8230;\u201d.<\/p>\n<h5>Un universo en constante crecimiento<\/h5>\n<p>La plataforma ha reconocido la potente audiencia que atrae la saga, lo que permite contemplar un futuro amplio para los superh\u00e9roes m\u00e1s all\u00e1 de los l\u00edmites de la serie original. Aunque la precuela <i>Vought Rising<\/i> (centrada en Soldier Boy) tambi\u00e9n forma parte del canon, es <i>Gen V<\/i> la que se proyecta como una <b>secuela directa de \u201cThe Boys\u201d<\/b> y el principal veh\u00edculo para continuar la narrativa central de los \u00absupers\u00bb.<\/p>\n<h4>\u00bfDe qu\u00e9 se trata el fen\u00f3meno <i>The Boys<\/i>?<\/h4>\n<p><b>\u00abThe Boys\u00bb<\/b> es una serie ambientada en un universo donde los superh\u00e9roes son mucho m\u00e1s que h\u00e9roes; son celebridades globales, marcas registradas y piezas de un vasto engranaje de marketing corporativo. La serie se distingue por ofrecer una versi\u00f3n oscura, c\u00ednica y sat\u00edrica del concepto tradicional de los superh\u00e9roes.<\/p>\n<p>Lejos de ser figuras nobles y altruistas, los \u00absupers\u00bb en este universo son, en su mayor\u00eda, <b>arrogantes, corruptos y peligrosamente egoc\u00e9ntricos<\/b>, con un historial de abusos de poder que la corporaci\u00f3n se encarga de encubrir.<\/p>\n<p><iframe loading=\"lazy\" title=\"The Boys \u2013 Temporada 4 tr\u00e1iler oficial | Prime Video\" src=\"https:\/\/www.youtube.com\/embed\/RzDdLdM59kw\" width=\"857\" height=\"482\" frameborder=\"0\" allowfullscreen=\"allowfullscreen\"><\/iframe><\/p>\n<h5>Vought International y The Boys<\/h5>\n<p>Detr\u00e1s de la fachada de hero\u00edsmo se encuentra <b>Vought International<\/b>, una todopoderosa corporaci\u00f3n que controla, promociona y monetiza a estos seres superpoderosos como si fueran productos de consumo masivo. Vought gestiona su imagen, sus contratos y sus fechor\u00edas.<\/p>\n<p>En el extremo opuesto, el grupo clandestino de vigilantes conocido como <b>The Boys<\/b> est\u00e1 decidido a exponer la verdad sobre los superh\u00e9roes y a derrocar a Vought. Liderados por <b>Billy Butcher<\/b>, un hombre consumido por un odio visceral hacia todos los \u00absupers\u00bb debido a traumas personales, el grupo opera en las sombras para desvelar la hipocres\u00eda y la corrupci\u00f3n del sistema.<\/p>\n<p>La expansi\u00f3n del universo a trav\u00e9s de <i>Gen V<\/i> permite seguir explorando esta din\u00e1mica compleja, enfoc\u00e1ndose en la nueva generaci\u00f3n de \u00absupers\u00bb en la universidad Godolkin y asegurando que la s\u00e1tira social y la acci\u00f3n violenta de <i>The Boys<\/i> sigan dominando el <i>streaming<\/i>.<\/p>\n","protected":false},"excerpt":{"rendered":"<p>La saga The Boys se expande: El futuro m\u00e1s all\u00e1 de la temporada 5 Para alivio de los fan\u00e1ticos de<\/p>\n","protected":false},"author":1,"featured_media":120879,"comment_status":"closed","ping_status":"closed","sticky":false,"template":"","format":"standard","meta":{"kia_subtitle":"Contrario a las especulaciones iniciales, la exitosa saga de superh\u00e9roes corruptos The Boys no cerrar\u00e1 definitivamente con su quinta temporada. Su violenta y sat\u00edrica historia continuar\u00e1 expandi\u00e9ndose a trav\u00e9s de spin-offs, siendo Gen V la punta de lanza. Su creador, Eric Kripke, confirm\u00f3 que ya existe un plan para una tercera temporada de Gen V, asegurando la continuidad del universo m\u00e1s all\u00e1 de la serie principal.","footnotes":"","jetpack_publicize_message":"","jetpack_publicize_feature_enabled":true,"jetpack_social_post_already_shared":true,"jetpack_social_options":{"image_generator_settings":{"template":"highway","default_image_id":0,"font":"","enabled":false},"version":2}},"categories":[2600,68],"tags":[],"class_list":["post-120878","post","type-post","status-publish","format-standard","has-post-thumbnail","hentry","category-espectaculo","category-cine-y-series"],"jetpack_publicize_connections":[],"jetpack_featured_media_url":"https:\/\/laurbedigital.com.ar\/noticias\/wp-content\/uploads\/2025\/10\/20251022-The-boys.jpg","_links":{"self":[{"href":"https:\/\/laurbedigital.com.ar\/noticias\/wp-json\/wp\/v2\/posts\/120878","targetHints":{"allow":["GET"]}}],"collection":[{"href":"https:\/\/laurbedigital.com.ar\/noticias\/wp-json\/wp\/v2\/posts"}],"about":[{"href":"https:\/\/laurbedigital.com.ar\/noticias\/wp-json\/wp\/v2\/types\/post"}],"author":[{"embeddable":true,"href":"https:\/\/laurbedigital.com.ar\/noticias\/wp-json\/wp\/v2\/users\/1"}],"replies":[{"embeddable":true,"href":"https:\/\/laurbedigital.com.ar\/noticias\/wp-json\/wp\/v2\/comments?post=120878"}],"version-history":[{"count":1,"href":"https:\/\/laurbedigital.com.ar\/noticias\/wp-json\/wp\/v2\/posts\/120878\/revisions"}],"predecessor-version":[{"id":120880,"href":"https:\/\/laurbedigital.com.ar\/noticias\/wp-json\/wp\/v2\/posts\/120878\/revisions\/120880"}],"wp:featuredmedia":[{"embeddable":true,"href":"https:\/\/laurbedigital.com.ar\/noticias\/wp-json\/wp\/v2\/media\/120879"}],"wp:attachment":[{"href":"https:\/\/laurbedigital.com.ar\/noticias\/wp-json\/wp\/v2\/media?parent=120878"}],"wp:term":[{"taxonomy":"category","embeddable":true,"href":"https:\/\/laurbedigital.com.ar\/noticias\/wp-json\/wp\/v2\/categories?post=120878"},{"taxonomy":"post_tag","embeddable":true,"href":"https:\/\/laurbedigital.com.ar\/noticias\/wp-json\/wp\/v2\/tags?post=120878"}],"curies":[{"name":"wp","href":"https:\/\/api.w.org\/{rel}","templated":true}]}}