{"id":120840,"date":"2025-10-22T01:25:30","date_gmt":"2025-10-22T04:25:30","guid":{"rendered":"https:\/\/laurbedigital.com.ar\/noticias\/?p=120840"},"modified":"2025-10-22T01:25:30","modified_gmt":"2025-10-22T04:25:30","slug":"servicios-publicos-las-tarifas-aumentaron-hasta-900-con-milei","status":"publish","type":"post","link":"https:\/\/laurbedigital.com.ar\/noticias\/2025\/10\/22\/servicios-publicos-las-tarifas-aumentaron-hasta-900-con-milei\/","title":{"rendered":"Servicios p\u00fablicos: las tarifas aumentaron hasta 900% con Milei"},"content":{"rendered":"<p>La pol\u00edtica de sinceramiento tarifario implementada por el gobierno de Javier Milei desde diciembre de 2023 ha generado un impacto financiero brutal sobre los sectores medios, especialmente en el \u00c1rea Metropolitana de Buenos Aires (AMBA). El alza en la canasta de <b>aumento tarifas servicios p\u00fablicos<\/b> se multiplic\u00f3 por seis en 22 meses (diciembre 2023 &#8211; octubre 2025), alcanzando un incremento del 514%. Este salto fue impulsado por incrementos r\u00e9cord en servicios esenciales: el gas natural se dispar\u00f3 un 913% y el transporte un 852%, muy por encima del 171% de inflaci\u00f3n acumulada en el mismo per\u00edodo. Mientras los subsidios cayeron un 46% respecto a 2024, este reajuste tarifario ha erosionado la capacidad de ahorro y la calidad de vida de la clase media.<\/p>\n<h4>El golpe en la l\u00ednea de flotaci\u00f3n: gas y transporte a la cabeza<\/h4>\n<p>Los datos del Observatorio de Tarifas y Subsidios del IIEP (UBA-CONICET) revelan la magnitud del desfasaje entre el ajuste de los servicios y el \u00edndice general de precios. El incremento total del 514% en la canasta de servicios p\u00fablicos del AMBA significa que un hogar de clase media que pagaba, por ejemplo, $50 mil en noviembre de 2023, ahora debe afrontar unos $300 mil, solo en gas, luz y agua, lo cual explica las dificultades de los sectores medios para llegar a fin de mes.<\/p>\n<p>Los incrementos m\u00e1s significativos, concentrados principalmente durante el primer a\u00f1o de gesti\u00f3n de Milei, fueron:<\/p>\n<ul>\n<li><b>Gas natural:<\/b> aumento del <b>913%<\/b>.<\/li>\n<li><b>Transporte:<\/b> aumento del <b>852%<\/b>.<\/li>\n<li><b>Agua:<\/b> aumento del 376%.<\/li>\n<li><b>Energ\u00eda el\u00e9ctrica:<\/b> aumento del 228%.<\/li>\n<\/ul>\n<p>En contraste, el \u00cdndice de Precios al Consumidor (IPC) en el mismo lapso subi\u00f3 171%, lo que subraya que los usuarios de servicios p\u00fablicos han absorbido una devaluaci\u00f3n real de sus ingresos en aras del objetivo fiscal del gobierno.<\/p>\n<h4>El dilema del subsidio: diferencias entre clases<\/h4>\n<p>La pol\u00edtica de reducci\u00f3n de subsidios, que sumaron $6 billones en lo que va del a\u00f1o (con una ca\u00edda del 46% respecto a 2024), revela una aplicaci\u00f3n segmentada que afecta desproporcionadamente a los sectores medios.<\/p>\n<p>Actualmente, las tarifas de servicios p\u00fablicos en el AMBA cubren en promedio el 50% de los costos. Sin embargo, esta cobertura es dispar:<\/p>\n<h5>Jubilados y clase media sin red de contenci\u00f3n<\/h5>\n<p>Los sectores medios y los jubilados con casa propia son los m\u00e1s afectados. Deben afrontar pr\u00e1cticamente la totalidad de los incrementos sin la red de contenci\u00f3n de los subsidios cruzados. Sus ingresos jubilatorios no han acompa\u00f1ado este ritmo de ajuste, llev\u00e1ndolos a una situaci\u00f3n cr\u00edtica.<\/p>\n<h5>Sectores vulnerables y el subsidio el\u00e9ctrico<\/h5>\n<p>En el caso de los sectores m\u00e1s postergados que viven en villas o asentamientos, el servicio de electricidad est\u00e1 subsidiado. Los gobiernos provinciales o el de la Ciudad le pagan a las distribuidoras (Edesur, Edenor, Metrogas, Naturgy) el costo de esa energ\u00eda a trav\u00e9s de un gran medidor central. Esta disparidad genera un quiebre en la l\u00ednea de flotaci\u00f3n de la clase media, que hist\u00f3ricamente ha sido la m\u00e1s din\u00e1mica en la econom\u00eda y ahora se ve asfixiada por el <b>aumento tarifas servicios p\u00fablicos<\/b>.<\/p>\n<h5>Desaceleraci\u00f3n en 2025: un respiro condicionado<\/h5>\n<p>La canasta de servicios p\u00fablicos ha mostrado una fuerte desaceleraci\u00f3n en 2025. Hasta octubre, el aumento acumulado es de solo el 21%, situ\u00e1ndose por debajo de la inflaci\u00f3n estimada (24%).<\/p>\n<p>En la comparaci\u00f3n interanual (octubre 2024 vs. octubre 2025), la canasta total se increment\u00f3 un 26%, tambi\u00e9n por debajo del IPC estimado del 31%. Sin embargo, dos servicios clave contin\u00faan ejerciendo presi\u00f3n al alza:<\/p>\n<ul>\n<li><b>Transporte:<\/b> incremento interanual del 36%, por encima del IPC.<\/li>\n<li><b>Gas natural:<\/b> aumento del 24% interanual.<\/li>\n<\/ul>\n<p><b>Conclusi\u00f3n<\/b><\/p>\n<p>El <b>aumento tarifas servicios p\u00fablicos<\/b> es la demostraci\u00f3n m\u00e1s palpable del costo del sinceramiento tarifario en Argentina. La suba sideral del gas y el transporte, que super\u00f3 en mucho la inflaci\u00f3n general, ha desestabilizado las finanzas de la clase media, forz\u00e1ndola a reestructurar por completo sus presupuestos. Si bien la desaceleraci\u00f3n de 2025 ofrece un peque\u00f1o alivio, el impacto acumulado desde diciembre de 2023 ya ha cobrado su precio en la capacidad de ahorro y la calidad de vida de millones de hogares. La necesidad de sostener el ajuste fiscal recae, en gran medida, sobre los hombros de aquellos que, hasta ahora, financiaban el sistema.<\/p>\n","protected":false},"excerpt":{"rendered":"<p>La pol\u00edtica de sinceramiento tarifario implementada por el gobierno de Javier Milei desde diciembre de 2023 ha generado un impacto<\/p>\n","protected":false},"author":1,"featured_media":115362,"comment_status":"closed","ping_status":"closed","sticky":false,"template":"","format":"standard","meta":{"kia_subtitle":"El dr\u00e1stico aumento tarifas servicios p\u00fablicos impact\u00f3 a la clase media del AMBA, con el gas natural subiendo 913% y el transporte 852% en 22 meses. El sinceramiento tarifario oblig\u00f3 a los hogares a afrontar aumentos muy superiores a la inflaci\u00f3n acumulada.","footnotes":"","jetpack_publicize_message":"","jetpack_publicize_feature_enabled":true,"jetpack_social_post_already_shared":true,"jetpack_social_options":{"image_generator_settings":{"template":"highway","default_image_id":0,"font":"","enabled":false},"version":2}},"categories":[13],"tags":[],"class_list":["post-120840","post","type-post","status-publish","format-standard","has-post-thumbnail","hentry","category-region"],"jetpack_publicize_connections":[],"jetpack_featured_media_url":"https:\/\/laurbedigital.com.ar\/noticias\/wp-content\/uploads\/2025\/04\/20250423-Tarifas-aumentos.jpg","_links":{"self":[{"href":"https:\/\/laurbedigital.com.ar\/noticias\/wp-json\/wp\/v2\/posts\/120840","targetHints":{"allow":["GET"]}}],"collection":[{"href":"https:\/\/laurbedigital.com.ar\/noticias\/wp-json\/wp\/v2\/posts"}],"about":[{"href":"https:\/\/laurbedigital.com.ar\/noticias\/wp-json\/wp\/v2\/types\/post"}],"author":[{"embeddable":true,"href":"https:\/\/laurbedigital.com.ar\/noticias\/wp-json\/wp\/v2\/users\/1"}],"replies":[{"embeddable":true,"href":"https:\/\/laurbedigital.com.ar\/noticias\/wp-json\/wp\/v2\/comments?post=120840"}],"version-history":[{"count":1,"href":"https:\/\/laurbedigital.com.ar\/noticias\/wp-json\/wp\/v2\/posts\/120840\/revisions"}],"predecessor-version":[{"id":120841,"href":"https:\/\/laurbedigital.com.ar\/noticias\/wp-json\/wp\/v2\/posts\/120840\/revisions\/120841"}],"wp:featuredmedia":[{"embeddable":true,"href":"https:\/\/laurbedigital.com.ar\/noticias\/wp-json\/wp\/v2\/media\/115362"}],"wp:attachment":[{"href":"https:\/\/laurbedigital.com.ar\/noticias\/wp-json\/wp\/v2\/media?parent=120840"}],"wp:term":[{"taxonomy":"category","embeddable":true,"href":"https:\/\/laurbedigital.com.ar\/noticias\/wp-json\/wp\/v2\/categories?post=120840"},{"taxonomy":"post_tag","embeddable":true,"href":"https:\/\/laurbedigital.com.ar\/noticias\/wp-json\/wp\/v2\/tags?post=120840"}],"curies":[{"name":"wp","href":"https:\/\/api.w.org\/{rel}","templated":true}]}}