{"id":120832,"date":"2025-10-22T01:08:14","date_gmt":"2025-10-22T04:08:14","guid":{"rendered":"https:\/\/laurbedigital.com.ar\/noticias\/?p=120832"},"modified":"2025-10-22T01:08:14","modified_gmt":"2025-10-22T04:08:14","slug":"desaparecidos-en-chubut-el-escalofriante-caso-de-barria-en-2023-reaviva-el-misterio-de-los-jubilados","status":"publish","type":"post","link":"https:\/\/laurbedigital.com.ar\/noticias\/2025\/10\/22\/desaparecidos-en-chubut-el-escalofriante-caso-de-barria-en-2023-reaviva-el-misterio-de-los-jubilados\/","title":{"rendered":"Desaparecidos en Chubut: el escalofriante caso de barr\u00eda en 2023 reaviva el misterio de los jubilados"},"content":{"rendered":"<p>La conmoci\u00f3n por la desaparici\u00f3n de los jubilados Pedro Alberto Kreder (79) y Juana In\u00e9s Morales (69), cuyo paradero se desconoce desde el pasado s\u00e1bado 11 de octubre en Chubut, ha tomado un giro escalofriante al vincularse con un antiguo caso de 2023. El suceso que involucr\u00f3 a Diego Alejandro Barr\u00eda, desaparecido en las mismas costas, reaviva el misterio y la preocupaci\u00f3n de las autoridades. La camioneta Toyota Hilux de la pareja fue hallada abandonada en la zona de Zanj\u00f3n de Visser, precisamente donde el veh\u00edculo de Barr\u00eda fue encontrado dos a\u00f1os atr\u00e1s, lo que arroja una sombra de fatalidad sobre esta peligrosa zona mar\u00edtima donde dos familias buscan respuestas sobre sus <b>desaparecidos Chubut<\/b>.<\/p>\n<h4>El aterrador precedente de diego alejandro barr\u00eda<\/h4>\n<p>En febrero de 2023, Diego Alejandro Barr\u00eda, un hombre de 32 a\u00f1os de Comodoro Rivadavia, se perdi\u00f3 en la zona costera de Zanj\u00f3n de Visser tras salir en cuatriciclo a pescar. El veh\u00edculo de Barr\u00eda fue encontrado abandonado d\u00edas despu\u00e9s cerca de Playa Visser, varado en un terreno fangoso, sin rastros de su conductor.<\/p>\n<p>El desenlace del caso Barr\u00eda fue macabro. D\u00edas despu\u00e9s de la desaparici\u00f3n, un pescador local captur\u00f3 un tibur\u00f3n en aguas cercanas. Al abrir el vientre del animal, se encontr\u00f3 un antebrazo humano que, tras un examen de ADN, fue identificado como perteneciente a Barr\u00eda gracias a un tatuaje distintivo. La autopsia determin\u00f3 que la causa de muerte fue ahogamiento o ataque animal. Es clave destacar que el resto del cuerpo nunca fue recuperado, y se estima que pudo haberse ca\u00eddo al mar en una zona de acantilados abruptos y mareas traicioneras, intentando quiz\u00e1 buscar ayuda.<\/p>\n<p><img loading=\"lazy\" decoding=\"async\" class=\"alignnone size-full wp-image-120824\" src=\"https:\/\/laurbedigital.com.ar\/noticias\/wp-content\/uploads\/2025\/10\/20251022-Diego-Barria.jpg\" alt=\"\" width=\"768\" height=\"428\" title=\"\" srcset=\"https:\/\/laurbedigital.com.ar\/noticias\/wp-content\/uploads\/2025\/10\/20251022-Diego-Barria.jpg 768w, https:\/\/laurbedigital.com.ar\/noticias\/wp-content\/uploads\/2025\/10\/20251022-Diego-Barria-300x167.jpg 300w\" sizes=\"auto, (max-width: 768px) 100vw, 768px\" \/><\/p>\n<h4>Paralelismos: la camioneta encallada y el misterio sin resolver<\/h4>\n<p>El hallazgo de la camioneta 4&#215;4 de Kreder y Morales el pasado 18 de octubre presenta inquietantes similitudes con el caso de Barr\u00eda. El veh\u00edculo de los jubilados fue encontrado en la misma zona costera, cerrado con llave y sin signos de violencia, con sus pertenencias personales, incluyendo celulares y documentos, dentro.<\/p>\n<p>Dentro del ba\u00fal del veh\u00edculo, la polic\u00eda encontr\u00f3 una pala con barro adherido, sugiriendo que la pareja intent\u00f3 desesperadamente liberar la camioneta encallada, presumiblemente atrapada en el barro o la arena de la costa, pero sin \u00e9xito.<\/p>\n<h4>La hip\u00f3tesis de la b\u00fasqueda de ayuda<\/h4>\n<p>La principal hip\u00f3tesis de las autoridades apunta a que, al quedar encallados y sin se\u00f1al telef\u00f3nica en esa zona remota, la pareja decidi\u00f3 emprender una caminata hacia la costa o la ruta principal en busca de auxilio. Esta decisi\u00f3n, en una zona de acantilados y mareas traicioneras, resulta de extremo riesgo, sobre todo considerando la edad de las v\u00edctimas.<\/p>\n<h4>La creencia familiar: no fue un accidente<\/h4>\n<p>A pesar de la hip\u00f3tesis oficial, la familia de los <b>desaparecidos Chubut<\/b> se inclina por una teor\u00eda m\u00e1s oscura. Gabriela, la hija de Pedro Alberto Kreder, ha manifestado p\u00fablicamente su escepticismo sobre un simple extrav\u00edo.<\/p>\n<p>\u201cYo creo que los interceptaron en alg\u00fan punto del camino. No me cierra que se hayan perdido. Mi pap\u00e1 no era de meterse en lugares desconocidos sin avisar. Algo pas\u00f3 y no fue un accidente\u201d, afirm\u00f3 Gabriela, alimentando la preocupaci\u00f3n de un posible accionar criminal o de terceros involucrados, en lugar de un mero despiste en la costa. Sus palabras reflejan la angustia y la determinaci\u00f3n de la familia: \u201cTe prometo que te vamos a encontrar, pap\u00e1. Que esta pesadilla va a terminar y vamos a pasar el D\u00eda de la Madre como siempre.\u201d<\/p>\n<h4>La peligrosidad de zanj\u00f3n de visser<\/h4>\n<p>El misterio de los <b>desaparecidos Chubut<\/b> se intensifica con el fantasma del caso Barr\u00eda, un recordatorio tr\u00e1gico de los peligros de la zona de Zanj\u00f3n de Visser. La coincidencia del lugar donde ambos veh\u00edculos fueron abandonados, sumado a las mareas traicioneras y el hallazgo de restos humanos en el caso anterior, pone en alerta a las autoridades. Mientras la polic\u00eda trabaja sobre la hip\u00f3tesis de un extrav\u00edo fatal en busca de ayuda, la voz de la familia, que sospecha de una intercepci\u00f3n, obliga a mantener abiertas todas las l\u00edneas de investigaci\u00f3n. La costa de Chubut se ha cobrado al menos dos historias de desaparici\u00f3n en menos de dos a\u00f1os, exigiendo una respuesta urgente sobre el destino de Pedro Alberto Kreder y Juana In\u00e9s Morales.<\/p>\n","protected":false},"excerpt":{"rendered":"<p>La conmoci\u00f3n por la desaparici\u00f3n de los jubilados Pedro Alberto Kreder (79) y Juana In\u00e9s Morales (69), cuyo paradero se<\/p>\n","protected":false},"author":1,"featured_media":120823,"comment_status":"closed","ping_status":"closed","sticky":false,"template":"","format":"standard","meta":{"kia_subtitle":"La desaparici\u00f3n de los jubilados Kreder y Morales en Chubut se superpone con el caso de Diego Alejandro Barr\u00eda de 2023, hallado parcialmente dentro de un tibur\u00f3n. La camioneta de la pareja fue encontrada en la misma zona costera.","footnotes":"","jetpack_publicize_message":"","jetpack_publicize_feature_enabled":true,"jetpack_social_post_already_shared":true,"jetpack_social_options":{"image_generator_settings":{"template":"highway","default_image_id":0,"font":"","enabled":false},"version":2}},"categories":[8],"tags":[],"class_list":["post-120832","post","type-post","status-publish","format-standard","has-post-thumbnail","hentry","category-policiales"],"jetpack_publicize_connections":[],"jetpack_featured_media_url":"https:\/\/laurbedigital.com.ar\/noticias\/wp-content\/uploads\/2025\/10\/20251022-Busqueda-Chubut.jpg","_links":{"self":[{"href":"https:\/\/laurbedigital.com.ar\/noticias\/wp-json\/wp\/v2\/posts\/120832","targetHints":{"allow":["GET"]}}],"collection":[{"href":"https:\/\/laurbedigital.com.ar\/noticias\/wp-json\/wp\/v2\/posts"}],"about":[{"href":"https:\/\/laurbedigital.com.ar\/noticias\/wp-json\/wp\/v2\/types\/post"}],"author":[{"embeddable":true,"href":"https:\/\/laurbedigital.com.ar\/noticias\/wp-json\/wp\/v2\/users\/1"}],"replies":[{"embeddable":true,"href":"https:\/\/laurbedigital.com.ar\/noticias\/wp-json\/wp\/v2\/comments?post=120832"}],"version-history":[{"count":2,"href":"https:\/\/laurbedigital.com.ar\/noticias\/wp-json\/wp\/v2\/posts\/120832\/revisions"}],"predecessor-version":[{"id":120834,"href":"https:\/\/laurbedigital.com.ar\/noticias\/wp-json\/wp\/v2\/posts\/120832\/revisions\/120834"}],"wp:featuredmedia":[{"embeddable":true,"href":"https:\/\/laurbedigital.com.ar\/noticias\/wp-json\/wp\/v2\/media\/120823"}],"wp:attachment":[{"href":"https:\/\/laurbedigital.com.ar\/noticias\/wp-json\/wp\/v2\/media?parent=120832"}],"wp:term":[{"taxonomy":"category","embeddable":true,"href":"https:\/\/laurbedigital.com.ar\/noticias\/wp-json\/wp\/v2\/categories?post=120832"},{"taxonomy":"post_tag","embeddable":true,"href":"https:\/\/laurbedigital.com.ar\/noticias\/wp-json\/wp\/v2\/tags?post=120832"}],"curies":[{"name":"wp","href":"https:\/\/api.w.org\/{rel}","templated":true}]}}