{"id":120789,"date":"2025-10-21T00:56:25","date_gmt":"2025-10-21T03:56:25","guid":{"rendered":"https:\/\/laurbedigital.com.ar\/noticias\/?p=120789"},"modified":"2025-10-21T00:56:25","modified_gmt":"2025-10-21T03:56:25","slug":"mas-de-18-000-empresas-cerraron-desde-el-inicio-de-la-gestion-milei","status":"publish","type":"post","link":"https:\/\/laurbedigital.com.ar\/noticias\/2025\/10\/21\/mas-de-18-000-empresas-cerraron-desde-el-inicio-de-la-gestion-milei\/","title":{"rendered":"M\u00e1s de 18.000 empresas cerraron desde el inicio de la gesti\u00f3n Milei"},"content":{"rendered":"<p>El fuerte programa de ajuste implementado por el gobierno de Javier Milei, conocido como \u2018Plan Motosierra\u2019, ha generado un profundo deterioro en el mercado laboral y la estructura productiva del pa\u00eds. Entre noviembre de 2023 y julio de 2025, un total de <b>18.083 empresas cerraron sus puertas<\/b>, lo que equivale a un promedio alarmante de casi 30 firmas que dejan de operar por d\u00eda. Este cese de actividades llev\u00f3 a que la cantidad de empleadores con trabajadores registrados se redujera de 512.357 a 494.274, seg\u00fan un informe del Centro de Econom\u00eda Pol\u00edtica Argentina (CEPA).<\/p>\n<p>Esta dr\u00e1stica reducci\u00f3n en el n\u00famero de empleadores se alinea con otras variables econ\u00f3micas cr\u00edticas para el modelo, como la retracci\u00f3n de la producci\u00f3n, la pulverizaci\u00f3n de los salarios reales y el marcado descenso del consumo interno. La combinaci\u00f3n de estos factores configura un panorama de \u00abdestrucci\u00f3n de empleo\u00bb y paralizaci\u00f3n econ\u00f3mica que afecta transversalmente a la mayor\u00eda de los sectores.<\/p>\n<h3>P\u00e9rdida de empleadores y rubros m\u00e1s afectados<\/h3>\n<p>El informe detalla que el sector de <b>Transporte y Almacenamiento<\/b> fue el m\u00e1s golpeado en t\u00e9rminos absolutos, perdiendo 4.468 empleadores en el per\u00edodo analizado (noviembre de 2023 a julio de 2025). Le siguen rubros clave para la econom\u00eda interna, como:<\/p>\n<ul>\n<li><b>Comercio<\/b> al por mayor y al por menor: 3.131 empleadores menos.<\/li>\n<li><b>Servicios inmobiliarios<\/b>: 2.829 empleos perdidos.<\/li>\n<li><b>Servicios profesionales, cient\u00edficos y t\u00e9cnicos<\/b>: 1.952 firmas menos.<\/li>\n<li><b>Industria manufacturera<\/b>: 1.795 empleadores menos.<\/li>\n<li><b>Construcci\u00f3n<\/b>: 1.737 reducciones.<\/li>\n<\/ul>\n<p>En t\u00e9rminos relativos, el impacto es a\u00fan m\u00e1s evidente: el sector de Servicios de <b>transporte y almacenamiento<\/b> registr\u00f3 la mayor ca\u00edda porcentual, con una disminuci\u00f3n del 11,3% en la cantidad total de empleadores. Le siguen Servicios Inmobiliarios (-9,5%) y Construcci\u00f3n (-8%).<\/p>\n<h3>Desplome del empleo registrado: M\u00e1s de 250 mil puestos perdidos<\/h3>\n<p>La contracci\u00f3n empresarial tuvo un impacto directo en el n\u00famero de trabajadores formales. En el mismo per\u00edodo, la cantidad total de trabajadores registrados en unidades productivas cay\u00f3 un 2,57%, lo que se traduce en una p\u00e9rdida de <b>253.728 puestos de trabajo<\/b>. El empleo registrado pas\u00f3 de 9.857.173 en noviembre de 2023 a 9.603.445 en julio de 2025, una cifra que equivale a la p\u00e9rdida de m\u00e1s de 416 trabajadores por d\u00eda desde el inicio de la gesti\u00f3n de Javier Milei.<\/p>\n<p>La <b>Construcci\u00f3n<\/b> fue el sector m\u00e1s afectado por la p\u00e9rdida de puestos de trabajo, con una reducci\u00f3n de 83.803 trabajadores, reflejo de la paralizaci\u00f3n de la obra p\u00fablica y la retracci\u00f3n de la inversi\u00f3n privada. Otros sectores con ca\u00eddas significativas incluyen:<\/p>\n<ul>\n<li><b>Administraci\u00f3n p\u00fablica, defensa y seguridad social<\/b> (recorte estatal): 75.435 puestos menos.<\/li>\n<li><b>Servicios de transporte y almacenamiento<\/b>: 55.259 empleos menos.<\/li>\n<li><b>Industria manufacturera<\/b>: 49.738 puestos de trabajo perdidos.<\/li>\n<\/ul>\n<h3>La crisis focalizada: Pymes cierran, grandes empresas ajustan<\/h3>\n<p>Al analizar la magnitud de las <b>empresas que cerraron<\/b>, el informe de CEPA es concluyente: la gran mayor\u00eda de las afectadas son las peque\u00f1as y medianas empresas (Pymes). El 99,63% del total de los cierres (18.016 empresas) corresponde a firmas de hasta 500 trabajadores. Por el contrario, las empresas de m\u00e1s de 500 empleados explican solo el 0,37% de la reducci\u00f3n de empleadores.<\/p>\n<p>No obstante, al observar la <b>ca\u00edda del empleo registrado por tama\u00f1o<\/b>, el impacto se invierte, evidenciando una estrategia de ajuste en las compa\u00f1\u00edas de mayor porte. El 65% de la p\u00e9rdida total de empleo (-166.538 trabajadores) se concentr\u00f3 en empresas de m\u00e1s de 500 empleados, que redujeron su personal de 4.782.973 a 4.616.435. En contraste, las empresas de menor tama\u00f1o (menos de 500 trabajadores) explicaron el 34% de la p\u00e9rdida, con 87.190 casos.<\/p>\n<p>Estos datos sugieren un doble fen\u00f3meno: la asfixia del peque\u00f1o y mediano entramado productivo, forzando cierres masivos, y un ajuste significativo de personal en las grandes corporaciones, lo que concentra la mayor cantidad de despidos.<\/p>\n<h3>Un modelo de contracci\u00f3n y \u00abmiseria planificada\u00bb<\/h3>\n<p>Los analistas interpretan estas cifras como un reflejo de un \u00abmodelo de saqueo\u00bb o \u00abindustricidio\u00bb, donde las pol\u00edticas econ\u00f3micas buscan favorecer la competencia externa y el <i>establishment<\/i> financiero a costa de la mano de obra y la producci\u00f3n local. La combinaci\u00f3n de ca\u00edda de la demanda, altas tasas de inter\u00e9s y la competencia facilitada para importados pone a las <b>Pymes<\/b> locales en condiciones de subsistencia extrema.<\/p>\n<p>El resultado de esta din\u00e1mica econ\u00f3mica es un incremento del pluriempleo, ya que muchos trabajadores se ven obligados a buscar un segundo ingreso para compensar la p\u00e9rdida de poder adquisitivo, y un aumento de las cifras de desempleo. El panorama confirma una pol\u00edtica de destrucci\u00f3n productiva que, en opini\u00f3n de los cr\u00edticos, est\u00e1 alineada con intereses financieros y genera un \u00abtendal de sufrimiento en el pueblo argentino\u00bb.<\/p>\n","protected":false},"excerpt":{"rendered":"<p>El fuerte programa de ajuste implementado por el gobierno de Javier Milei, conocido como \u2018Plan Motosierra\u2019, ha generado un profundo<\/p>\n","protected":false},"author":1,"featured_media":120791,"comment_status":"closed","ping_status":"closed","sticky":false,"template":"","format":"standard","meta":{"kia_subtitle":"El 'Plan Motosierra' del gobierno impact\u00f3 severamente en el tejido productivo: un promedio de 30 firmas diarias cerr\u00f3 entre diciembre de 2023 y julio de 2025. Se perdieron m\u00e1s de 250.000 puestos de trabajo registrado.","footnotes":"","jetpack_publicize_message":"","jetpack_publicize_feature_enabled":true,"jetpack_social_post_already_shared":true,"jetpack_social_options":{"image_generator_settings":{"template":"highway","default_image_id":0,"font":"","enabled":false},"version":2}},"categories":[3,41],"tags":[],"class_list":["post-120789","post","type-post","status-publish","format-standard","has-post-thumbnail","hentry","category-actualidad","category-nacionales"],"jetpack_publicize_connections":[],"jetpack_featured_media_url":"https:\/\/laurbedigital.com.ar\/noticias\/wp-content\/uploads\/2025\/10\/20251021-Cierre-empresas-industria.jpg","_links":{"self":[{"href":"https:\/\/laurbedigital.com.ar\/noticias\/wp-json\/wp\/v2\/posts\/120789","targetHints":{"allow":["GET"]}}],"collection":[{"href":"https:\/\/laurbedigital.com.ar\/noticias\/wp-json\/wp\/v2\/posts"}],"about":[{"href":"https:\/\/laurbedigital.com.ar\/noticias\/wp-json\/wp\/v2\/types\/post"}],"author":[{"embeddable":true,"href":"https:\/\/laurbedigital.com.ar\/noticias\/wp-json\/wp\/v2\/users\/1"}],"replies":[{"embeddable":true,"href":"https:\/\/laurbedigital.com.ar\/noticias\/wp-json\/wp\/v2\/comments?post=120789"}],"version-history":[{"count":1,"href":"https:\/\/laurbedigital.com.ar\/noticias\/wp-json\/wp\/v2\/posts\/120789\/revisions"}],"predecessor-version":[{"id":120793,"href":"https:\/\/laurbedigital.com.ar\/noticias\/wp-json\/wp\/v2\/posts\/120789\/revisions\/120793"}],"wp:featuredmedia":[{"embeddable":true,"href":"https:\/\/laurbedigital.com.ar\/noticias\/wp-json\/wp\/v2\/media\/120791"}],"wp:attachment":[{"href":"https:\/\/laurbedigital.com.ar\/noticias\/wp-json\/wp\/v2\/media?parent=120789"}],"wp:term":[{"taxonomy":"category","embeddable":true,"href":"https:\/\/laurbedigital.com.ar\/noticias\/wp-json\/wp\/v2\/categories?post=120789"},{"taxonomy":"post_tag","embeddable":true,"href":"https:\/\/laurbedigital.com.ar\/noticias\/wp-json\/wp\/v2\/tags?post=120789"}],"curies":[{"name":"wp","href":"https:\/\/api.w.org\/{rel}","templated":true}]}}