{"id":120783,"date":"2025-10-21T00:34:50","date_gmt":"2025-10-21T03:34:50","guid":{"rendered":"https:\/\/laurbedigital.com.ar\/noticias\/?p=120783"},"modified":"2025-10-21T00:34:50","modified_gmt":"2025-10-21T03:34:50","slug":"dia-mundial-del-ahorro-de-energia","status":"publish","type":"post","link":"https:\/\/laurbedigital.com.ar\/noticias\/2025\/10\/21\/dia-mundial-del-ahorro-de-energia\/","title":{"rendered":"D\u00eda Mundial del Ahorro de Energ\u00eda: un llamado a la eficiencia y sostenibilidad"},"content":{"rendered":"<p><strong>La crisis energ\u00e9tica y el impacto ambiental<\/strong> La celebraci\u00f3n del D\u00eda Mundial del Ahorro de Energ\u00eda tiene un objetivo claro: resaltar la importancia de una gesti\u00f3n eficiente de los recursos energ\u00e9ticos a nivel global. En un contexto donde la crisis energ\u00e9tica, la sobreexplotaci\u00f3n de recursos naturales y el cambio clim\u00e1tico son cada vez m\u00e1s alarmantes, esta jornada invita a reflexionar sobre el impacto que tiene el consumo diario de energ\u00eda en el planeta. La energ\u00eda, clave para el desarrollo econ\u00f3mico y social, se enfrenta a un desaf\u00edo: c\u00f3mo seguir abasteciendo a una poblaci\u00f3n en constante crecimiento sin comprometer los recursos naturales y el equilibrio ambiental.<\/p>\n<p><strong>El desaf\u00edo del consumo energ\u00e9tico<\/strong> Seg\u00fan datos de la Agencia Internacional de Energ\u00eda (AIE), el consumo global de energ\u00eda ha aumentado significativamente en las \u00faltimas d\u00e9cadas, impulsado por el crecimiento industrial y el aumento de la poblaci\u00f3n. Este incremento ha resultado en mayores emisiones de gases de efecto invernadero, exacerbando el calentamiento global y provocando fen\u00f3menos meteorol\u00f3gicos extremos. Por ello, es crucial adoptar medidas que fomenten el uso eficiente de la energ\u00eda, tanto a nivel individual como colectivo.<\/p>\n<p><strong>Medidas para reducir el consumo<\/strong> Entre las medidas que se promueven en este d\u00eda se encuentran el uso de electrodom\u00e9sticos de bajo consumo, la implementaci\u00f3n de energ\u00edas renovables y la reducci\u00f3n del uso de combustibles f\u00f3siles. Adem\u00e1s, el fomento de la eficiencia energ\u00e9tica en los hogares y en las empresas es esencial para lograr un cambio significativo. De acuerdo con la Organizaci\u00f3n de las Naciones Unidas (ONU), si se implementaran estas pr\u00e1cticas de manera masiva, se podr\u00eda reducir la demanda mundial de energ\u00eda hasta en un 40%, contribuyendo significativamente a la lucha contra el cambio clim\u00e1tico.<\/p>\n<p><strong>Un compromiso compartido<\/strong> Cada a\u00f1o, m\u00e1s organizaciones, gobiernos y ciudadanos se suman a esta celebraci\u00f3n, implementando acciones que van desde campa\u00f1as de concientizaci\u00f3n hasta iniciativas concretas como la instalaci\u00f3n de sistemas de energ\u00eda solar o la creaci\u00f3n de pol\u00edticas p\u00fablicas que favorezcan el ahorro energ\u00e9tico. Sin embargo, a\u00fan queda un largo camino por recorrer. Lograr un cambio sostenible requiere el compromiso de todos, ya que el consumo energ\u00e9tico sigue siendo una de las principales causas del deterioro ambiental.<\/p>\n","protected":false},"excerpt":{"rendered":"<p>La crisis energ\u00e9tica y el impacto ambiental La celebraci\u00f3n del D\u00eda Mundial del Ahorro de Energ\u00eda tiene un objetivo claro:<\/p>\n","protected":false},"author":1,"featured_media":109860,"comment_status":"closed","ping_status":"closed","sticky":false,"template":"","format":"standard","meta":{"kia_subtitle":"El D\u00eda Mundial del Ahorro de Energ\u00eda se celebra cada 21 de octubre como un llamado a reducir el consumo energ\u00e9tico y proteger el planeta. Esta fecha busca crear conciencia sobre la importancia de adoptar h\u00e1bitos sostenibles que impacten positivamente en el medioambiente.","footnotes":"","jetpack_publicize_message":"","jetpack_publicize_feature_enabled":true,"jetpack_social_post_already_shared":true,"jetpack_social_options":{"image_generator_settings":{"template":"highway","default_image_id":0,"font":"","enabled":false},"version":2}},"categories":[5,2594],"tags":[],"class_list":["post-120783","post","type-post","status-publish","format-standard","has-post-thumbnail","hentry","category-cultura","category-efemerides"],"jetpack_publicize_connections":[],"jetpack_featured_media_url":"https:\/\/laurbedigital.com.ar\/noticias\/wp-content\/uploads\/2024\/10\/20241021-Dia-Mundial-del-Ahorro-de-Energia.jpg","_links":{"self":[{"href":"https:\/\/laurbedigital.com.ar\/noticias\/wp-json\/wp\/v2\/posts\/120783","targetHints":{"allow":["GET"]}}],"collection":[{"href":"https:\/\/laurbedigital.com.ar\/noticias\/wp-json\/wp\/v2\/posts"}],"about":[{"href":"https:\/\/laurbedigital.com.ar\/noticias\/wp-json\/wp\/v2\/types\/post"}],"author":[{"embeddable":true,"href":"https:\/\/laurbedigital.com.ar\/noticias\/wp-json\/wp\/v2\/users\/1"}],"replies":[{"embeddable":true,"href":"https:\/\/laurbedigital.com.ar\/noticias\/wp-json\/wp\/v2\/comments?post=120783"}],"version-history":[{"count":2,"href":"https:\/\/laurbedigital.com.ar\/noticias\/wp-json\/wp\/v2\/posts\/120783\/revisions"}],"predecessor-version":[{"id":120785,"href":"https:\/\/laurbedigital.com.ar\/noticias\/wp-json\/wp\/v2\/posts\/120783\/revisions\/120785"}],"wp:featuredmedia":[{"embeddable":true,"href":"https:\/\/laurbedigital.com.ar\/noticias\/wp-json\/wp\/v2\/media\/109860"}],"wp:attachment":[{"href":"https:\/\/laurbedigital.com.ar\/noticias\/wp-json\/wp\/v2\/media?parent=120783"}],"wp:term":[{"taxonomy":"category","embeddable":true,"href":"https:\/\/laurbedigital.com.ar\/noticias\/wp-json\/wp\/v2\/categories?post=120783"},{"taxonomy":"post_tag","embeddable":true,"href":"https:\/\/laurbedigital.com.ar\/noticias\/wp-json\/wp\/v2\/tags?post=120783"}],"curies":[{"name":"wp","href":"https:\/\/api.w.org\/{rel}","templated":true}]}}