{"id":120644,"date":"2025-10-16T03:43:40","date_gmt":"2025-10-16T06:43:40","guid":{"rendered":"https:\/\/laurbedigital.com.ar\/noticias\/?p=120644"},"modified":"2025-10-16T03:43:40","modified_gmt":"2025-10-16T06:43:40","slug":"16-de-octubre-dia-mundial-de-la-alimentacion","status":"publish","type":"post","link":"https:\/\/laurbedigital.com.ar\/noticias\/2025\/10\/16\/16-de-octubre-dia-mundial-de-la-alimentacion\/","title":{"rendered":"16 de Octubre \u201cD\u00eda Mundial de la Alimentaci\u00f3n\u201d"},"content":{"rendered":"<p>El D\u00eda Mundial de la Alimentaci\u00f3n, celebrado anualmente el 16 de octubre, es una fecha clave para concientizar sobre el problema del hambre y promover la importancia de una alimentaci\u00f3n sostenible. Desde su instalaci\u00f3n en 1979 por la Organizaci\u00f3n de las Naciones Unidas para la Alimentaci\u00f3n y la Agricultura (FAO), el d\u00eda busca impulsar la acci\u00f3n global para combatir la inseguridad alimentaria, mejorar la producci\u00f3n de alimentos y asegurar dietas saludables.<\/p>\n<h4><strong>Un panorama desafiante<\/strong><\/h4>\n<p>En un mundo donde el acceso a los alimentos sigue siendo desigual, m\u00e1s de 820 millones de personas sufren de hambre, mientras que el desperdicio alimentario alcanza cifras alarmantes en otras regiones. Esta marca contrasta la urgencia de encontrar soluciones sostenibles que no solo alimentan a la poblaci\u00f3n global, sino que tambi\u00e9n respetan los recursos naturales y promueven la equidad social. A trav\u00e9s del D\u00eda Mundial de la Alimentaci\u00f3n, se enfatiza la necesidad de repensar la manera en que producimos, distribuimos y consumimos alimentos.<\/p>\n<p>Uno de los grandes retos es el cambio clim\u00e1tico, que afecta de manera directa la producci\u00f3n agr\u00edcola y la disponibilidad de alimentos. Sequ\u00edas, inundaciones y fen\u00f3menos meteorol\u00f3gicos extremos amenazan la seguridad alimentaria en muchas regiones, especialmente en pa\u00edses en desarrollo. La sostenibilidad en la agricultura y en los sistemas alimentarios es esencial para mitigar estos impactos y garantizar que las futuras generaciones tengan acceso a los alimentos necesarios.<\/p>\n<h4><strong>Alimentaci\u00f3n para todos<\/strong><\/h4>\n<p>El lema de este a\u00f1o, \u00abCultivar, nutrir, preservar. Juntos\u00bb, destaca la interconexi\u00f3n entre la producci\u00f3n de alimentos y la salud del planeta. Se busca promover pr\u00e1cticas agr\u00edcolas sostenibles, reducir el desperdicio alimentario y garantizar que las dietas sean nutritivas y accesibles para todos. La FAO y otras organizaciones internacionales contin\u00faan impulsando programas que fomentan una agricultura m\u00e1s resiliente y que promueven la igualdad en el acceso a los alimentos.<\/p>\n<p>A nivel individual, las personas tambi\u00e9n juegan un rol clave. Reducir el desperdicio de alimentos, optar por productos de proximidad y respetar la estacionalidad de los alimentos son acciones que contribuyen a un sistema alimentario m\u00e1s equilibrado y respetuoso con el medio ambiente.<\/p>\n<h4><strong>Un llamado a la acci\u00f3n<\/strong><\/h4>\n<p>El D\u00eda Mundial de la Alimentaci\u00f3n no solo busca generar conciencia, sino que tambi\u00e9n es un llamado a la acci\u00f3n. Gobiernos, empresas y ciudadanos tienen la responsabilidad de trabajar juntos para transformar los sistemas alimentarios y crear un mundo donde el hambre sea cosa del pasado. Solo mediante una acci\u00f3n colectiva y coordinada, ser\u00e1 posible garantizar un futuro en el que todos tengan acceso a una alimentaci\u00f3n adecuada y saludable.<\/p>\n<p><img loading=\"lazy\" decoding=\"async\" class=\"alignnone size-full wp-image-96850\" src=\"https:\/\/laurbedigital.com.ar\/noticias\/wp-content\/uploads\/2023\/10\/alimentacion.jpeg\" alt=\"\" width=\"1000\" height=\"667\" title=\"\" srcset=\"https:\/\/laurbedigital.com.ar\/noticias\/wp-content\/uploads\/2023\/10\/alimentacion.jpeg 1000w, https:\/\/laurbedigital.com.ar\/noticias\/wp-content\/uploads\/2023\/10\/alimentacion-300x200.jpeg 300w, https:\/\/laurbedigital.com.ar\/noticias\/wp-content\/uploads\/2023\/10\/alimentacion-768x512.jpeg 768w\" sizes=\"auto, (max-width: 1000px) 100vw, 1000px\" \/><\/p>\n<h4 dir=\"ltr\"><strong>Los objetivos para esta celebraci\u00f3n son los siguientes:<\/strong><\/h4>\n<p>\u2022 Estimular una mayor atenci\u00f3n a la producci\u00f3n agr\u00edcola en todos los pa\u00edses y un mayor esfuerzo nacional, bilateral, multilateral y no gubernamental a ese fin.<\/p>\n<p>\u2022 Estimular la cooperaci\u00f3n econ\u00f3mica y t\u00e9cnica entre pa\u00edses en desarrollo.<\/p>\n<p>\u2022 Promover la participaci\u00f3n de las poblaciones rurales, especialmente de las mujeres y de los grupos menos privilegiados, en las decisiones y actividades que afectan a sus condiciones de vida.<\/p>\n<p>\u2022 Aumentar la conciencia p\u00fablica de la naturaleza del problema del hambre en el mundo.<\/p>\n<p>\u2022 Promover la transferencia de tecnolog\u00edas al mundo en desarrollo.<\/p>\n<p>\u2022 Fomentar todav\u00eda m\u00e1s el sentido de solidaridad nacional e internacional en la lucha contra el hambre, la malnutrici\u00f3n y la pobreza.<\/p>\n<p>Si bien cada a\u00f1o se produce el doble de alimentos para cubrir las necesidades de la poblaci\u00f3n mundial, aun as\u00ed cientos de millones de personas pasan hambre.<\/p>\n<h4><strong>\u00bfC\u00f3mo puedo contribuir desde mi lugar?<\/strong><\/h4>\n<p><strong>Conociendo y poniendo en pr\u00e1ctica algunas estrategias\u00a0para garantizar una producci\u00f3n y consumo sostenible y responsable. Como por ejemplo:<\/strong><\/p>\n<ul>\n<li>Realizando peque\u00f1as huertas domiciliarias<\/li>\n<li>Compostando<\/li>\n<li>Adquiriendo alimentos de la econom\u00eda social<\/li>\n<li>Planificando la comida<\/li>\n<li>Organizando la compra<\/li>\n<li>Aprovechando integralmente los alimentos<\/li>\n<li>Llev\u00e1ndote a casa lo que no consumiste<\/li>\n<li>Multiplicando el mensaje\u00a0con tu familia y amigos.<\/li>\n<\/ul>\n","protected":false},"excerpt":{"rendered":"<p>El D\u00eda Mundial de la Alimentaci\u00f3n, celebrado anualmente el 16 de octubre, es una fecha clave para concientizar sobre el<\/p>\n","protected":false},"author":1,"featured_media":96846,"comment_status":"closed","ping_status":"closed","sticky":false,"template":"","format":"standard","meta":{"kia_subtitle":"Cada 16 de octubre, el mundo se une para reflexionar sobre los desaf\u00edos y soluciones para garantizar una alimentaci\u00f3n adecuada y sostenible para todos.","footnotes":"","jetpack_publicize_message":"","jetpack_publicize_feature_enabled":true,"jetpack_social_post_already_shared":true,"jetpack_social_options":{"image_generator_settings":{"template":"highway","default_image_id":0,"font":"","enabled":false},"version":2}},"categories":[5,2594],"tags":[],"class_list":["post-120644","post","type-post","status-publish","format-standard","has-post-thumbnail","hentry","category-cultura","category-efemerides"],"jetpack_publicize_connections":[],"jetpack_featured_media_url":"https:\/\/laurbedigital.com.ar\/noticias\/wp-content\/uploads\/2023\/10\/20231016-Dia-Mundial-de-la-Alimentacion.jpg","_links":{"self":[{"href":"https:\/\/laurbedigital.com.ar\/noticias\/wp-json\/wp\/v2\/posts\/120644","targetHints":{"allow":["GET"]}}],"collection":[{"href":"https:\/\/laurbedigital.com.ar\/noticias\/wp-json\/wp\/v2\/posts"}],"about":[{"href":"https:\/\/laurbedigital.com.ar\/noticias\/wp-json\/wp\/v2\/types\/post"}],"author":[{"embeddable":true,"href":"https:\/\/laurbedigital.com.ar\/noticias\/wp-json\/wp\/v2\/users\/1"}],"replies":[{"embeddable":true,"href":"https:\/\/laurbedigital.com.ar\/noticias\/wp-json\/wp\/v2\/comments?post=120644"}],"version-history":[{"count":1,"href":"https:\/\/laurbedigital.com.ar\/noticias\/wp-json\/wp\/v2\/posts\/120644\/revisions"}],"predecessor-version":[{"id":120645,"href":"https:\/\/laurbedigital.com.ar\/noticias\/wp-json\/wp\/v2\/posts\/120644\/revisions\/120645"}],"wp:featuredmedia":[{"embeddable":true,"href":"https:\/\/laurbedigital.com.ar\/noticias\/wp-json\/wp\/v2\/media\/96846"}],"wp:attachment":[{"href":"https:\/\/laurbedigital.com.ar\/noticias\/wp-json\/wp\/v2\/media?parent=120644"}],"wp:term":[{"taxonomy":"category","embeddable":true,"href":"https:\/\/laurbedigital.com.ar\/noticias\/wp-json\/wp\/v2\/categories?post=120644"},{"taxonomy":"post_tag","embeddable":true,"href":"https:\/\/laurbedigital.com.ar\/noticias\/wp-json\/wp\/v2\/tags?post=120644"}],"curies":[{"name":"wp","href":"https:\/\/api.w.org\/{rel}","templated":true}]}}