{"id":120637,"date":"2025-10-16T03:41:21","date_gmt":"2025-10-16T06:41:21","guid":{"rendered":"https:\/\/laurbedigital.com.ar\/noticias\/?p=120637"},"modified":"2025-10-16T03:41:21","modified_gmt":"2025-10-16T06:41:21","slug":"recesion-e-industria-el-avance-de-la-crisis-golpea-a-la-produccion-argentina","status":"publish","type":"post","link":"https:\/\/laurbedigital.com.ar\/noticias\/2025\/10\/16\/recesion-e-industria-el-avance-de-la-crisis-golpea-a-la-produccion-argentina\/","title":{"rendered":"Recesi\u00f3n e industria: El avance de la crisis golpea a la producci\u00f3n argentina"},"content":{"rendered":"<p>La <b>recesi\u00f3n<\/b> avanza. Durante el octavo mes del a\u00f1o, la utilizaci\u00f3n de la capacidad instalada en la industria se ubic\u00f3 en el 59,4%, un nivel inferior al del a\u00f1o pasado (61,2%). Sectores como el textil, automotriz y de neum\u00e1ticos se llevan la peor parte, evidenciando el impacto directo de la apertura importadora. La p\u00e9rdida de empleo formal ya supera los 205.000 puestos, lo que confirma que la situaci\u00f3n es cr\u00edtica.<\/p>\n<p>La ca\u00edda en el uso de la capacidad instalada en agosto se alinea con un <b>desplome<\/b> del 4,4% en la producci\u00f3n manufacturera para el mismo periodo. Salvo la refinaci\u00f3n de petr\u00f3leo, que se mantiene alejada de los vaivenes macroecon\u00f3micos, la mayor\u00eda de los sectores industriales se encuentran paralizados. Esto se refleja en los bajos porcentajes de utilizaci\u00f3n de la capacidad, que en varios casos est\u00e1n por debajo del promedio general.<\/p>\n<p>Los m\u00e1s afectados fueron los productos minerales no met\u00e1licos (58,5%), la industria automotriz (53,3%), edici\u00f3n e impresi\u00f3n (50,9%), productos del tabaco (46,9%), metalmec\u00e1nica (44,4%), productos de caucho y pl\u00e1stico (42,1%) y, especialmente, los productos textiles (41,5%). La recesi\u00f3n avanza sin piedad y la crisis golpea sin distinci\u00f3n a toda la industria argentina.<\/p>\n<h4><strong>El golpe importador y sus consecuencias<\/strong><\/h4>\n<p>El <b>golpe importador<\/b> se sinti\u00f3 con fuerza en el sector de caucho y pl\u00e1stico. La producci\u00f3n de neum\u00e1ticos cay\u00f3 un 39,8% y las manufacturas de pl\u00e1stico un 5,3% en agosto, lo que explica la baja de la capacidad instalada del sector a 42,1%. Este panorama es resultado directo del aumento de importaciones en el rubro \u00abChasis, partes y neum\u00e1ticos\u00bb, que entre enero y agosto demand\u00f3 5.300 millones de d\u00f3lares, un 23,1% m\u00e1s que el a\u00f1o anterior.<\/p>\n<p>La industria automotriz no escapa a la crisis. La capacidad instalada baj\u00f3 a 53,3% en agosto, una ca\u00edda que se explica por la merma en la producci\u00f3n de las terminales. Seg\u00fan la <b>ADEFA<\/b>, la producci\u00f3n y exportaci\u00f3n se desplomaron por segundo mes consecutivo, con una ca\u00edda interanual del 13% en agosto. Los datos de <b>ACARA<\/b> revelan que m\u00e1s del 60% de los autos vendidos en ese mes fueron importados, invirtiendo la tendencia del a\u00f1o anterior, cuando los veh\u00edculos de producci\u00f3n nacional dominaban el mercado.<\/p>\n<p>Sin embargo, el sector m\u00e1s castigado fue el textil. \u00abLa motosierra vino por nosotros, han venido a destruir el coraz\u00f3n de la actividad productiva del pa\u00eds\u00bb, manifest\u00f3 Hugo Ben\u00edtez, secretario general de la <b>AOTRA<\/b>. Los productos textiles registraron un nivel de utilizaci\u00f3n de la capacidad instalada de 41,5% en agosto, muy por debajo del 50,4% del a\u00f1o pasado.<\/p>\n<p>De acuerdo con un informe de la <b>Fundaci\u00f3n Pro Tejer<\/b>, entre diciembre de 2023 y junio de 2025 se perdieron 11.500 empleos y cerraron 380 empresas. La producci\u00f3n cay\u00f3 un 14,5% en comparaci\u00f3n con 2023. La consultora <b>Vectorial<\/b> explic\u00f3 que esta ca\u00edda se debe al aumento del consumo de bienes importados, favorecido por un tipo de cambio que beneficia la compra de productos extranjeros por sobre la producci\u00f3n local.<\/p>\n<h4><strong>El desempleo avanza mientras la recuperaci\u00f3n en &#8216;V&#8217; se aleja<\/strong><\/h4>\n<p>El sue\u00f1o de una <b>recuperaci\u00f3n en &#8216;V&#8217;<\/b> se esfum\u00f3. Seg\u00fan la <b>Fundaci\u00f3n Capital<\/b>, la econom\u00eda cay\u00f3 un 0,8% en el tercer trimestre del a\u00f1o, lo que confirma que Argentina ha entrado en una recesi\u00f3n t\u00e9cnica. Los datos de la actividad econ\u00f3mica son \u00abrojos\u00bb y la retracci\u00f3n del PBI es evidente.<\/p>\n<p>Este panorama se refleja en el <b>desempleo<\/b>. Vectorial reporta que entre enero y septiembre de este a\u00f1o se entregaron 112.000 prestaciones por desempleo, uno de los niveles m\u00e1s altos de la \u00faltima d\u00e9cada. Desde el inicio de la gesti\u00f3n de Javier Milei, se perdieron 205.456 puestos de trabajo registrados, y muchos trabajadores pasaron a engrosar las filas de la informalidad laboral.<\/p>\n<p>La recesi\u00f3n avanza y el modelo de apertura importadora de la administraci\u00f3n de Milei ha puesto a la <b>industria<\/b> al borde del abismo. No hay se\u00f1ales de recuperaci\u00f3n. La p\u00e9rdida de empleos y el cierre de empresas son la cruda realidad de una crisis que se profundiza. Es tiempo de que el pa\u00eds se prepare para lo que se viene.<\/p>\n","protected":false},"excerpt":{"rendered":"<p>La recesi\u00f3n avanza. Durante el octavo mes del a\u00f1o, la utilizaci\u00f3n de la capacidad instalada en la industria se ubic\u00f3<\/p>\n","protected":false},"author":1,"featured_media":120642,"comment_status":"closed","ping_status":"closed","sticky":false,"template":"","format":"standard","meta":{"kia_subtitle":"La recesi\u00f3n avanza y la industria argentina se enfrenta a un golpe devastador. La ca\u00edda en el uso de la capacidad instalada y la p\u00e9rdida de empleos son la cara m\u00e1s dura de la crisis.","footnotes":"","jetpack_publicize_message":"","jetpack_publicize_feature_enabled":true,"jetpack_social_post_already_shared":true,"jetpack_social_options":{"image_generator_settings":{"template":"highway","default_image_id":0,"font":"","enabled":false},"version":2}},"categories":[3,41],"tags":[],"class_list":["post-120637","post","type-post","status-publish","format-standard","has-post-thumbnail","hentry","category-actualidad","category-nacionales"],"jetpack_publicize_connections":[],"jetpack_featured_media_url":"https:\/\/laurbedigital.com.ar\/noticias\/wp-content\/uploads\/2025\/10\/20251016-textil.jpg","_links":{"self":[{"href":"https:\/\/laurbedigital.com.ar\/noticias\/wp-json\/wp\/v2\/posts\/120637","targetHints":{"allow":["GET"]}}],"collection":[{"href":"https:\/\/laurbedigital.com.ar\/noticias\/wp-json\/wp\/v2\/posts"}],"about":[{"href":"https:\/\/laurbedigital.com.ar\/noticias\/wp-json\/wp\/v2\/types\/post"}],"author":[{"embeddable":true,"href":"https:\/\/laurbedigital.com.ar\/noticias\/wp-json\/wp\/v2\/users\/1"}],"replies":[{"embeddable":true,"href":"https:\/\/laurbedigital.com.ar\/noticias\/wp-json\/wp\/v2\/comments?post=120637"}],"version-history":[{"count":1,"href":"https:\/\/laurbedigital.com.ar\/noticias\/wp-json\/wp\/v2\/posts\/120637\/revisions"}],"predecessor-version":[{"id":120643,"href":"https:\/\/laurbedigital.com.ar\/noticias\/wp-json\/wp\/v2\/posts\/120637\/revisions\/120643"}],"wp:featuredmedia":[{"embeddable":true,"href":"https:\/\/laurbedigital.com.ar\/noticias\/wp-json\/wp\/v2\/media\/120642"}],"wp:attachment":[{"href":"https:\/\/laurbedigital.com.ar\/noticias\/wp-json\/wp\/v2\/media?parent=120637"}],"wp:term":[{"taxonomy":"category","embeddable":true,"href":"https:\/\/laurbedigital.com.ar\/noticias\/wp-json\/wp\/v2\/categories?post=120637"},{"taxonomy":"post_tag","embeddable":true,"href":"https:\/\/laurbedigital.com.ar\/noticias\/wp-json\/wp\/v2\/tags?post=120637"}],"curies":[{"name":"wp","href":"https:\/\/api.w.org\/{rel}","templated":true}]}}