{"id":12050,"date":"2018-03-07T16:09:45","date_gmt":"2018-03-07T19:09:45","guid":{"rendered":"http:\/\/laurbedigital.com.ar\/noticias\/?p=12050"},"modified":"2018-03-07T16:09:45","modified_gmt":"2018-03-07T19:09:45","slug":"llega-libro-vapor-ciudad-buenos-aires-nuestra-abuela-clotilde-dos-tragedias","status":"publish","type":"post","link":"https:\/\/laurbedigital.com.ar\/noticias\/2018\/03\/07\/llega-libro-vapor-ciudad-buenos-aires-nuestra-abuela-clotilde-dos-tragedias\/","title":{"rendered":"Llega el libro \u201cEl Vapor Ciudad de Buenos Aires y nuestra abuela Clotilde: dos tragedias\u201d"},"content":{"rendered":"<p>La editorial editorial\u00a0Dunken, presenta en Almirante Brown el libro de la licenciada\u00a0Adriana\u00a0Silvia De Arriba y\u00a0el profesor\u00a0H\u00e9ctor\u00a0Daniel\u00a0De Arriba, que relata dos historias tr\u00e1gicas, desde la literatura.<\/p>\n<p>El mismo une dos historias con final tr\u00e1gico: el veterano vapor\u00a0turbinero\u00a0Ciudad de Buenos Aires -construido en Inglaterra en 1913- hundido tras un choque con un carguero el norteamericano\u00a0Mormacsurf\u00a0el martes 27 de agosto de 1957, en el r\u00edo de la Plata.<\/p>\n<p>La historia contada desde la abuela materna de uno de los autores,\u00a0Clotilde\u00a0Bravo de\u00a0Ayala\u00a0(1899-1960), con destino final Col\u00f3n-ER.-, ancla en la ciudad cabecera del distrito, ya que su relatora es oriunda de Adrogu\u00e9 sobre la Av. San Mart\u00edn 520, esq. Avellaneda.<\/p>\n<p>Si bien ella se salv\u00f3 del tr\u00e1gico accidente fluvial tres a\u00f1os despu\u00e9s dio fin a su vida por propia mano.<\/p>\n<p>La obra tiene 448 p\u00e1ginas, 11 mapas, 2 planos y 135 fotos\u00a0documentales\u00a0como tambi\u00e9n informaci\u00f3n totalmente in\u00e9dita, basada en archivos, bibliotecas, hemerotecas,\u00a0filmotecas,\u00a0fototecas\u00a0y testimonios orales de 3\u00a0sobrevivientes\u00a0y de descendientes de pasajeros y tripulantes.<\/p>\n<p>Es la primera vez que se escribe un libro con esta tem\u00e1tica, que ser\u00e1 presentado en\u00a0Florencio\u00a0Varela\u00a0(C.I.I.E 16 de marzo), Bella Vista (10 de abril), Casa de la Cultura de\u00a0Adrogu\u00e9\u00a0(17 de abril 18\u00a0hs),\u00a0Curuz\u00fa\u00a0Cuati\u00e1\u00a0(ciudad en la que naci\u00f3 nuestra abuela), Concepci\u00f3n del\u00a0Uruguay\u00a0(19 de mayo), Concordia y Col\u00f3n -las ciudades de\u00a0ER- y\u00a0Paysand\u00fa. Nueva\u00a0Palmira\u00a0y\u00a0Carmelo\u00a0(ROU).<\/p>\n<p>La correcci\u00f3n literaria y comentario de contratapa estuvo a cargo del\u00a0Prof. Jorge Eduardo\u00a0G\u00f3mez.<\/p>\n<p>El libro es un homenaje a todos los pasajeros y tripulantes fallecidos y sobrevivientes ese martes 27 de agosto de 1957.<\/p>\n<p>De los autores:<\/p>\n<p>Adriana Silvia De Arriba, naci\u00f3 el 14 de diciembre de 1959, en Burzaco-Alte. Brown, Pcia. Bs.As., bajo el sello \u00c1guila Azul Autoexistente.<\/p>\n<p>Estudi\u00f3 Periodismo (UNLZ), es Consultora Psicol\u00f3gica (IsCiHS-CABA), Operadora en Adicciones (UNLZ), Acompa\u00f1ante Terap\u00e9utico (UNLZ), Profesora de Comunicaci\u00f3n y Medios de Adultos, Master de Reiki y Registros Ak\u00e1shicos, Profesora de Terapias Alternativas. Organiz\u00f3 y dict\u00f3 diversos cursos en distintas instituciones bonaerenses.<\/p>\n<p>H\u00e9ctor Daniel De Arriba, naci\u00f3 en Adrogu\u00e9 bajo el signo de acuario, un 15 de febrero. Es profesor en historia (I. S. F. D. N\u00b0 41 de Adrogu\u00e9). Barman por la Universidad Nacional de Quilmes. Ex voluntario social de LALCEC (\u00e1rea tabaquismo), de la Biblioteca Nacional \u00a0(\u00e1rea visitas guiadas) y de la Fundaci\u00f3n Uniendo Caminos (Centro Escolar Barracas).<\/p>\n<p>Adem\u00e1s, es investigador acreditado de la Biblioteca Nacional Argentina, Biblioteca Nacional del Maestro, Biblioteca Nacional de Uruguay y Archivo del Palacio de Tribunales.<\/p>\n<p>Ejerci\u00f3 cargos docentes frente a alumnos y cargo directivo, en escuelas estatales y privadas de nivel secundario y terciario del Gran Buenos Aires Sur.<\/p>\n<p>Ha recibido distinciones por su trayectoria docente y cultural. Ha participado en diversos y variados cursos, seminarios, congresos (nacionales e internacionales), talleres y jornadas de perfiles culturales y capacitaci\u00f3n docente.<\/p>\n","protected":false},"excerpt":{"rendered":"<p>La editorial editorial\u00a0Dunken, presenta en Almirante Brown el libro de la licenciada\u00a0Adriana\u00a0Silvia De Arriba y\u00a0el profesor\u00a0H\u00e9ctor\u00a0Daniel\u00a0De Arriba, que relata dos<\/p>\n","protected":false},"author":1,"featured_media":12051,"comment_status":"closed","ping_status":"closed","sticky":false,"template":"","format":"standard","meta":{"kia_subtitle":"","footnotes":"","jetpack_publicize_message":"","jetpack_publicize_feature_enabled":true,"jetpack_social_post_already_shared":true,"jetpack_social_options":{"image_generator_settings":{"template":"highway","default_image_id":0,"font":"","enabled":false},"version":2}},"categories":[5],"tags":[],"class_list":["post-12050","post","type-post","status-publish","format-standard","has-post-thumbnail","hentry","category-cultura"],"jetpack_publicize_connections":[],"jetpack_featured_media_url":"https:\/\/laurbedigital.com.ar\/noticias\/wp-content\/uploads\/2018\/03\/20180307-brown.jpg","_links":{"self":[{"href":"https:\/\/laurbedigital.com.ar\/noticias\/wp-json\/wp\/v2\/posts\/12050","targetHints":{"allow":["GET"]}}],"collection":[{"href":"https:\/\/laurbedigital.com.ar\/noticias\/wp-json\/wp\/v2\/posts"}],"about":[{"href":"https:\/\/laurbedigital.com.ar\/noticias\/wp-json\/wp\/v2\/types\/post"}],"author":[{"embeddable":true,"href":"https:\/\/laurbedigital.com.ar\/noticias\/wp-json\/wp\/v2\/users\/1"}],"replies":[{"embeddable":true,"href":"https:\/\/laurbedigital.com.ar\/noticias\/wp-json\/wp\/v2\/comments?post=12050"}],"version-history":[{"count":1,"href":"https:\/\/laurbedigital.com.ar\/noticias\/wp-json\/wp\/v2\/posts\/12050\/revisions"}],"predecessor-version":[{"id":12052,"href":"https:\/\/laurbedigital.com.ar\/noticias\/wp-json\/wp\/v2\/posts\/12050\/revisions\/12052"}],"wp:featuredmedia":[{"embeddable":true,"href":"https:\/\/laurbedigital.com.ar\/noticias\/wp-json\/wp\/v2\/media\/12051"}],"wp:attachment":[{"href":"https:\/\/laurbedigital.com.ar\/noticias\/wp-json\/wp\/v2\/media?parent=12050"}],"wp:term":[{"taxonomy":"category","embeddable":true,"href":"https:\/\/laurbedigital.com.ar\/noticias\/wp-json\/wp\/v2\/categories?post=12050"},{"taxonomy":"post_tag","embeddable":true,"href":"https:\/\/laurbedigital.com.ar\/noticias\/wp-json\/wp\/v2\/tags?post=12050"}],"curies":[{"name":"wp","href":"https:\/\/api.w.org\/{rel}","templated":true}]}}