{"id":119700,"date":"2025-09-15T13:57:40","date_gmt":"2025-09-15T16:57:40","guid":{"rendered":"https:\/\/laurbedigital.com.ar\/noticias\/?p=119700"},"modified":"2025-09-15T13:57:40","modified_gmt":"2025-09-15T16:57:40","slug":"cascallares-compartio-un-encuentro-con-docentes-brownianos-en-el-marco-del-dia-del-maestro","status":"publish","type":"post","link":"https:\/\/laurbedigital.com.ar\/noticias\/2025\/09\/15\/cascallares-compartio-un-encuentro-con-docentes-brownianos-en-el-marco-del-dia-del-maestro\/","title":{"rendered":"Cascallares comparti\u00f3 un encuentro con docentes brownianos en el marco del D\u00eda del Maestro"},"content":{"rendered":"<p style=\"font-weight: 400;\">Del tradicional encuentro, que se realiza desde 2016, participaron autoridades educativas, gremios docentes y educadores del distrito, con el objetivo de reconocer la tarea de los maestros como referentes fundamentales en la construcci\u00f3n de una comunidad m\u00e1s justa e inclusiva.<\/p>\n<p style=\"font-weight: 400;\">Durante la jornada, realizada en el predio situado en Erezcano entre Centenario de Mayo y Presidente Juan Domingo Per\u00f3n, el jefe comunal agradeci\u00f3 \u201cel enorme trabajo cotidiano realizado en todas las escuelas de Almirante Brown con el objetivo de tener una educaci\u00f3n p\u00fablica de calidad\u201d y tambi\u00e9n el rol de los gremios.<\/p>\n<h5 style=\"font-weight: 400;\"><strong><em>\u201cEstamos en un momento de enorme recorte de recursos por parte de la Naci\u00f3n, pero gobernar es priorizar y por eso vamos a seguir realizando una inversi\u00f3n enorme en la Educaci\u00f3n P\u00fablica\u201d, sostuvo.<\/em><\/strong><\/h5>\n<h5 style=\"font-weight: 400;\"><strong><em>En esa l\u00ednea, Mariano Cascallares agradeci\u00f3 a todos los docentes brownianos y renov\u00f3 \u201cel compromiso con la agenda de la Educaci\u00f3n P\u00fablica porque es una herramienta central para seguir construyendo presente y futuro\u201d, al tiempo que record\u00f3 que en pocos d\u00edas comenzar\u00e1 la novena edici\u00f3n de la Feria Internacional del Libro en la Plaza Guillermo Brown.<\/em><\/strong><\/h5>\n<p><img loading=\"lazy\" decoding=\"async\" class=\"alignnone size-full wp-image-119702\" src=\"https:\/\/laurbedigital.com.ar\/noticias\/wp-content\/uploads\/2025\/09\/20250915-Brown-docentes-Cascallares-1.jpg\" alt=\"\" width=\"768\" height=\"428\" title=\"\" srcset=\"https:\/\/laurbedigital.com.ar\/noticias\/wp-content\/uploads\/2025\/09\/20250915-Brown-docentes-Cascallares-1.jpg 768w, https:\/\/laurbedigital.com.ar\/noticias\/wp-content\/uploads\/2025\/09\/20250915-Brown-docentes-Cascallares-1-300x167.jpg 300w\" sizes=\"auto, (max-width: 768px) 100vw, 768px\" \/><\/p>\n<p style=\"font-weight: 400;\">Del encuentro participaron el presidente del Consejo Escolar, Ezequiel Mars; el secretario de Educaci\u00f3n, Ciencia y Tecnolog\u00eda, Sergio Pianciola; la subsecretaria de Educaci\u00f3n, Gabriela Vranic; la jefa regional de Educaci\u00f3n, Mar\u00eda In\u00e9s Centuri\u00f3n; la inspectora jefa distrital, M\u00f3nica V\u00e1squez; inspectoras e inspectores, gremios docentes y docentes de distintas instituciones locales.<\/p>\n","protected":false},"excerpt":{"rendered":"<p>Del tradicional encuentro, que se realiza desde 2016, participaron autoridades educativas, gremios docentes y educadores del distrito, con el objetivo<\/p>\n","protected":false},"author":1,"featured_media":119701,"comment_status":"closed","ping_status":"closed","sticky":false,"template":"","format":"standard","meta":{"kia_subtitle":"En conmemoraci\u00f3n del D\u00eda del Maestro, el intendente de Almirante Brown, Mariano Cascallares comparti\u00f3 un desayuno con m\u00e1s de un centenar docentes y representantes de la comunidad educativa de nuestro distrito en la Quinta Saludable \u201cRam\u00f3n Carrillo\u201d, donde les agradeci\u00f3 el \u201cenorme trabajo y compromiso cotidiano\u201d con la Educaci\u00f3n P\u00fablica.","footnotes":"","jetpack_publicize_message":"","jetpack_publicize_feature_enabled":true,"jetpack_social_post_already_shared":true,"jetpack_social_options":{"image_generator_settings":{"template":"highway","default_image_id":0,"font":"","enabled":false},"version":2}},"categories":[2,33],"tags":[],"class_list":["post-119700","post","type-post","status-publish","format-standard","has-post-thumbnail","hentry","category-alte-brown","category-alte-brown-alte-brown"],"jetpack_publicize_connections":[],"jetpack_featured_media_url":"https:\/\/laurbedigital.com.ar\/noticias\/wp-content\/uploads\/2025\/09\/20250915-Brown-docentes-Cascallares.jpg","_links":{"self":[{"href":"https:\/\/laurbedigital.com.ar\/noticias\/wp-json\/wp\/v2\/posts\/119700","targetHints":{"allow":["GET"]}}],"collection":[{"href":"https:\/\/laurbedigital.com.ar\/noticias\/wp-json\/wp\/v2\/posts"}],"about":[{"href":"https:\/\/laurbedigital.com.ar\/noticias\/wp-json\/wp\/v2\/types\/post"}],"author":[{"embeddable":true,"href":"https:\/\/laurbedigital.com.ar\/noticias\/wp-json\/wp\/v2\/users\/1"}],"replies":[{"embeddable":true,"href":"https:\/\/laurbedigital.com.ar\/noticias\/wp-json\/wp\/v2\/comments?post=119700"}],"version-history":[{"count":1,"href":"https:\/\/laurbedigital.com.ar\/noticias\/wp-json\/wp\/v2\/posts\/119700\/revisions"}],"predecessor-version":[{"id":119703,"href":"https:\/\/laurbedigital.com.ar\/noticias\/wp-json\/wp\/v2\/posts\/119700\/revisions\/119703"}],"wp:featuredmedia":[{"embeddable":true,"href":"https:\/\/laurbedigital.com.ar\/noticias\/wp-json\/wp\/v2\/media\/119701"}],"wp:attachment":[{"href":"https:\/\/laurbedigital.com.ar\/noticias\/wp-json\/wp\/v2\/media?parent=119700"}],"wp:term":[{"taxonomy":"category","embeddable":true,"href":"https:\/\/laurbedigital.com.ar\/noticias\/wp-json\/wp\/v2\/categories?post=119700"},{"taxonomy":"post_tag","embeddable":true,"href":"https:\/\/laurbedigital.com.ar\/noticias\/wp-json\/wp\/v2\/tags?post=119700"}],"curies":[{"name":"wp","href":"https:\/\/api.w.org\/{rel}","templated":true}]}}