{"id":11969,"date":"2018-03-02T15:43:52","date_gmt":"2018-03-02T18:43:52","guid":{"rendered":"http:\/\/laurbedigital.com.ar\/noticias\/?p=11969"},"modified":"2018-03-02T15:43:52","modified_gmt":"2018-03-02T18:43:52","slug":"municipio-dara-asueto-8-marzo-desde-mediodia-trabajadoras","status":"publish","type":"post","link":"https:\/\/laurbedigital.com.ar\/noticias\/2018\/03\/02\/municipio-dara-asueto-8-marzo-desde-mediodia-trabajadoras\/","title":{"rendered":"El Municipio dar\u00e1 asueto el 8 de marzo desde el mediod\u00eda a sus trabajadoras"},"content":{"rendered":"<p>El Municipio de Almirante Brown inform\u00f3 que el pr\u00f3ximo jueves 8 de marzo, con motivo de conmemorarse el \u00abD\u00eda Internacional de la Mujer\u00bb se le dar\u00e1 asueto a partir del mediod\u00eda a las trabajadoras de la Comuna para participar de la asamblea y la movilizaci\u00f3n en el marco del \u00abParo Internacional de Mujeres\u00bb.<\/p>\n<p>El intendente Mariano Cascallares precis\u00f3 que se tom\u00f3 la decisi\u00f3n de otorgar el asueto desde el mediod\u00eda \u00abpara que puedan manifestarse en favor de la igualdad y hacer o\u00edr su reclamo colectivo para terminar con la violencia de g\u00e9nero y el machismo\u00bb.<\/p>\n<p>El jefe comunal consider\u00f3 que \u00abatravesamos un momento hist\u00f3rico en el que las mujeres son protagonistas de la lucha por sus derechos\u00bb.<\/p>\n<p>En ese punto, se confirm\u00f3 la decisi\u00f3n oficial de disponer el asueto para las trabajadoras municipales a partir del mediod\u00eda del pr\u00f3ximo jueves 8 de marzo.<\/p>\n","protected":false},"excerpt":{"rendered":"<p>El Municipio de Almirante Brown inform\u00f3 que el pr\u00f3ximo jueves 8 de marzo, con motivo de conmemorarse el \u00abD\u00eda Internacional<\/p>\n","protected":false},"author":1,"featured_media":11970,"comment_status":"closed","ping_status":"closed","sticky":false,"template":"","format":"standard","meta":{"kia_subtitle":"","footnotes":"","jetpack_publicize_message":"","jetpack_publicize_feature_enabled":true,"jetpack_social_post_already_shared":true,"jetpack_social_options":{"image_generator_settings":{"template":"highway","default_image_id":0,"font":"","enabled":false},"version":2}},"categories":[2,33],"tags":[237,129,326],"class_list":["post-11969","post","type-post","status-publish","format-standard","has-post-thumbnail","hentry","category-alte-brown","category-alte-brown-alte-brown","tag-8m","tag-almirante-brown","tag-asueto"],"jetpack_publicize_connections":[],"jetpack_featured_media_url":"https:\/\/laurbedigital.com.ar\/noticias\/wp-content\/uploads\/2018\/03\/20180302-brown1.jpg","_links":{"self":[{"href":"https:\/\/laurbedigital.com.ar\/noticias\/wp-json\/wp\/v2\/posts\/11969","targetHints":{"allow":["GET"]}}],"collection":[{"href":"https:\/\/laurbedigital.com.ar\/noticias\/wp-json\/wp\/v2\/posts"}],"about":[{"href":"https:\/\/laurbedigital.com.ar\/noticias\/wp-json\/wp\/v2\/types\/post"}],"author":[{"embeddable":true,"href":"https:\/\/laurbedigital.com.ar\/noticias\/wp-json\/wp\/v2\/users\/1"}],"replies":[{"embeddable":true,"href":"https:\/\/laurbedigital.com.ar\/noticias\/wp-json\/wp\/v2\/comments?post=11969"}],"version-history":[{"count":1,"href":"https:\/\/laurbedigital.com.ar\/noticias\/wp-json\/wp\/v2\/posts\/11969\/revisions"}],"predecessor-version":[{"id":11971,"href":"https:\/\/laurbedigital.com.ar\/noticias\/wp-json\/wp\/v2\/posts\/11969\/revisions\/11971"}],"wp:featuredmedia":[{"embeddable":true,"href":"https:\/\/laurbedigital.com.ar\/noticias\/wp-json\/wp\/v2\/media\/11970"}],"wp:attachment":[{"href":"https:\/\/laurbedigital.com.ar\/noticias\/wp-json\/wp\/v2\/media?parent=11969"}],"wp:term":[{"taxonomy":"category","embeddable":true,"href":"https:\/\/laurbedigital.com.ar\/noticias\/wp-json\/wp\/v2\/categories?post=11969"},{"taxonomy":"post_tag","embeddable":true,"href":"https:\/\/laurbedigital.com.ar\/noticias\/wp-json\/wp\/v2\/tags?post=11969"}],"curies":[{"name":"wp","href":"https:\/\/api.w.org\/{rel}","templated":true}]}}