{"id":119643,"date":"2025-09-13T03:57:53","date_gmt":"2025-09-13T06:57:53","guid":{"rendered":"https:\/\/laurbedigital.com.ar\/noticias\/?p=119643"},"modified":"2025-09-13T03:57:53","modified_gmt":"2025-09-13T06:57:53","slug":"kicillof-pide-un-congreso-en-defensa-de-la-educacion-publica","status":"publish","type":"post","link":"https:\/\/laurbedigital.com.ar\/noticias\/2025\/09\/13\/kicillof-pide-un-congreso-en-defensa-de-la-educacion-publica\/","title":{"rendered":"Kicillof pide un congreso en defensa de la educaci\u00f3n p\u00fablica"},"content":{"rendered":"<p>El gobernador bonaerense <b>Axel Kicillof<\/b> redobl\u00f3 su ofensiva contra la pol\u00edtica de ajuste del gobierno nacional en un acto en el partido de San Mart\u00edn, donde inaugur\u00f3 una nueva escuela secundaria. Acompa\u00f1ado por el candidato a diputado nacional, Jorge Taiana, Kicillof no solo denunci\u00f3 la par\u00e1lisis de la obra p\u00fablica y el desfinanciamiento universitario, sino que tambi\u00e9n vincul\u00f3 directamente la <b>defensa de la educaci\u00f3n p\u00fablica<\/b> con la necesidad de fortalecer el bloque opositor en las pr\u00f3ximas elecciones legislativas de octubre.<\/p>\n<p>La inauguraci\u00f3n de la Escuela Secundaria N\u00b058 en el barrio Libertador se convirti\u00f3 en el escenario para un contundente mensaje pol\u00edtico. En un discurso que reson\u00f3 con la tensi\u00f3n que caracteriza la relaci\u00f3n entre la provincia y la Naci\u00f3n, Kicillof asegur\u00f3 que \u00abante un Gobierno que no escuch\u00f3 a las urnas y vet\u00f3 la ley de financiamiento universitario, demostramos con hechos que siempre vamos a defender de manera inclaudicable a la <b>educaci\u00f3n p\u00fablica, gratuita y de calidad<\/b> en todos sus niveles\u00bb.<\/p>\n<p>La declaraci\u00f3n no es casual. Se produce en un momento de efervescencia pol\u00edtica, con las miradas puestas en el Congreso y las elecciones que definir\u00e1n su nueva conformaci\u00f3n. La provincia de Buenos Aires, el principal basti\u00f3n electoral de Uni\u00f3n por la Patria, se juega un papel crucial en la contienda. El oficialismo provincial busca consolidar su presencia en el Poder Legislativo nacional para frenar lo que percibe como un avasallamiento de las pol\u00edticas p\u00fablicas esenciales, particularmente en el \u00e1mbito educativo. La figura de Taiana, primer candidato a diputado, se posiciona como una pieza clave en esta estrategia.<\/p>\n<h3>Un llamado a la acci\u00f3n pol\u00edtica con base en la educaci\u00f3n<\/h3>\n<p>La agenda de <b>defensa de la educaci\u00f3n p\u00fablica<\/b> se ha convertido en una bandera central del gobierno bonaerense. El reclamo por la restituci\u00f3n del Fondo Nacional de Incentivo Docente (FONID), la reactivaci\u00f3n de obras de infraestructura educativa y el aumento presupuestario para las universidades p\u00fablicas son los principales ejes de su confrontaci\u00f3n con la administraci\u00f3n libertaria. En este contexto, la inauguraci\u00f3n de una escuela, que demand\u00f3 una inversi\u00f3n de 1.933 millones de pesos, sirve como prueba de la gesti\u00f3n provincial frente a la inacci\u00f3n que denuncian a nivel federal. La obra, largamente esperada por la comunidad del barrio Libertador, busca cerrar una brecha de acceso al nivel secundario en una zona que carec\u00eda de oferta educativa.<\/p>\n<p>Por su parte, el ex canciller Jorge Taiana reforz\u00f3 el mensaje de su compa\u00f1ero de f\u00f3rmula. \u00abEsta escuela se construy\u00f3 a pesar de todas las dificultades que implica tener un Gobierno nacional que est\u00e1 en contra de la obra p\u00fablica. Se pudo hacer porque aqu\u00ed estamos convencidos de que la funci\u00f3n de los gobernantes es mejorar las condiciones de vida de los argentinos\u00bb, sostuvo. Su intervenci\u00f3n no solo apuntal\u00f3 el relato de la gesti\u00f3n, sino que tambi\u00e9n busc\u00f3 movilizar a los votantes con un mensaje directo sobre el rol del Estado.<\/p>\n<p>La confrontaci\u00f3n entre la provincia de Buenos Aires y la Naci\u00f3n no se limita a la ret\u00f3rica; se manifiesta en acciones concretas. Mientras que el gobierno nacional justifica los recortes presupuestarios en la necesidad de alcanzar el equilibrio fiscal, la provincia insiste en que estas medidas comprometen derechos fundamentales y el futuro de las nuevas generaciones. El conflicto por la \u00abLey de Financiamiento Universitario\u00bb es solo un ejemplo de una disputa m\u00e1s profunda sobre el modelo de pa\u00eds. Kicillof y Taiana intentan capitalizar el descontento de un sector de la sociedad y transformar ese malestar en votos que fortalezcan su posici\u00f3n en el Congreso.<\/p>\n<h3>El futuro legislativo en el debate<\/h3>\n<p>La elecci\u00f3n del 26 de octubre se presenta, entonces, como una instancia crucial para dirimir qui\u00e9n controlar\u00e1 el poder de decisi\u00f3n en el Parlamento. M\u00e1s all\u00e1 de la competencia por las bancas, el gobernador bonaerense busca convertir la elecci\u00f3n en un plebiscito sobre el rumbo de las pol\u00edticas p\u00fablicas, con la educaci\u00f3n como eje principal. La estrategia es clara: movilizar a los votantes con el argumento de que el futuro de la educaci\u00f3n argentina se juega en la composici\u00f3n del Poder Legislativo. La presencia de funcionarios clave como el director general de Cultura y Educaci\u00f3n, Alberto Sileoni, y el intendente local, Fernando Moreira, subraya la importancia del evento para el aparato pol\u00edtico provincial.<\/p>\n<p>El acto en San Mart\u00edn evidencia la intenci\u00f3n de <b>Axel Kicillof<\/b> de convertir las elecciones legislativas en una cruzada por la <b>educaci\u00f3n<\/b> y la obra p\u00fablica. Al vincular la <b>defensa de la educaci\u00f3n p\u00fablica<\/b> con la necesidad de un Congreso opositor, el gobernador bonaerense no solo busca apuntalar la candidatura de Jorge Taiana, sino que tambi\u00e9n posiciona a su administraci\u00f3n como un contrapeso necesario frente a las pol\u00edticas de ajuste del gobierno nacional. La nueva escuela, m\u00e1s que una simple inauguraci\u00f3n, se erige como un s\u00edmbolo de resistencia y un llamado a la acci\u00f3n pol\u00edtica en el marco de una disputa que se intensificar\u00e1 camino a las urnas.<\/p>\n","protected":false},"excerpt":{"rendered":"<p>El gobernador bonaerense Axel Kicillof redobl\u00f3 su ofensiva contra la pol\u00edtica de ajuste del gobierno nacional en un acto en<\/p>\n","protected":false},"author":1,"featured_media":119646,"comment_status":"closed","ping_status":"closed","sticky":false,"template":"","format":"standard","meta":{"kia_subtitle":"En medio de la tensi\u00f3n con el gobierno de Javier Milei, el gobernador bonaerense Axel Kicillof convoc\u00f3 a \u201cllenar el Congreso de diputados que defiendan la educaci\u00f3n p\u00fablica\u201d. La declaraci\u00f3n refuerza su postura ante la disputa por el financiamiento educativo.","footnotes":"","jetpack_publicize_message":"","jetpack_publicize_feature_enabled":true,"jetpack_social_post_already_shared":true,"jetpack_social_options":{"image_generator_settings":{"template":"highway","default_image_id":0,"font":"","enabled":false},"version":2}},"categories":[3,41],"tags":[],"class_list":["post-119643","post","type-post","status-publish","format-standard","has-post-thumbnail","hentry","category-actualidad","category-nacionales"],"jetpack_publicize_connections":[],"jetpack_featured_media_url":"https:\/\/laurbedigital.com.ar\/noticias\/wp-content\/uploads\/2025\/09\/2025090913-Kicillof.jpg","_links":{"self":[{"href":"https:\/\/laurbedigital.com.ar\/noticias\/wp-json\/wp\/v2\/posts\/119643","targetHints":{"allow":["GET"]}}],"collection":[{"href":"https:\/\/laurbedigital.com.ar\/noticias\/wp-json\/wp\/v2\/posts"}],"about":[{"href":"https:\/\/laurbedigital.com.ar\/noticias\/wp-json\/wp\/v2\/types\/post"}],"author":[{"embeddable":true,"href":"https:\/\/laurbedigital.com.ar\/noticias\/wp-json\/wp\/v2\/users\/1"}],"replies":[{"embeddable":true,"href":"https:\/\/laurbedigital.com.ar\/noticias\/wp-json\/wp\/v2\/comments?post=119643"}],"version-history":[{"count":1,"href":"https:\/\/laurbedigital.com.ar\/noticias\/wp-json\/wp\/v2\/posts\/119643\/revisions"}],"predecessor-version":[{"id":119649,"href":"https:\/\/laurbedigital.com.ar\/noticias\/wp-json\/wp\/v2\/posts\/119643\/revisions\/119649"}],"wp:featuredmedia":[{"embeddable":true,"href":"https:\/\/laurbedigital.com.ar\/noticias\/wp-json\/wp\/v2\/media\/119646"}],"wp:attachment":[{"href":"https:\/\/laurbedigital.com.ar\/noticias\/wp-json\/wp\/v2\/media?parent=119643"}],"wp:term":[{"taxonomy":"category","embeddable":true,"href":"https:\/\/laurbedigital.com.ar\/noticias\/wp-json\/wp\/v2\/categories?post=119643"},{"taxonomy":"post_tag","embeddable":true,"href":"https:\/\/laurbedigital.com.ar\/noticias\/wp-json\/wp\/v2\/tags?post=119643"}],"curies":[{"name":"wp","href":"https:\/\/api.w.org\/{rel}","templated":true}]}}