{"id":119638,"date":"2025-09-12T13:35:13","date_gmt":"2025-09-12T16:35:13","guid":{"rendered":"https:\/\/laurbedigital.com.ar\/noticias\/?p=119638"},"modified":"2025-09-12T13:35:13","modified_gmt":"2025-09-12T16:35:13","slug":"cascallares-en-alte-brown-sumamos-servicios-para-nuestros-excombatientes-de-malvinas","status":"publish","type":"post","link":"https:\/\/laurbedigital.com.ar\/noticias\/2025\/09\/12\/cascallares-en-alte-brown-sumamos-servicios-para-nuestros-excombatientes-de-malvinas\/","title":{"rendered":"Cascallares: \u201cEn Alte Brown sumamos servicios para nuestros excombatientes de Malvinas\u201d"},"content":{"rendered":"<p>La iniciativa, que se concret\u00f3 en la sede ubicada en la calle Molina N\u00b0 538 de Jos\u00e9 M\u00e1rmol, permitir\u00e1 que los excombatientes accedan a la atenci\u00f3n en los policonsultorios IOMA\u2013UPCN que funcionan en Alte Brown, incorporando prestaciones de salud integral con prioridad en la asignaci\u00f3n de turnos y trato equivalente al de los afiliados al gremio.<\/p>\n<p>El acuerdo contempla atenci\u00f3n m\u00e9dica general y especializada, con \u00e9nfasis en atenci\u00f3n psicol\u00f3gica para excombatientes y sus familias, a cargo de profesionales especializados.<\/p>\n<p><img loading=\"lazy\" decoding=\"async\" class=\"alignnone size-full wp-image-119640\" src=\"https:\/\/laurbedigital.com.ar\/noticias\/wp-content\/uploads\/2025\/09\/2025090911-Brown-Cascallares-Excombatientes1.jpg\" alt=\"\" width=\"768\" height=\"428\" title=\"\" srcset=\"https:\/\/laurbedigital.com.ar\/noticias\/wp-content\/uploads\/2025\/09\/2025090911-Brown-Cascallares-Excombatientes1.jpg 768w, https:\/\/laurbedigital.com.ar\/noticias\/wp-content\/uploads\/2025\/09\/2025090911-Brown-Cascallares-Excombatientes1-300x167.jpg 300w\" sizes=\"auto, (max-width: 768px) 100vw, 768px\" \/><\/p>\n<h5><strong><em>Por su parte, el intendente Mariano Cascallares subray\u00f3 que \u00aben Almirante Brown seguimos trabajando para que nuestros excombatientes y sus familias tengan cada vez m\u00e1s servicios y mejores oportunidades\u201d.<\/em><\/strong><\/h5>\n<h5><strong><em>Mosquera, en tanto, sostuvo que \u201ceste acuerdo es fundamental, ya que permitir\u00e1 que los excombatientes accedan a atenci\u00f3n m\u00e9dica de calidad\u201d. Y complet\u00f3: \u201cEste convenio refleja nuestro compromiso con la salud y el bienestar de quienes han servido a nuestra naci\u00f3n\u201d.<\/em><\/strong><\/h5>\n<p><img loading=\"lazy\" decoding=\"async\" class=\"alignnone size-full wp-image-119641\" src=\"https:\/\/laurbedigital.com.ar\/noticias\/wp-content\/uploads\/2025\/09\/2025090911-Brown-Cascallares-Excombatientes2.jpg\" alt=\"\" width=\"768\" height=\"428\" title=\"\" srcset=\"https:\/\/laurbedigital.com.ar\/noticias\/wp-content\/uploads\/2025\/09\/2025090911-Brown-Cascallares-Excombatientes2.jpg 768w, https:\/\/laurbedigital.com.ar\/noticias\/wp-content\/uploads\/2025\/09\/2025090911-Brown-Cascallares-Excombatientes2-300x167.jpg 300w\" sizes=\"auto, (max-width: 768px) 100vw, 768px\" \/><\/p>\n<p>Participaron de la firma el titular de UPCN Almirante Brown, Jos\u00e9 V\u00e9lez; el presidente del Centro de Excombatientes de Malvinas \u201cPuerto Argentino\u201d,\u00a0\u00a0Francisco Marcovich; la secretaria de Desarrollo, Seguridad Social y Derechos Humanos del Municipio, B\u00e1rbara Mi\u00f1\u00e1n; y el director general de Promoci\u00f3n y Protecci\u00f3n de los Derechos Humanos, Hugo Vidart.<\/p>\n","protected":false},"excerpt":{"rendered":"<p>La iniciativa, que se concret\u00f3 en la sede ubicada en la calle Molina N\u00b0 538 de Jos\u00e9 M\u00e1rmol, permitir\u00e1 que<\/p>\n","protected":false},"author":1,"featured_media":119639,"comment_status":"closed","ping_status":"closed","sticky":false,"template":"","format":"standard","meta":{"kia_subtitle":"El intendente de Almirante Brown, Mariano Cascallares, firm\u00f3 junto a la secretaria general de UPCNBA, Fabiola Mosquera, dos convenios de cooperaci\u00f3n entre el Centro de Excombatientes de Malvinas de Almirante Brown y la Asociaci\u00f3n Mutual de Asociados a la Uni\u00f3n del Personal Civil de la Naci\u00f3n (UPCN), para ampliar los beneficios m\u00e9dicos y sanitarios destinados a los h\u00e9roes de Malvinas de nuestro distrito.","footnotes":"","jetpack_publicize_message":"","jetpack_publicize_feature_enabled":true,"jetpack_social_post_already_shared":true,"jetpack_social_options":{"image_generator_settings":{"template":"highway","default_image_id":0,"font":"","enabled":false},"version":2}},"categories":[2,33],"tags":[],"class_list":["post-119638","post","type-post","status-publish","format-standard","has-post-thumbnail","hentry","category-alte-brown","category-alte-brown-alte-brown"],"jetpack_publicize_connections":[],"jetpack_featured_media_url":"https:\/\/laurbedigital.com.ar\/noticias\/wp-content\/uploads\/2025\/09\/2025090911-Brown-Cascallares-Excombatientes.jpg","_links":{"self":[{"href":"https:\/\/laurbedigital.com.ar\/noticias\/wp-json\/wp\/v2\/posts\/119638","targetHints":{"allow":["GET"]}}],"collection":[{"href":"https:\/\/laurbedigital.com.ar\/noticias\/wp-json\/wp\/v2\/posts"}],"about":[{"href":"https:\/\/laurbedigital.com.ar\/noticias\/wp-json\/wp\/v2\/types\/post"}],"author":[{"embeddable":true,"href":"https:\/\/laurbedigital.com.ar\/noticias\/wp-json\/wp\/v2\/users\/1"}],"replies":[{"embeddable":true,"href":"https:\/\/laurbedigital.com.ar\/noticias\/wp-json\/wp\/v2\/comments?post=119638"}],"version-history":[{"count":1,"href":"https:\/\/laurbedigital.com.ar\/noticias\/wp-json\/wp\/v2\/posts\/119638\/revisions"}],"predecessor-version":[{"id":119642,"href":"https:\/\/laurbedigital.com.ar\/noticias\/wp-json\/wp\/v2\/posts\/119638\/revisions\/119642"}],"wp:featuredmedia":[{"embeddable":true,"href":"https:\/\/laurbedigital.com.ar\/noticias\/wp-json\/wp\/v2\/media\/119639"}],"wp:attachment":[{"href":"https:\/\/laurbedigital.com.ar\/noticias\/wp-json\/wp\/v2\/media?parent=119638"}],"wp:term":[{"taxonomy":"category","embeddable":true,"href":"https:\/\/laurbedigital.com.ar\/noticias\/wp-json\/wp\/v2\/categories?post=119638"},{"taxonomy":"post_tag","embeddable":true,"href":"https:\/\/laurbedigital.com.ar\/noticias\/wp-json\/wp\/v2\/tags?post=119638"}],"curies":[{"name":"wp","href":"https:\/\/api.w.org\/{rel}","templated":true}]}}