{"id":119627,"date":"2025-09-12T03:45:18","date_gmt":"2025-09-12T06:45:18","guid":{"rendered":"https:\/\/laurbedigital.com.ar\/noticias\/?p=119627"},"modified":"2025-09-12T03:48:05","modified_gmt":"2025-09-12T06:48:05","slug":"vetos-de-javier-milei-la-universidad-y-el-garrahan-se-unen-en-una-inedita-protesta","status":"publish","type":"post","link":"https:\/\/laurbedigital.com.ar\/noticias\/2025\/09\/12\/vetos-de-javier-milei-la-universidad-y-el-garrahan-se-unen-en-una-inedita-protesta\/","title":{"rendered":"Los vetos de Milei unieron a las universidades y al Garrahan"},"content":{"rendered":"<p>En un movimiento sin precedentes, la comunidad universitaria y los profesionales del <b>Hospital Garrahan<\/b> han forjado una alianza en respuesta a los recientes <b>vetos de Milei<\/b> a la Ley de Financiamiento Universitario y a la Ley de Emergencia Pedi\u00e1trica. La decisi\u00f3n del presidente, tomada con escasas horas de diferencia, ha sido calificada como un \u00abatropello autoritario\u00bb y ha generado una oleada de indignaci\u00f3n que, seg\u00fan los propios sectores afectados, podr\u00eda convertirse en un boomerang pol\u00edtico para el Gobierno. La unidad de estos dos s\u00edmbolos de la resistencia p\u00fablica marca un nuevo cap\u00edtulo en la confrontaci\u00f3n por las pol\u00edticas de ajuste.<\/p>\n<p>Los trabajadores y profesionales del Hospital Garrahan, centro de referencia en salud de la infancia, han condenado los vetos como \u00ababerrantes y mentirosos\u00bb. La licenciada Norma Lezana, secretaria general de la Asociaci\u00f3n de Profesionales y T\u00e9cnicos (APyT) del Garrahan, advirti\u00f3 que el presidente ha \u00ababierto una Caja de Pandora\u00bb, unificando a la sociedad civil y a los trabajadores en una causa com\u00fan.<\/p>\n<h3>Un plan de lucha con paros y una marcha federal<\/h3>\n<p>La respuesta de las universidades y del Garrahan no se hizo esperar. De forma inmediata, se anunci\u00f3 un plan de lucha conjunto que comenz\u00f3 este mismo jueves con una reuni\u00f3n entre rectores universitarios y representantes del hospital para coordinar acciones. El plan incluye un \u00abRuidazo Nacional\u00bb que se llevar\u00e1 a cabo hoy viernes a las 20 horas, con epicentro en el Garrahan, donde ya se ha convocado un paro, y en cada una de las universidades del pa\u00eds, que tambi\u00e9n se sumar\u00e1n a la medida de fuerza.<\/p>\n<p>Este tipo de acciones conjuntas buscan visibilizar la magnitud del rechazo a los vetos y ejercer presi\u00f3n sobre el poder legislativo. La protesta se intensificar\u00e1 el pr\u00f3ximo lunes 15 de septiembre, cuando se realizar\u00e1 una conferencia de prensa frente al Congreso de la Naci\u00f3n. All\u00ed, la comunidad universitaria y las organizaciones de la salud p\u00fablica se congregar\u00e1n para \u00abexigir a diputados y senadores que traten en forma conjunta ambos vetos y los rechacen\u00bb, seg\u00fan precis\u00f3 Lezana.<\/p>\n<p>El objetivo de este enfoque unificado es claro: demostrar que la defensa de la salud p\u00fablica y la educaci\u00f3n superior es una sola causa, inseparable y de inter\u00e9s nacional. Los <b>vetos de Milei<\/b> han logrado lo que antes parec\u00eda impensable, una alianza masiva que podr\u00eda tener consecuencias significativas en el debate legislativo sobre las medidas presidenciales.<\/p>\n<h3>\u201cEste presidente es enemigo de las infancias y la universidad\u201d<\/h3>\n<p>La ret\u00f3rica de los manifestantes se ha endurecido ante lo que consideran un ataque frontal a los pilares del bienestar social. Norma Lezana no dud\u00f3 en afirmar que \u00abeste presidente es enemigo de las infancias, de la salud p\u00fablica y de la universidad, y vamos a vetarlo nosotros en las calles\u00bb. Esta declaraci\u00f3n resume el sentir de una protesta que trasciende la mera demanda salarial o presupuestaria para convertirse en una defensa de los servicios p\u00fablicos esenciales.<\/p>\n<p>La Marcha Federal, que ser\u00e1 la culminaci\u00f3n del plan de lucha, se convocar\u00e1 para el d\u00eda en que el Congreso de la Naci\u00f3n se re\u00fana para tratar los vetos. Esta movilizaci\u00f3n busca replicar la masividad y el impacto de la <b>Marcha Federal<\/b> universitaria que tuvo lugar a principios de este a\u00f1o, y que logr\u00f3 visibilizar con fuerza el conflicto presupuestario de las casas de estudio. La uni\u00f3n del sector de la salud p\u00fablica, representado por un s\u00edmbolo como el Hospital Garrahan, le a\u00f1ade una nueva capa de legitimidad y urgencia a la protesta.<\/p>\n<p>La estrategia de los sectores movilizados es clara: mantener la presi\u00f3n en las calles y en los medios para influir en la decisi\u00f3n de los legisladores. La vocaci\u00f3n de responder de manera unificada, tal como lo expres\u00f3 Lezana, muestra que la resistencia al ajuste ha encontrado un nuevo frente com\u00fan, uniendo a la salud p\u00fablica y la educaci\u00f3n en una sola causa que busca defender los derechos y la calidad de vida de todos los ciudadanos.<\/p>\n","protected":false},"excerpt":{"rendered":"<p>En un movimiento sin precedentes, la comunidad universitaria y los profesionales del Hospital Garrahan han forjado una alianza en respuesta<\/p>\n","protected":false},"author":1,"featured_media":109316,"comment_status":"closed","ping_status":"closed","sticky":false,"template":"","format":"standard","meta":{"kia_subtitle":"Los recientes vetos de Milei a leyes clave de salud p\u00fablica y educaci\u00f3n han desatado una respuesta unificada de universidades p\u00fablicas y el Hospital Garrahan. Ambos sectores iniciaron un plan de lucha conjunto, que culminar\u00e1 con una gran Marcha Federal para exigir el rechazo de los vetos en el Congreso.","footnotes":"","jetpack_publicize_message":"","jetpack_publicize_feature_enabled":true,"jetpack_social_post_already_shared":true,"jetpack_social_options":{"image_generator_settings":{"template":"highway","default_image_id":0,"font":"","enabled":false},"version":2}},"categories":[3,41],"tags":[],"class_list":["post-119627","post","type-post","status-publish","format-standard","has-post-thumbnail","hentry","category-actualidad","category-nacionales"],"jetpack_publicize_connections":[],"jetpack_featured_media_url":"https:\/\/laurbedigital.com.ar\/noticias\/wp-content\/uploads\/2024\/10\/20241002-Marcha-universidades-educacion.jpg","_links":{"self":[{"href":"https:\/\/laurbedigital.com.ar\/noticias\/wp-json\/wp\/v2\/posts\/119627","targetHints":{"allow":["GET"]}}],"collection":[{"href":"https:\/\/laurbedigital.com.ar\/noticias\/wp-json\/wp\/v2\/posts"}],"about":[{"href":"https:\/\/laurbedigital.com.ar\/noticias\/wp-json\/wp\/v2\/types\/post"}],"author":[{"embeddable":true,"href":"https:\/\/laurbedigital.com.ar\/noticias\/wp-json\/wp\/v2\/users\/1"}],"replies":[{"embeddable":true,"href":"https:\/\/laurbedigital.com.ar\/noticias\/wp-json\/wp\/v2\/comments?post=119627"}],"version-history":[{"count":2,"href":"https:\/\/laurbedigital.com.ar\/noticias\/wp-json\/wp\/v2\/posts\/119627\/revisions"}],"predecessor-version":[{"id":119629,"href":"https:\/\/laurbedigital.com.ar\/noticias\/wp-json\/wp\/v2\/posts\/119627\/revisions\/119629"}],"wp:featuredmedia":[{"embeddable":true,"href":"https:\/\/laurbedigital.com.ar\/noticias\/wp-json\/wp\/v2\/media\/109316"}],"wp:attachment":[{"href":"https:\/\/laurbedigital.com.ar\/noticias\/wp-json\/wp\/v2\/media?parent=119627"}],"wp:term":[{"taxonomy":"category","embeddable":true,"href":"https:\/\/laurbedigital.com.ar\/noticias\/wp-json\/wp\/v2\/categories?post=119627"},{"taxonomy":"post_tag","embeddable":true,"href":"https:\/\/laurbedigital.com.ar\/noticias\/wp-json\/wp\/v2\/tags?post=119627"}],"curies":[{"name":"wp","href":"https:\/\/api.w.org\/{rel}","templated":true}]}}