{"id":119623,"date":"2025-09-12T03:34:12","date_gmt":"2025-09-12T06:34:12","guid":{"rendered":"https:\/\/laurbedigital.com.ar\/noticias\/?p=119623"},"modified":"2025-09-12T03:34:12","modified_gmt":"2025-09-12T06:34:12","slug":"el-empleo-formal-en-argentina-registra-su-peor-caida-mensual-desde-el-2024","status":"publish","type":"post","link":"https:\/\/laurbedigital.com.ar\/noticias\/2025\/09\/12\/el-empleo-formal-en-argentina-registra-su-peor-caida-mensual-desde-el-2024\/","title":{"rendered":"El empleo formal en Argentina registra su peor ca\u00edda mensual desde el 2024"},"content":{"rendered":"<p>Un nuevo informe del Sistema Integrado Previsional Argentino (SIPA) revela una alarmante contracci\u00f3n en el empleo formal argentino, marcando en junio la peor ca\u00edda mensual desde el primer trimestre de 2024. Este dato no solo borra el leve crecimiento de los meses de abril y mayo, sino que profundiza la tendencia de precarizaci\u00f3n laboral que se ha consolidado en los \u00faltimos meses. Si se analiza la situaci\u00f3n desde noviembre de 2023, la p\u00e9rdida acumulada de puestos de trabajo en el sector privado formal asciende a 189.609, una cifra que ilustra el fuerte impacto del contexto econ\u00f3mico en el mercado laboral.<\/p>\n<p>Mientras el sector privado formal se contrae, otras modalidades de trabajo, como el monotributo, experimentan un crecimiento constante, sugiriendo una migraci\u00f3n de trabajadores hacia la informalidad y la auto-precarizaci\u00f3n. A pesar de que el gobierno ha intentado matizar estas cifras, la realidad del mercado laboral muestra una clara recesi\u00f3n que se ha traducido en una menor demanda de nuevos puestos de trabajo.<\/p>\n<h3>La ca\u00edda se generaliza: \u00bfQu\u00e9 sectores y provincias son los m\u00e1s afectados?<\/h3>\n<p>La contracci\u00f3n del empleo en junio no fue un fen\u00f3meno aislado, sino que se extendi\u00f3 a lo largo de casi todos los sectores econ\u00f3micos. Solo la ense\u00f1anza y la salud lograron mantenerse a flote, mientras que los sectores primarios sufrieron los golpes m\u00e1s duros. La pesca y la explotaci\u00f3n de minas y canteras, por ejemplo, tuvieron un primer semestre para el olvido, con ca\u00eddas del 6,6% y 5,3% respectivamente.<\/p>\n<p>A nivel geogr\u00e1fico, la situaci\u00f3n tampoco es uniforme. La evoluci\u00f3n del <b>desempleo<\/b> ha golpeado de manera desproporcionada a ciertas regiones del pa\u00eds. Un total de 18 provincias registraron ca\u00eddas en el empleo asalariado privado entre mayo y junio. Las mayores contracciones se observaron en Chubut (-3,5%), La Rioja (-1,8%) y Salta (-0,8%). En el otro extremo, solo seis provincias lograron registrar un crecimiento, aunque en la mayor\u00eda de los casos fue marginal, como en San Juan, Formosa, Santa Fe y la provincia de Buenos Aires.<\/p>\n<p>El deterioro del mercado laboral est\u00e1 directamente relacionado con la ca\u00edda de la actividad econ\u00f3mica. En junio, la producci\u00f3n ya se ubic\u00f3 por debajo de los niveles de diciembre de 2024. Si esta tendencia persiste en el segundo semestre, el crecimiento proyectado para el a\u00f1o 2025 podr\u00eda ser menor al 4%, un valor que se alcanzar\u00eda principalmente por el efecto de arrastre estad\u00edstico de un a\u00f1o anterior que fue particularmente negativo.<\/p>\n<h3>Un contexto de recesi\u00f3n y precarizaci\u00f3n<\/h3>\n<p>La din\u00e1mica del empleo registrado durante la actual gesti\u00f3n gubernamental ha mostrado un patr\u00f3n claro y preocupante. Tras una fuerte ca\u00edda en la primera mitad de 2024, se experiment\u00f3 una leve recuperaci\u00f3n en el segundo semestre, seguida por un estancamiento en la primera mitad de 2025. Los datos de junio confirman que esta fase de estancamiento ha dado paso a una nueva contracci\u00f3n, evidenciando que la econom\u00eda a\u00fan no logra generar la demanda de nuevos puestos de trabajo necesaria para revertir la tendencia.<\/p>\n<p>A la luz de estos datos, el balance del empleo no solo muestra una p\u00e9rdida de puestos, sino tambi\u00e9n una creciente precarizaci\u00f3n. Mientras los asalariados formales disminuyen, el empleo en modalidades m\u00e1s precarias, como el monotributo, crece. Esta tendencia se acent\u00faa con el aumento de los despidos incausados, que en julio de 2025 alcanzaron su valor m\u00e1s alto desde el a\u00f1o 2016. Las suspensiones tambi\u00e9n crecieron levemente, lo que refleja la fragilidad del mercado laboral en un contexto de incertidumbre econ\u00f3mica.<\/p>\n<p>A pesar de que el salario promedio en el sector privado registrado logr\u00f3 ganarle a la inflaci\u00f3n en junio y julio, el problema subyacente es la insuficiencia de estos ingresos. Seg\u00fan las estimaciones de Luis Campos, investigador de la CTA, la mitad de los trabajadores formales tienen un salario de bolsillo inferior a $1.093.000, una cifra que demuestra la fragilidad de la capacidad de compra de la mayor\u00eda de los trabajadores, incluso de aquellos que mantienen un empleo formal.<\/p>\n","protected":false},"excerpt":{"rendered":"<p>Un nuevo informe del Sistema Integrado Previsional Argentino (SIPA) revela una alarmante contracci\u00f3n en el empleo formal argentino, marcando en<\/p>\n","protected":false},"author":1,"featured_media":114269,"comment_status":"closed","ping_status":"closed","sticky":false,"template":"","format":"standard","meta":{"kia_subtitle":"El desempleo en el sector privado registrado en Argentina tuvo en junio su peor ca\u00edda mensual desde principios de 2024. Desde noviembre de 2023, la destrucci\u00f3n de empleo formal ya supera los 189.000 puestos, mientras el monotributo no para de crecer.","footnotes":"","jetpack_publicize_message":"","jetpack_publicize_feature_enabled":true,"jetpack_social_post_already_shared":true,"jetpack_social_options":{"image_generator_settings":{"template":"highway","default_image_id":0,"font":"","enabled":false},"version":2}},"categories":[3,41],"tags":[],"class_list":["post-119623","post","type-post","status-publish","format-standard","has-post-thumbnail","hentry","category-actualidad","category-nacionales"],"jetpack_publicize_connections":[],"jetpack_featured_media_url":"https:\/\/laurbedigital.com.ar\/noticias\/wp-content\/uploads\/2025\/03\/20250314-Desempleo.jpg","_links":{"self":[{"href":"https:\/\/laurbedigital.com.ar\/noticias\/wp-json\/wp\/v2\/posts\/119623","targetHints":{"allow":["GET"]}}],"collection":[{"href":"https:\/\/laurbedigital.com.ar\/noticias\/wp-json\/wp\/v2\/posts"}],"about":[{"href":"https:\/\/laurbedigital.com.ar\/noticias\/wp-json\/wp\/v2\/types\/post"}],"author":[{"embeddable":true,"href":"https:\/\/laurbedigital.com.ar\/noticias\/wp-json\/wp\/v2\/users\/1"}],"replies":[{"embeddable":true,"href":"https:\/\/laurbedigital.com.ar\/noticias\/wp-json\/wp\/v2\/comments?post=119623"}],"version-history":[{"count":1,"href":"https:\/\/laurbedigital.com.ar\/noticias\/wp-json\/wp\/v2\/posts\/119623\/revisions"}],"predecessor-version":[{"id":119624,"href":"https:\/\/laurbedigital.com.ar\/noticias\/wp-json\/wp\/v2\/posts\/119623\/revisions\/119624"}],"wp:featuredmedia":[{"embeddable":true,"href":"https:\/\/laurbedigital.com.ar\/noticias\/wp-json\/wp\/v2\/media\/114269"}],"wp:attachment":[{"href":"https:\/\/laurbedigital.com.ar\/noticias\/wp-json\/wp\/v2\/media?parent=119623"}],"wp:term":[{"taxonomy":"category","embeddable":true,"href":"https:\/\/laurbedigital.com.ar\/noticias\/wp-json\/wp\/v2\/categories?post=119623"},{"taxonomy":"post_tag","embeddable":true,"href":"https:\/\/laurbedigital.com.ar\/noticias\/wp-json\/wp\/v2\/tags?post=119623"}],"curies":[{"name":"wp","href":"https:\/\/api.w.org\/{rel}","templated":true}]}}