{"id":119620,"date":"2025-09-12T03:29:49","date_gmt":"2025-09-12T06:29:49","guid":{"rendered":"https:\/\/laurbedigital.com.ar\/noticias\/?p=119620"},"modified":"2025-09-12T03:29:49","modified_gmt":"2025-09-12T06:29:49","slug":"desempleo-en-adultos-mayores","status":"publish","type":"post","link":"https:\/\/laurbedigital.com.ar\/noticias\/2025\/09\/12\/desempleo-en-adultos-mayores\/","title":{"rendered":"La dura realidad del desempleo en adultos mayores y el aumento de suicidios"},"content":{"rendered":"<p>l reciente informe de la Organizaci\u00f3n Panamericana de la Salud (OPS) revel\u00f3 un preocupante aumento de las muertes por suicidio en el continente, un fen\u00f3meno donde el desempleo y la precariedad econ\u00f3mica en los adultos mayores son factores de riesgo clave. Este hallazgo se entrelaza con la compleja situaci\u00f3n socioecon\u00f3mica de Argentina, donde la crisis estructural profundiza la vulnerabilidad de los mayores de 50 a\u00f1os.<\/p>\n<p>La situaci\u00f3n del <b>desempleo en adultos mayores<\/b> se ha convertido en una problem\u00e1tica de salud p\u00fablica cr\u00edtica, evidenciada por datos alarmantes tanto a nivel regional como en Argentina. La Organizaci\u00f3n Panamericana de la Salud (OPS) ha lanzado una seria advertencia: las muertes por suicidio aumentaron un 17% en las Am\u00e9ricas desde el a\u00f1o 2000, un fen\u00f3meno que no se repite en ninguna otra regi\u00f3n del mundo. El informe, que destaca el <b>desempleo<\/b>, la desigualdad educativa y la precariedad de la vida como factores de riesgo principales, pone en primer plano la vulnerabilidad de los sectores de m\u00e1s edad. En Argentina, este panorama se agrava por una crisis socioecon\u00f3mica que impacta directamente en la estabilidad y el bienestar de las personas mayores.<\/p>\n<h3>Un contexto de crisis que golpea a los m\u00e1s vulnerables<\/h3>\n<p>El an\u00e1lisis de la OPS resuena con los datos m\u00e1s recientes del Instituto Nacional de Estad\u00edstica y Censos (INDEC) en Argentina, que reflejan una preocupante realidad. La tasa de desocupaci\u00f3n alcanz\u00f3 el 7,9% en el primer trimestre de 2025, la cifra m\u00e1s alta en cuatro a\u00f1os. Esto representa a m\u00e1s de 1,1 millones de personas sin un trabajo formal, una estad\u00edstica que se ve ensombrecida por un crecimiento sostenido del empleo informal, que ya afecta a un 42% de la poblaci\u00f3n activa. Aunque la problem\u00e1tica impacta especialmente a j\u00f3venes y mujeres, el <b>desempleo en adultos mayores<\/b> se ha vuelto una fuente de gran incertidumbre y angustia, exacerbada por la p\u00e9rdida del poder adquisitivo de las jubilaciones frente a la inflaci\u00f3n y el fin de la moratoria previsional, que ha dejado a miles sin la cobertura necesaria para una vejez digna.<\/p>\n<p>Esta p\u00e9rdida de ingresos y la inseguridad econ\u00f3mica no solo representan una amenaza para la subsistencia, sino que tambi\u00e9n tienen un impacto directo en la salud mental. La falta de acceso a servicios de salud mental de calidad, combinada con el aislamiento social que a menudo acompa\u00f1a a la vejez y la pobreza, crea un caldo de cultivo para la depresi\u00f3n y la desesperanza, condiciones que se asocian fuertemente al riesgo de suicidio.<\/p>\n<h3>El suicidio en la tercera edad: Un problema silencioso y estructural<\/h3>\n<p>El informe de la OPS revela un dato contundente y a la vez desgarrador: el 71% de los suicidios en hombres y el 65% en mujeres en la regi\u00f3n de las Am\u00e9ricas ocurre en personas mayores de 50 a\u00f1os. Este grupo demogr\u00e1fico, a menudo invisibilizado, enfrenta una serie de factores de riesgo que se potencian mutuamente: la falta de ingresos dignos, el desempleo y el aislamiento social. En Argentina, donde las jubilaciones m\u00ednimas no alcanzan a cubrir las necesidades b\u00e1sicas de la canasta esencial, esta situaci\u00f3n se vuelve cr\u00edtica.<\/p>\n<p>El suicidio en <b>adultos mayores<\/b> no es solo un problema individual o cl\u00ednico; es un s\u00edntoma de una sociedad que no ha logrado garantizar las condiciones de vida m\u00ednimas para sus ciudadanos de mayor edad. La falta de una red de seguridad social s\u00f3lida, la precariedad en el acceso a la atenci\u00f3n m\u00e9dica y, en particular, a la salud mental, evidencian fallas estructurales que requieren una intervenci\u00f3n urgente. La respuesta no puede limitarse a la medicina o la psicolog\u00eda, debe abarcar pol\u00edticas p\u00fablicas que protejan y dignifiquen la vida de este sector de la poblaci\u00f3n.<\/p>\n<h3>Respuestas intersectoriales y llamado a la acci\u00f3n<\/h3>\n<p>Ante este panorama, la OPS ha propuesto una nueva estrategia regional para fortalecer los planes nacionales de prevenci\u00f3n del suicidio. La iniciativa busca abordar la problem\u00e1tica desde m\u00faltiples frentes, promoviendo la capacitaci\u00f3n comunitaria para detectar se\u00f1ales de riesgo, la promoci\u00f3n de habilidades socioemocionales desde la adolescencia, y una cobertura responsable en los medios de comunicaci\u00f3n. Tambi\u00e9n hace hincapi\u00e9 en la restricci\u00f3n de los medios letales y el fortalecimiento de la atenci\u00f3n de salud mental.<\/p>\n<p>Sin embargo, como subraya el propio informe, la crisis de salud mental exige respuestas intersectoriales. No es suficiente con reforzar el sistema de salud. Se requieren pol\u00edticas p\u00fablicas que garanticen empleo digno, protecci\u00f3n social y un acompa\u00f1amiento integral en la vejez. El suicidio es, en \u00faltima instancia, un reflejo de desigualdades estructurales que requieren una atenci\u00f3n urgente y coordinada.<\/p>\n<p>Es imperativo que la sociedad y sus instituciones reconozcan la gravedad de este problema y act\u00faen de manera proactiva. La atenci\u00f3n a la salud mental debe ser considerada un derecho humano fundamental, y las pol\u00edticas de empleo y previsi\u00f3n social deben garantizar que los adultos mayores puedan vivir sus \u00faltimos a\u00f1os con dignidad y seguridad, libres del miedo a la precariedad y el abandono.<\/p>\n<h3>C\u00f3mo pedir ayuda<\/h3>\n<p>Si usted o alguien que conoce se encuentra en una situaci\u00f3n de crisis, es fundamental buscar ayuda profesional de inmediato. El <b>Dispositivo de Orientaci\u00f3n y Apoyo en la Urgencia de Salud Mental<\/b> del Ministerio de Salud de la Naci\u00f3n ofrece atenci\u00f3n las 24 horas, los 365 d\u00edas del a\u00f1o. Los profesionales de esta l\u00ednea brindan orientaci\u00f3n, contenci\u00f3n, informaci\u00f3n y, si es necesario, derivan a la red local de salud mental de acuerdo a su jurisdicci\u00f3n.<\/p>\n<p><b>L\u00ednea gratuita de asistencia:<\/b> 0800-999-0091<\/p>\n","protected":false},"excerpt":{"rendered":"<p>l reciente informe de la Organizaci\u00f3n Panamericana de la Salud (OPS) revel\u00f3 un preocupante aumento de las muertes por suicidio<\/p>\n","protected":false},"author":1,"featured_media":119621,"comment_status":"closed","ping_status":"closed","sticky":false,"template":"","format":"standard","meta":{"kia_subtitle":"El desempleo en adultos mayores es un factor clave en el aumento de suicidios, seg\u00fan la OPS. Un informe alarmante que evidencia la conexi\u00f3n entre la precariedad econ\u00f3mica y la salud mental en Argentina.","footnotes":"","jetpack_publicize_message":"","jetpack_publicize_feature_enabled":true,"jetpack_social_post_already_shared":true,"jetpack_social_options":{"image_generator_settings":{"template":"highway","default_image_id":0,"font":"","enabled":false},"version":2}},"categories":[3,41],"tags":[],"class_list":["post-119620","post","type-post","status-publish","format-standard","has-post-thumbnail","hentry","category-actualidad","category-nacionales"],"jetpack_publicize_connections":[],"jetpack_featured_media_url":"https:\/\/laurbedigital.com.ar\/noticias\/wp-content\/uploads\/2025\/09\/2025090911-Desempleo-adultos-ayores.jpg","_links":{"self":[{"href":"https:\/\/laurbedigital.com.ar\/noticias\/wp-json\/wp\/v2\/posts\/119620","targetHints":{"allow":["GET"]}}],"collection":[{"href":"https:\/\/laurbedigital.com.ar\/noticias\/wp-json\/wp\/v2\/posts"}],"about":[{"href":"https:\/\/laurbedigital.com.ar\/noticias\/wp-json\/wp\/v2\/types\/post"}],"author":[{"embeddable":true,"href":"https:\/\/laurbedigital.com.ar\/noticias\/wp-json\/wp\/v2\/users\/1"}],"replies":[{"embeddable":true,"href":"https:\/\/laurbedigital.com.ar\/noticias\/wp-json\/wp\/v2\/comments?post=119620"}],"version-history":[{"count":1,"href":"https:\/\/laurbedigital.com.ar\/noticias\/wp-json\/wp\/v2\/posts\/119620\/revisions"}],"predecessor-version":[{"id":119622,"href":"https:\/\/laurbedigital.com.ar\/noticias\/wp-json\/wp\/v2\/posts\/119620\/revisions\/119622"}],"wp:featuredmedia":[{"embeddable":true,"href":"https:\/\/laurbedigital.com.ar\/noticias\/wp-json\/wp\/v2\/media\/119621"}],"wp:attachment":[{"href":"https:\/\/laurbedigital.com.ar\/noticias\/wp-json\/wp\/v2\/media?parent=119620"}],"wp:term":[{"taxonomy":"category","embeddable":true,"href":"https:\/\/laurbedigital.com.ar\/noticias\/wp-json\/wp\/v2\/categories?post=119620"},{"taxonomy":"post_tag","embeddable":true,"href":"https:\/\/laurbedigital.com.ar\/noticias\/wp-json\/wp\/v2\/tags?post=119620"}],"curies":[{"name":"wp","href":"https:\/\/api.w.org\/{rel}","templated":true}]}}