{"id":119617,"date":"2025-09-12T03:18:55","date_gmt":"2025-09-12T06:18:55","guid":{"rendered":"https:\/\/laurbedigital.com.ar\/noticias\/?p=119617"},"modified":"2025-09-12T03:18:55","modified_gmt":"2025-09-12T06:18:55","slug":"dia-del-programador","status":"publish","type":"post","link":"https:\/\/laurbedigital.com.ar\/noticias\/2025\/09\/12\/dia-del-programador\/","title":{"rendered":"El D\u00eda del Programador: celebraci\u00f3n del ingenio y la innovaci\u00f3n digital"},"content":{"rendered":"<p>El D\u00eda del Programador, celebrado el 12 de septiembre en a\u00f1os comunes y el 13 en los bisiestos, es una jornada dedicada a reconocer la labor de quienes desarrollan el software que mueve el mundo moderno. Pero, \u00bfpor qu\u00e9 precisamente esta fecha? La respuesta radica en el n\u00famero 256, un valor significativo en la programaci\u00f3n que conecta con el d\u00eda 256 del calendario, resaltando el ingenio y la l\u00f3gica detr\u00e1s de esta elecci\u00f3n.<\/p>\n<p>La elecci\u00f3n del 12 de septiembre como el D\u00eda del Programador no es al azar. La fecha corresponde al 256.\u00ba d\u00eda del a\u00f1o, un n\u00famero que tiene un significado especial para los programadores. En el sistema binario, utilizado en la computaci\u00f3n, 256 representa la mayor potencia de 2 que es menor a 365 (el n\u00famero de d\u00edas en un a\u00f1o). Esta cifra es un recordatorio de la conexi\u00f3n \u00edntima entre la programaci\u00f3n y las matem\u00e1ticas que subyacen en la tecnolog\u00eda.<\/p>\n<p>Esta celebraci\u00f3n tuvo su origen en Rusia en 2002, cuando los programadores Valentin Balt y Michael Cherviakov propusieron la idea. La iniciativa fue finalmente reconocida oficialmente en 2009 por el entonces presidente Dmitri Medv\u00e9dev. Desde entonces, el reconocimiento se ha extendido m\u00e1s all\u00e1 de las fronteras rusas, siendo adoptado de manera informal por comunidades de programadores de todo el mundo. La fecha ha ganado popularidad gracias al creciente reconocimiento del papel crucial que juegan estos profesionales en la vida cotidiana.<\/p>\n<p>La programaci\u00f3n es la base de innumerables aspectos de la vida moderna: desde las aplicaciones m\u00f3viles y las redes sociales, hasta la inteligencia artificial y los sistemas financieros globales. Los programadores, con su habilidad para resolver problemas y su capacidad para transformar ideas abstractas en soluciones concretas, son los arquitectos de la era digital. Enfrentan desaf\u00edos constantes, desde la optimizaci\u00f3n de algoritmos hasta la creaci\u00f3n de interfaces amigables para los usuarios. Su trabajo requiere una combinaci\u00f3n de l\u00f3gica, creatividad y una disposici\u00f3n para aprender de manera continua, dado el ritmo acelerado de la innovaci\u00f3n tecnol\u00f3gica.<\/p>\n<p>Adem\u00e1s de su valor t\u00e9cnico, el D\u00eda del Programador tambi\u00e9n busca destacar la creatividad inherente a la profesi\u00f3n. La programaci\u00f3n no es solo una serie de comandos y c\u00f3digos; es una forma de arte digital donde las soluciones innovadoras y elegantes marcan la diferencia. En este contexto, la fecha es una oportunidad para que la sociedad reconozca y celebre no solo los logros visibles, como aplicaciones y plataformas, sino tambi\u00e9n el trabajo incansable y a menudo invisible que hay detr\u00e1s de cada proyecto tecnol\u00f3gico.<\/p>\n","protected":false},"excerpt":{"rendered":"<p>El D\u00eda del Programador, celebrado el 12 de septiembre en a\u00f1os comunes y el 13 en los bisiestos, es una<\/p>\n","protected":false},"author":1,"featured_media":28504,"comment_status":"closed","ping_status":"closed","sticky":false,"template":"","format":"standard","meta":{"kia_subtitle":"Cada 12 de septiembre, los programadores de todo el mundo celebran su d\u00eda. La elecci\u00f3n de esta fecha tiene un curioso origen y refleja la importancia de estos profesionales en la era digital.","footnotes":"","jetpack_publicize_message":"","jetpack_publicize_feature_enabled":true,"jetpack_social_post_already_shared":true,"jetpack_social_options":{"image_generator_settings":{"template":"highway","default_image_id":0,"font":"","enabled":false},"version":2}},"categories":[5,2594],"tags":[],"class_list":["post-119617","post","type-post","status-publish","format-standard","has-post-thumbnail","hentry","category-cultura","category-efemerides"],"jetpack_publicize_connections":[],"jetpack_featured_media_url":"https:\/\/laurbedigital.com.ar\/noticias\/wp-content\/uploads\/2020\/06\/20200613-programador.jpg","_links":{"self":[{"href":"https:\/\/laurbedigital.com.ar\/noticias\/wp-json\/wp\/v2\/posts\/119617","targetHints":{"allow":["GET"]}}],"collection":[{"href":"https:\/\/laurbedigital.com.ar\/noticias\/wp-json\/wp\/v2\/posts"}],"about":[{"href":"https:\/\/laurbedigital.com.ar\/noticias\/wp-json\/wp\/v2\/types\/post"}],"author":[{"embeddable":true,"href":"https:\/\/laurbedigital.com.ar\/noticias\/wp-json\/wp\/v2\/users\/1"}],"replies":[{"embeddable":true,"href":"https:\/\/laurbedigital.com.ar\/noticias\/wp-json\/wp\/v2\/comments?post=119617"}],"version-history":[{"count":2,"href":"https:\/\/laurbedigital.com.ar\/noticias\/wp-json\/wp\/v2\/posts\/119617\/revisions"}],"predecessor-version":[{"id":119619,"href":"https:\/\/laurbedigital.com.ar\/noticias\/wp-json\/wp\/v2\/posts\/119617\/revisions\/119619"}],"wp:featuredmedia":[{"embeddable":true,"href":"https:\/\/laurbedigital.com.ar\/noticias\/wp-json\/wp\/v2\/media\/28504"}],"wp:attachment":[{"href":"https:\/\/laurbedigital.com.ar\/noticias\/wp-json\/wp\/v2\/media?parent=119617"}],"wp:term":[{"taxonomy":"category","embeddable":true,"href":"https:\/\/laurbedigital.com.ar\/noticias\/wp-json\/wp\/v2\/categories?post=119617"},{"taxonomy":"post_tag","embeddable":true,"href":"https:\/\/laurbedigital.com.ar\/noticias\/wp-json\/wp\/v2\/tags?post=119617"}],"curies":[{"name":"wp","href":"https:\/\/api.w.org\/{rel}","templated":true}]}}