{"id":119613,"date":"2025-09-11T13:17:57","date_gmt":"2025-09-11T16:17:57","guid":{"rendered":"https:\/\/laurbedigital.com.ar\/noticias\/?p=119613"},"modified":"2025-09-11T13:17:57","modified_gmt":"2025-09-11T16:17:57","slug":"los-atentados-del-11-de-septiembre-24-anos-de-un-ataque-que-redefinio-la-historia","status":"publish","type":"post","link":"https:\/\/laurbedigital.com.ar\/noticias\/2025\/09\/11\/los-atentados-del-11-de-septiembre-24-anos-de-un-ataque-que-redefinio-la-historia\/","title":{"rendered":"Los atentados del 11 de septiembre: 24 a\u00f1os de un ataque que redefini\u00f3 la historia"},"content":{"rendered":"<p>El 11 de septiembre de 2001, Estados Unidos fue blanco de una serie de ataques terroristas que no solo dejaron casi 3.000 v\u00edctimas fatales y m\u00e1s de 25.000 heridos, sino que tambi\u00e9n reconfiguraron el orden mundial. Esa fat\u00eddica ma\u00f1ana, 19 terroristas de la red Al Qaeda secuestraron cuatro aviones comerciales, con la intenci\u00f3n de estrellarlos contra objetivos emblem\u00e1ticos del poder estadounidense. Los atentados del <b>11 de septiembre<\/b> son considerados uno de los puntos de inflexi\u00f3n m\u00e1s significativos del siglo XXI.<\/p>\n<h3>La cronolog\u00eda de una ma\u00f1ana tr\u00e1gica<\/h3>\n<p>Los ataques comenzaron a las 8:46 a.m., hora local de Nueva York, cuando el vuelo 11 de American Airlines impact\u00f3 la Torre Norte del World Trade Center, en el Bajo Manhattan. Este primer golpe sembr\u00f3 la confusi\u00f3n y el p\u00e1nico, pero la magnitud de la tragedia se hizo evidente solo 17 minutos despu\u00e9s, a las 9:03 a.m., cuando el vuelo 175 de United Airlines se estrell\u00f3 contra la Torre Sur, confirmando que no se trataba de un accidente. Ambos edificios, \u00edconos de la arquitectura y la econom\u00eda, se derrumbaron en un lapso de menos de dos horas, provocando el colapso de otras estructuras en el complejo y da\u00f1os colaterales en los edificios circundantes.<\/p>\n<p>Casi simult\u00e1neamente, un tercer avi\u00f3n, el vuelo 77 de American Airlines, se desvi\u00f3 de su ruta y se estrell\u00f3 contra el Pent\u00e1gono, el cuartel general del Departamento de Defensa de Estados Unidos, en Virginia, a las 9:37 a.m. Este ataque caus\u00f3 un derrumbe parcial del edificio y demostr\u00f3 que la amenaza no se limitaba a Nueva York, sino que apuntaba al coraz\u00f3n mismo de las instituciones de poder.<\/p>\n<p>El cuarto y \u00faltimo avi\u00f3n, el vuelo 93 de United Airlines, tuvo un destino diferente. Seg\u00fan las investigaciones, su objetivo era el Capitolio en Washington D.C., pero la acci\u00f3n heroica de un grupo de pasajeros, que se rebel\u00f3 contra los secuestradores, oblig\u00f3 a la aeronave a estrellarse en un campo en Shanksville, Pensilvania, a las 10:03 a.m. Aunque todos a bordo murieron, su sacrificio impidi\u00f3 que el ataque alcanzara un nuevo objetivo de alto perfil pol\u00edtico.<\/p>\n<h3>Las secuelas de la tragedia y sus efectos a largo plazo<\/h3>\n<p>El saldo de v\u00edctimas no se limit\u00f3 a quienes murieron ese d\u00eda. Tal como se\u00f1ala Elizabeth Hillman, directora del Museo Memorial del <b>11S<\/b>, el n\u00famero de fallecidos por efectos en su salud a largo plazo, como enfermedades respiratorias y c\u00e1ncer provocados por el humo y los escombros t\u00f3xicos de la \u00abZona Cero\u00bb, ha superado el n\u00famero de muertes originales. Este hecho subraya la magnitud de la tragedia y sus consecuencias prolongadas en el tiempo.<\/p>\n<p>Como respuesta directa a los ataques, el entonces presidente George W. Bush declar\u00f3 la \u00abguerra contra el terrorismo\u00bb. Esta iniciativa condujo a la invasi\u00f3n de Afganist\u00e1n en 2001 para derrocar al r\u00e9gimen talib\u00e1n, que hab\u00eda dado refugio a Osama bin Laden, l\u00edder de Al Qaeda. La persecuci\u00f3n de Bin Laden culmin\u00f3 casi una d\u00e9cada despu\u00e9s, el 2 de mayo de 2011, cuando un equipo de \u00e9lite de las fuerzas especiales estadounidenses lo localiz\u00f3 y dio muerte en su escondite en Pakist\u00e1n, en la Operaci\u00f3n Lanza de Neptuno.<\/p>\n<p>Bin Laden, en un video de 2004, se atribuy\u00f3 la responsabilidad de los ataques, justific\u00e1ndolos como una represalia por el apoyo de Estados Unidos a Israel, la presencia de tropas estadounidenses en Arabia Saudita y las sanciones contra Irak. A pesar de su muerte, el legado del 11 de septiembre perdura en las pol\u00edticas de seguridad global, la vigilancia masiva y el constante debate sobre las libertades civiles en un mundo post-atentados.<\/p>\n<h3>La memoria y el debate en la actualidad<\/h3>\n<p>A 24 a\u00f1os de los hechos, la conmemoraci\u00f3n en la \u00abZona Cero\u00bb de Nueva York y en otros puntos de Estados Unidos sigue siendo un acto de duelo y recuerdo. Se leen los nombres de las v\u00edctimas y se guardan minutos de silencio en los momentos exactos de los impactos. Adem\u00e1s, el \u201cTributo de Luz\u201d, dos potentes haces de luz que se proyectan hacia el cielo, evoca las Torres Gemelas como un s\u00edmbolo de resiliencia y memoria colectiva.<\/p>\n<p>A pesar del consenso general sobre los hechos, el 11 de septiembre sigue siendo objeto de teor\u00edas conspirativas que cuestionan la versi\u00f3n oficial de los eventos y la muerte de Osama bin Laden. Estas teor\u00edas, que sugieren que la CIA o el FBI ten\u00edan conocimiento previo de los ataques, persisten en un esfuerzo por encontrar explicaciones alternativas a una de las mayores tragedias de la historia contempor\u00e1nea. Sin embargo, los hechos y la evidencia hist\u00f3rica, sumados a las admisiones de los propios perpetradores, mantienen la narrativa principal como la m\u00e1s aceptada y documentada.<\/p>\n","protected":false},"excerpt":{"rendered":"<p>El 11 de septiembre de 2001, Estados Unidos fue blanco de una serie de ataques terroristas que no solo dejaron<\/p>\n","protected":false},"author":1,"featured_media":119614,"comment_status":"closed","ping_status":"closed","sticky":false,"template":"","format":"standard","meta":{"kia_subtitle":"M\u00e1s de dos d\u00e9cadas despu\u00e9s de la tragedia, el mundo a\u00fan reflexiona sobre el legado de los ataques del 11 de septiembre de 2001, una serie de eventos que transformaron la geopol\u00edtica global y la percepci\u00f3n de seguridad. La destrucci\u00f3n de las Torres Gemelas y el ataque al Pent\u00e1gono marcaron el inicio de la \u201cguerra contra el terrorismo\u201d y la persecuci\u00f3n de Al Qaeda.","footnotes":"","jetpack_publicize_message":"","jetpack_publicize_feature_enabled":true,"jetpack_social_post_already_shared":true,"jetpack_social_options":{"image_generator_settings":{"template":"highway","default_image_id":0,"font":"","enabled":false},"version":2}},"categories":[5,2594],"tags":[],"class_list":["post-119613","post","type-post","status-publish","format-standard","has-post-thumbnail","hentry","category-cultura","category-efemerides"],"jetpack_publicize_connections":[],"jetpack_featured_media_url":"https:\/\/laurbedigital.com.ar\/noticias\/wp-content\/uploads\/2025\/09\/2025090911-11-de-septiembre-atentado-torres-gemelas.jpg","_links":{"self":[{"href":"https:\/\/laurbedigital.com.ar\/noticias\/wp-json\/wp\/v2\/posts\/119613","targetHints":{"allow":["GET"]}}],"collection":[{"href":"https:\/\/laurbedigital.com.ar\/noticias\/wp-json\/wp\/v2\/posts"}],"about":[{"href":"https:\/\/laurbedigital.com.ar\/noticias\/wp-json\/wp\/v2\/types\/post"}],"author":[{"embeddable":true,"href":"https:\/\/laurbedigital.com.ar\/noticias\/wp-json\/wp\/v2\/users\/1"}],"replies":[{"embeddable":true,"href":"https:\/\/laurbedigital.com.ar\/noticias\/wp-json\/wp\/v2\/comments?post=119613"}],"version-history":[{"count":2,"href":"https:\/\/laurbedigital.com.ar\/noticias\/wp-json\/wp\/v2\/posts\/119613\/revisions"}],"predecessor-version":[{"id":119616,"href":"https:\/\/laurbedigital.com.ar\/noticias\/wp-json\/wp\/v2\/posts\/119613\/revisions\/119616"}],"wp:featuredmedia":[{"embeddable":true,"href":"https:\/\/laurbedigital.com.ar\/noticias\/wp-json\/wp\/v2\/media\/119614"}],"wp:attachment":[{"href":"https:\/\/laurbedigital.com.ar\/noticias\/wp-json\/wp\/v2\/media?parent=119613"}],"wp:term":[{"taxonomy":"category","embeddable":true,"href":"https:\/\/laurbedigital.com.ar\/noticias\/wp-json\/wp\/v2\/categories?post=119613"},{"taxonomy":"post_tag","embeddable":true,"href":"https:\/\/laurbedigital.com.ar\/noticias\/wp-json\/wp\/v2\/tags?post=119613"}],"curies":[{"name":"wp","href":"https:\/\/api.w.org\/{rel}","templated":true}]}}