{"id":119606,"date":"2025-09-11T12:56:34","date_gmt":"2025-09-11T15:56:34","guid":{"rendered":"https:\/\/laurbedigital.com.ar\/noticias\/?p=119606"},"modified":"2025-09-11T13:00:09","modified_gmt":"2025-09-11T16:00:09","slug":"obras-en-el-hospital-lucio-melendez","status":"publish","type":"post","link":"https:\/\/laurbedigital.com.ar\/noticias\/2025\/09\/11\/obras-en-el-hospital-lucio-melendez\/","title":{"rendered":"Avanzan las obras en diferentes sectores del Hospital Lucio Mel\u00e9ndez"},"content":{"rendered":"<p>En este marco, actualmente se est\u00e1 llevando adelante la refacci\u00f3n integral de los techos de todo el edificio del mencionado nosocomio con tareas de impermeabilizaci\u00f3n, reparaci\u00f3n de filtraciones y el reacondicionamiento de estructuras.<\/p>\n<p>Adem\u00e1s como parte de la renovaci\u00f3n integral de los quir\u00f3fanos se concret\u00f3 la instalaci\u00f3n de nuevos pisos con materiales de \u00faltima generaci\u00f3n y se est\u00e1n realizando mejoras en los sistemas de ventilaci\u00f3n.<\/p>\n<p><img loading=\"lazy\" decoding=\"async\" class=\"alignnone wp-image-119608 size-full\" src=\"https:\/\/laurbedigital.com.ar\/noticias\/wp-content\/uploads\/2025\/09\/2025090911-Brown-Hospital-Lucio-Melendez-1.jpg\" alt=\"Hospital Lucio Mel\u00e9ndez\" width=\"768\" height=\"428\" title=\"\" srcset=\"https:\/\/laurbedigital.com.ar\/noticias\/wp-content\/uploads\/2025\/09\/2025090911-Brown-Hospital-Lucio-Melendez-1.jpg 768w, https:\/\/laurbedigital.com.ar\/noticias\/wp-content\/uploads\/2025\/09\/2025090911-Brown-Hospital-Lucio-Melendez-1-300x167.jpg 300w\" sizes=\"auto, (max-width: 768px) 100vw, 768px\" \/><\/p>\n<div>\n<p>Paralelamente, se realiza la puesta en valor de la Unidad de Terapia Intensiva Pedi\u00e1trica (UTIP), con la reparaci\u00f3n y la incorporaci\u00f3n de compresores de aire y ca\u00f1er\u00edas de gases medicinales, la colocaci\u00f3n de cielorrasos y trabajos de pintura en general.<\/p>\n<p>Finalmente se est\u00e1 incorporando un nuevo grupo electr\u00f3geno para garantizar la continuidad de los servicios que brinda este hospital browniano.<\/p>\n<\/div>\n<div dir=\"ltr\">\n<p><img loading=\"lazy\" decoding=\"async\" class=\"alignnone wp-image-119609 size-full\" src=\"https:\/\/laurbedigital.com.ar\/noticias\/wp-content\/uploads\/2025\/09\/2025090911-Brown-Hospital-Lucio-Melendez-2.jpg\" alt=\"Hospital Lucio Mel\u00e9ndez\" width=\"768\" height=\"428\" title=\"\" srcset=\"https:\/\/laurbedigital.com.ar\/noticias\/wp-content\/uploads\/2025\/09\/2025090911-Brown-Hospital-Lucio-Melendez-2.jpg 768w, https:\/\/laurbedigital.com.ar\/noticias\/wp-content\/uploads\/2025\/09\/2025090911-Brown-Hospital-Lucio-Melendez-2-300x167.jpg 300w\" sizes=\"auto, (max-width: 768px) 100vw, 768px\" \/><\/p>\n<h5 dir=\"ltr\"><strong><em>\u00abDestacamos la renovaci\u00f3n que estamos efectuando en articulaci\u00f3n con el Ministerio de Salud de la Provincia de Buenos Aires en el querido Hospital Lucio Mel\u00e9ndez de Adrogu\u00e9, y que se continuar\u00e1n extendiendo para brindarle una atenci\u00f3n de cada vez mejor calidad a nuestros vecinos\u00bb, indic\u00f3 el intendente Mariano Cascallares.\u00a0<\/em><\/strong><\/h5>\n<\/div>\n","protected":false},"excerpt":{"rendered":"<p>En este marco, actualmente se est\u00e1 llevando adelante la refacci\u00f3n integral de los techos de todo el edificio del mencionado<\/p>\n","protected":false},"author":1,"featured_media":119607,"comment_status":"closed","ping_status":"closed","sticky":false,"template":"","format":"standard","meta":{"kia_subtitle":"El Municipio de Almirante Brown destac\u00f3 que, gracias a la articulaci\u00f3n con el Ministerio de Salud de la Provincia de Buenos Aires, se est\u00e1 avanzando desde hace meses con importantes obras de infraestructura en el Hospital Lucio Mel\u00e9ndez de Adrogu\u00e9.","footnotes":"","jetpack_publicize_message":"","jetpack_publicize_feature_enabled":true,"jetpack_social_post_already_shared":true,"jetpack_social_options":{"image_generator_settings":{"template":"highway","default_image_id":0,"font":"","enabled":false},"version":2}},"categories":[2,51,33],"tags":[],"class_list":["post-119606","post","type-post","status-publish","format-standard","has-post-thumbnail","hentry","category-alte-brown","category-adrogue","category-alte-brown-alte-brown"],"jetpack_publicize_connections":[],"jetpack_featured_media_url":"https:\/\/laurbedigital.com.ar\/noticias\/wp-content\/uploads\/2025\/09\/2025090911-Brown-Hospital-Lucio-Melendez.jpg","_links":{"self":[{"href":"https:\/\/laurbedigital.com.ar\/noticias\/wp-json\/wp\/v2\/posts\/119606","targetHints":{"allow":["GET"]}}],"collection":[{"href":"https:\/\/laurbedigital.com.ar\/noticias\/wp-json\/wp\/v2\/posts"}],"about":[{"href":"https:\/\/laurbedigital.com.ar\/noticias\/wp-json\/wp\/v2\/types\/post"}],"author":[{"embeddable":true,"href":"https:\/\/laurbedigital.com.ar\/noticias\/wp-json\/wp\/v2\/users\/1"}],"replies":[{"embeddable":true,"href":"https:\/\/laurbedigital.com.ar\/noticias\/wp-json\/wp\/v2\/comments?post=119606"}],"version-history":[{"count":3,"href":"https:\/\/laurbedigital.com.ar\/noticias\/wp-json\/wp\/v2\/posts\/119606\/revisions"}],"predecessor-version":[{"id":119612,"href":"https:\/\/laurbedigital.com.ar\/noticias\/wp-json\/wp\/v2\/posts\/119606\/revisions\/119612"}],"wp:featuredmedia":[{"embeddable":true,"href":"https:\/\/laurbedigital.com.ar\/noticias\/wp-json\/wp\/v2\/media\/119607"}],"wp:attachment":[{"href":"https:\/\/laurbedigital.com.ar\/noticias\/wp-json\/wp\/v2\/media?parent=119606"}],"wp:term":[{"taxonomy":"category","embeddable":true,"href":"https:\/\/laurbedigital.com.ar\/noticias\/wp-json\/wp\/v2\/categories?post=119606"},{"taxonomy":"post_tag","embeddable":true,"href":"https:\/\/laurbedigital.com.ar\/noticias\/wp-json\/wp\/v2\/tags?post=119606"}],"curies":[{"name":"wp","href":"https:\/\/api.w.org\/{rel}","templated":true}]}}