{"id":119597,"date":"2025-09-11T04:31:42","date_gmt":"2025-09-11T07:31:42","guid":{"rendered":"https:\/\/laurbedigital.com.ar\/noticias\/?p=119597"},"modified":"2025-09-11T04:31:42","modified_gmt":"2025-09-11T07:31:42","slug":"el-consumo-pyme-cae-26-en-agosto-y-acumula-cuatro-meses-a-la-baja","status":"publish","type":"post","link":"https:\/\/laurbedigital.com.ar\/noticias\/2025\/09\/11\/el-consumo-pyme-cae-26-en-agosto-y-acumula-cuatro-meses-a-la-baja\/","title":{"rendered":"El consumo pyme cae 2,6% en agosto y acumula cuatro meses a la baja"},"content":{"rendered":"<p>Las ventas minoristas en comercios pymes de Argentina registraron una ca\u00edda del <b>2,6% interanual en agosto<\/b>, marcando el cuarto mes consecutivo de retroceso. El informe de la Confederaci\u00f3n Argentina de la Mediana Empresa (CAME) detalla que el consumo se mantiene en niveles bajos, con un movimiento que se sostiene principalmente por la aplicaci\u00f3n de descuentos, promociones y el uso de planes de pago.<\/p>\n<p>Este resultado de agosto profundiza la tendencia negativa que se hab\u00eda iniciado en mayo (-2,9%), continuado en junio (-0,5%) y julio (-2%), poniendo fin a un per\u00edodo de cinco meses de crecimiento sostenido que se hab\u00eda extendido desde diciembre de 2024. A pesar de la sucesi\u00f3n de bajas, el acumulado de ventas en lo que va del a\u00f1o 2025 a\u00fan mantiene una variaci\u00f3n positiva del <b>6,2%<\/b>, una mejora con respecto al mismo per\u00edodo del a\u00f1o anterior, seg\u00fan CAME.<\/p>\n<h3>Compras esenciales y financiamiento<\/h3>\n<p>El relevamiento de la entidad empresarial subraya que el comportamiento del consumidor en agosto estuvo marcado por la precauci\u00f3n y la priorizaci\u00f3n. Los argentinos concentraron sus compras en vol\u00famenes reducidos y se enfocaron en <b>productos esenciales<\/b>. La dependencia de las promociones y los planes de pago fue clave para que los consumidores pudieran mantener un cierto nivel de operaciones.<\/p>\n<p>Asimismo, desde CAME se destac\u00f3 que, a pesar de la creciente digitalizaci\u00f3n, las ventas presenciales predominaron sobre las online, lo que indica que los consumidores buscan el contacto directo con el producto y las facilidades de pago que a menudo se ofrecen en los comercios f\u00edsicos. Factores estacionales y fechas puntuales como el D\u00eda del Ni\u00f1o generaron un leve repunte en algunos rubros, aunque el panorama general sigui\u00f3 siendo de contracci\u00f3n.<\/p>\n<h3>La mirada sectorial<\/h3>\n<p>El informe de CAME desglosa el rendimiento de cada rubro, mostrando un panorama de ca\u00eddas generalizadas, con una \u00fanica excepci\u00f3n.<\/p>\n<ul>\n<li><b>Farmacia:<\/b> fue el \u00fanico sector con una variaci\u00f3n positiva, registrando un leve aumento del 0,2% interanual. El sector acumula un crecimiento del 8,8% en lo que va del a\u00f1o.<\/li>\n<li><b>Bazar, decoraci\u00f3n y muebles:<\/b> lider\u00f3 las ca\u00eddas, con un brusco descenso del <b>10,4%<\/b> interanual.<\/li>\n<li><b>Perfumer\u00eda:<\/b> mostr\u00f3 una baja significativa del <b>8,9%<\/b>.<\/li>\n<li><b>Textil e indumentaria:<\/b> cay\u00f3 un <b>4,8%<\/b> interanual.<\/li>\n<li><b>Ferreter\u00eda y materiales de construcci\u00f3n:<\/b> descendi\u00f3 un <b>1,9%<\/b>.<\/li>\n<li><b>Alimentos y bebidas:<\/b> un rubro que suele ser m\u00e1s resistente a la crisis, tambi\u00e9n mostr\u00f3 un retroceso del <b>0,9%<\/b> interanual.<\/li>\n<li><b>Calzado y marroquiner\u00eda:<\/b> la ca\u00edda fue m\u00e1s moderada, del <b>0,8%<\/b> interanual.<\/li>\n<\/ul>\n<p>&nbsp;<\/p>\n<h3>Incertidumbre y expectativas<\/h3>\n<p>La situaci\u00f3n macroecon\u00f3mica del pa\u00eds se refleja directamente en la actividad de los comercios. Seg\u00fan la encuesta de CAME, el 55% de los comerciantes pymes consider\u00f3 que su situaci\u00f3n econ\u00f3mica se mantuvo estable en comparaci\u00f3n con el a\u00f1o pasado, mientras que un <b>35%<\/b> \u2014cinco puntos m\u00e1s que en julio\u2014 afirm\u00f3 que su negocio empeor\u00f3.<\/p>\n<p>De cara al futuro, el panorama es mixto. El 49% de los comerciantes encuestados expres\u00f3 que espera una mejora en la situaci\u00f3n econ\u00f3mica de su negocio para el pr\u00f3ximo a\u00f1o. Sin embargo, el porcentaje de quienes creen que la situaci\u00f3n empeorar\u00e1 tambi\u00e9n creci\u00f3, alcanzando el 9%, lo que refleja una creciente incertidumbre. La presi\u00f3n impositiva y las dificultades para acceder a financiamiento son los principales desaf\u00edos que los comerciantes pymes deben enfrentar en este contexto de consumo retra\u00eddo.<\/p>\n","protected":false},"excerpt":{"rendered":"<p>Las ventas minoristas en comercios pymes de Argentina registraron una ca\u00edda del 2,6% interanual en agosto, marcando el cuarto mes<\/p>\n","protected":false},"author":1,"featured_media":114288,"comment_status":"closed","ping_status":"closed","sticky":false,"template":"","format":"standard","meta":{"kia_subtitle":"Las ventas minoristas en comercios pymes cayeron 2,6% interanual en agosto. Es el cuarto mes de ca\u00edda consecutiva, con una mayor concentraci\u00f3n de compras en productos esenciales, usando promociones y planes de pago.","footnotes":"","jetpack_publicize_message":"","jetpack_publicize_feature_enabled":true,"jetpack_social_post_already_shared":true,"jetpack_social_options":{"image_generator_settings":{"template":"highway","default_image_id":0,"font":"","enabled":false},"version":2}},"categories":[3,41],"tags":[],"class_list":["post-119597","post","type-post","status-publish","format-standard","has-post-thumbnail","hentry","category-actualidad","category-nacionales"],"jetpack_publicize_connections":[],"jetpack_featured_media_url":"https:\/\/laurbedigital.com.ar\/noticias\/wp-content\/uploads\/2025\/03\/20250315-Liquidacion-por-cierre-consumo.jpg","_links":{"self":[{"href":"https:\/\/laurbedigital.com.ar\/noticias\/wp-json\/wp\/v2\/posts\/119597","targetHints":{"allow":["GET"]}}],"collection":[{"href":"https:\/\/laurbedigital.com.ar\/noticias\/wp-json\/wp\/v2\/posts"}],"about":[{"href":"https:\/\/laurbedigital.com.ar\/noticias\/wp-json\/wp\/v2\/types\/post"}],"author":[{"embeddable":true,"href":"https:\/\/laurbedigital.com.ar\/noticias\/wp-json\/wp\/v2\/users\/1"}],"replies":[{"embeddable":true,"href":"https:\/\/laurbedigital.com.ar\/noticias\/wp-json\/wp\/v2\/comments?post=119597"}],"version-history":[{"count":1,"href":"https:\/\/laurbedigital.com.ar\/noticias\/wp-json\/wp\/v2\/posts\/119597\/revisions"}],"predecessor-version":[{"id":119598,"href":"https:\/\/laurbedigital.com.ar\/noticias\/wp-json\/wp\/v2\/posts\/119597\/revisions\/119598"}],"wp:featuredmedia":[{"embeddable":true,"href":"https:\/\/laurbedigital.com.ar\/noticias\/wp-json\/wp\/v2\/media\/114288"}],"wp:attachment":[{"href":"https:\/\/laurbedigital.com.ar\/noticias\/wp-json\/wp\/v2\/media?parent=119597"}],"wp:term":[{"taxonomy":"category","embeddable":true,"href":"https:\/\/laurbedigital.com.ar\/noticias\/wp-json\/wp\/v2\/categories?post=119597"},{"taxonomy":"post_tag","embeddable":true,"href":"https:\/\/laurbedigital.com.ar\/noticias\/wp-json\/wp\/v2\/tags?post=119597"}],"curies":[{"name":"wp","href":"https:\/\/api.w.org\/{rel}","templated":true}]}}