{"id":119592,"date":"2025-09-11T04:28:19","date_gmt":"2025-09-11T07:28:19","guid":{"rendered":"https:\/\/laurbedigital.com.ar\/noticias\/?p=119592"},"modified":"2025-09-11T04:28:19","modified_gmt":"2025-09-11T07:28:19","slug":"lian-flores","status":"publish","type":"post","link":"https:\/\/laurbedigital.com.ar\/noticias\/2025\/09\/11\/lian-flores\/","title":{"rendered":"Pol\u00edgrafo y sospechas sobre vecinos: la b\u00fasqueda de Lian Flores sin resultados"},"content":{"rendered":"<p>La investigaci\u00f3n por la desaparici\u00f3n del ni\u00f1o Lian Flores, visto por \u00faltima vez en la provincia de C\u00f3rdoba el pasado 22 de febrero, sigue sin avances concretos ni pistas que permitan establecer su paradero. A m\u00e1s de seis meses del hecho, el caso se encuentra en un punto muerto, sin nuevos elementos probatorios que arrojen luz sobre lo que ocurri\u00f3.<\/p>\n<p>El abogado de la familia del menor, Dar\u00edo Baggini, afirm\u00f3 a los medios que \u201cno hay nada, lamentablemente no existe una pista concreta de Lian\u201d. Esta declaraci\u00f3n refleja la frustrante realidad que enfrenta la causa, donde la esperanza de encontrar al ni\u00f1o se desvanece con el paso del tiempo.<\/p>\n<h3>Investigaci\u00f3n sin resultados<\/h3>\n<p>Baggini calific\u00f3 la falta de avances como \u201cinentendible\u201d, considerando el tiempo transcurrido desde la desaparici\u00f3n. Seg\u00fan el letrado, a pesar de que tanto la fiscal\u00eda provincial como la federal contin\u00faan trabajando en el caso, las nuevas pruebas y elementos incorporados a la causa no han aportado resultados positivos. La situaci\u00f3n es cr\u00edtica y genera un profundo desconcierto en el entorno del menor.<\/p>\n<p>Desde el inicio de la investigaci\u00f3n, una de las principales l\u00edneas de investigaci\u00f3n ha sido la sospecha sobre los vecinos. Sin embargo, a pesar de las recurrentes especulaciones, Baggini subray\u00f3 que \u201cal no contar con indicios concretos, no se puede hacer nada\u201d. Esta falta de pruebas tangibles ha impedido profundizar en esa l\u00ednea y desviar los recursos hacia otros posibles escenarios.<\/p>\n<h3>El pol\u00edgrafo, una herramienta en pausa<\/h3>\n<p>En un intento por encontrar la verdad, la fiscal federal Virginia Miguel Carmona ha insistido en la aplicaci\u00f3n del pol\u00edgrafo. Este dispositivo, que analiza decenas de indicadores fisiol\u00f3gicos, podr\u00eda determinar si un testigo miente durante un interrogatorio. Su implementaci\u00f3n ser\u00eda una herramienta clave para obtener informaci\u00f3n veraz y desentra\u00f1ar los misterios del caso.<\/p>\n<p>Sin embargo, la utilizaci\u00f3n del pol\u00edgrafo se encuentra actualmente en pausa debido a cambios en las autoridades de Estados Unidos, que han obligado a reiniciar las gestiones para su uso. Este contratiempo t\u00e9cnico se suma a la lista de obst\u00e1culos que enfrenta la investigaci\u00f3n, ralentizando a\u00fan m\u00e1s el proceso y la posibilidad de obtener nuevas pistas.<\/p>\n<h3>La incansable b\u00fasqueda de los padres<\/h3>\n<p>Mientras la investigaci\u00f3n oficial se estanca, los padres de Lian Flores contin\u00faan con su incansable b\u00fasqueda. Seg\u00fan Baggini, la pareja est\u00e1 \u201cdestruida\u201d por la situaci\u00f3n, pero no pierde las esperanzas de encontrar a su hijo. El abogado destac\u00f3 que los padres se mantienen activos, visitando el estudio, consultando novedades en las fiscal\u00edas y proponiendo nuevas pruebas para mantener viva la causa.<\/p>\n<p>\u201cEs todo un tema y ellos siguen con fuerzas en encontrarlo\u201d, concluy\u00f3 Baggini. Esta constante b\u00fasqueda y el dolor de la familia reflejan la desesperaci\u00f3n de un entorno que no se resigna a la falta de respuestas. El caso de Lian Flores se ha convertido en un emblema de la fragilidad de las investigaciones por desaparici\u00f3n, donde cada d\u00eda sin avances se siente como una eternidad para la familia.<\/p>\n","protected":false},"excerpt":{"rendered":"<p>La investigaci\u00f3n por la desaparici\u00f3n del ni\u00f1o Lian Flores, visto por \u00faltima vez en la provincia de C\u00f3rdoba el pasado<\/p>\n","protected":false},"author":1,"featured_media":115402,"comment_status":"closed","ping_status":"closed","sticky":false,"template":"","format":"standard","meta":{"kia_subtitle":"La investigaci\u00f3n por la desaparici\u00f3n del ni\u00f1o Lian Flores, visto por \u00faltima vez el 22 de febrero, contin\u00faa estancada. La defensa mantiene la sospecha sobre los vecinos del menor, pero los indicios para sostener la acusaci\u00f3n son nulos.","footnotes":"","jetpack_publicize_message":"","jetpack_publicize_feature_enabled":true,"jetpack_social_post_already_shared":true,"jetpack_social_options":{"image_generator_settings":{"template":"highway","default_image_id":0,"font":"","enabled":false},"version":2}},"categories":[8],"tags":[],"class_list":["post-119592","post","type-post","status-publish","format-standard","has-post-thumbnail","hentry","category-policiales"],"jetpack_publicize_connections":[],"jetpack_featured_media_url":"https:\/\/laurbedigital.com.ar\/noticias\/wp-content\/uploads\/2025\/04\/20250424-Lian.jpg","_links":{"self":[{"href":"https:\/\/laurbedigital.com.ar\/noticias\/wp-json\/wp\/v2\/posts\/119592","targetHints":{"allow":["GET"]}}],"collection":[{"href":"https:\/\/laurbedigital.com.ar\/noticias\/wp-json\/wp\/v2\/posts"}],"about":[{"href":"https:\/\/laurbedigital.com.ar\/noticias\/wp-json\/wp\/v2\/types\/post"}],"author":[{"embeddable":true,"href":"https:\/\/laurbedigital.com.ar\/noticias\/wp-json\/wp\/v2\/users\/1"}],"replies":[{"embeddable":true,"href":"https:\/\/laurbedigital.com.ar\/noticias\/wp-json\/wp\/v2\/comments?post=119592"}],"version-history":[{"count":1,"href":"https:\/\/laurbedigital.com.ar\/noticias\/wp-json\/wp\/v2\/posts\/119592\/revisions"}],"predecessor-version":[{"id":119593,"href":"https:\/\/laurbedigital.com.ar\/noticias\/wp-json\/wp\/v2\/posts\/119592\/revisions\/119593"}],"wp:featuredmedia":[{"embeddable":true,"href":"https:\/\/laurbedigital.com.ar\/noticias\/wp-json\/wp\/v2\/media\/115402"}],"wp:attachment":[{"href":"https:\/\/laurbedigital.com.ar\/noticias\/wp-json\/wp\/v2\/media?parent=119592"}],"wp:term":[{"taxonomy":"category","embeddable":true,"href":"https:\/\/laurbedigital.com.ar\/noticias\/wp-json\/wp\/v2\/categories?post=119592"},{"taxonomy":"post_tag","embeddable":true,"href":"https:\/\/laurbedigital.com.ar\/noticias\/wp-json\/wp\/v2\/tags?post=119592"}],"curies":[{"name":"wp","href":"https:\/\/api.w.org\/{rel}","templated":true}]}}